{"id":35451,"date":"2023-09-30T11:46:57","date_gmt":"2023-09-30T14:46:57","guid":{"rendered":"https:\/\/radiorevelacionfm.cl\/?p=35451"},"modified":"2023-09-30T11:46:57","modified_gmt":"2023-09-30T14:46:57","slug":"aprueban-recursos-para-pavimentos-participativos-y-adquisicion-de-maquinaria-de-mantencion-para-rutas-y-caminos","status":"publish","type":"post","link":"https:\/\/radiorevelacionfm.cl\/?p=35451","title":{"rendered":"Aprueban recursos para Pavimentos Participativos y adquisici\u00f3n de maquinaria de mantenci\u00f3n para rutas y caminos"},"content":{"rendered":"<div class=\"flex_column av_one_full  flex_column_div av-zero-column-padding first  avia-builder-el-0  el_before_av_one_full  avia-builder-el-first  \" style='border-radius:0px; '><div  class='avia-image-container  av-styling-    avia-builder-el-1  avia-builder-el-no-sibling  avia-align-center '  itemprop=\"image\" itemscope=\"itemscope\" itemtype=\"https:\/\/schema.org\/ImageObject\"  ><div class='avia-image-container-inner'><div class='avia-image-overlay-wrap'><img decoding=\"async\" class='wp-image-35452 avia-img-lazy-loading-not-35452 avia_image' src=\"https:\/\/radiorevelacionfm.cl\/wp-content\/uploads\/2023\/09\/img-20230928-wa0010-1-1_optimized.jpg\" alt='' title='img-20230928-wa0010-(1)-(1)_optimized' height=\"600\" width=\"1069\"  itemprop=\"thumbnailUrl\" srcset=\"https:\/\/radiorevelacionfm.cl\/wp-content\/uploads\/2023\/09\/img-20230928-wa0010-1-1_optimized.jpg 1069w, https:\/\/radiorevelacionfm.cl\/wp-content\/uploads\/2023\/09\/img-20230928-wa0010-1-1_optimized-300x168.jpg 300w, https:\/\/radiorevelacionfm.cl\/wp-content\/uploads\/2023\/09\/img-20230928-wa0010-1-1_optimized-1030x578.jpg 1030w, https:\/\/radiorevelacionfm.cl\/wp-content\/uploads\/2023\/09\/img-20230928-wa0010-1-1_optimized-768x431.jpg 768w, https:\/\/radiorevelacionfm.cl\/wp-content\/uploads\/2023\/09\/img-20230928-wa0010-1-1_optimized-705x396.jpg 705w, https:\/\/radiorevelacionfm.cl\/wp-content\/uploads\/2023\/09\/img-20230928-wa0010-1-1_optimized-450x253.jpg 450w, https:\/\/radiorevelacionfm.cl\/wp-content\/uploads\/2023\/09\/img-20230928-wa0010-1-1_optimized-600x337.jpg 600w\" sizes=\"(max-width: 1069px) 100vw, 1069px\" \/><\/div><\/div><\/div><\/div><div class=\"flex_column av_one_full  flex_column_div av-zero-column-padding first  avia-builder-el-2  el_after_av_one_full  el_before_av_one_full  column-top-margin\" style='border-radius:0px; '><section class=\"av_textblock_section \"  itemscope=\"itemscope\" itemtype=\"https:\/\/schema.org\/BlogPosting\" itemprop=\"blogPost\" ><div class='avia_textblock  '   itemprop=\"text\" ><p style=\"text-align: center;\"><strong><span style=\"font-size: 18pt;\">Aprueban recursos para Pavimentos Participativos y adquisici\u00f3n de maquinaria de mantenci\u00f3n para rutas y caminos<\/span><\/strong><\/p>\n<div id=\"gtx-trans\" style=\"position: absolute; left: -50px; top: 4.31534px;\">\n<div class=\"gtx-trans-icon\"><\/div>\n<\/div>\n<\/div><\/section><\/div><div class=\"flex_column av_one_full  flex_column_div av-zero-column-padding first  avia-builder-el-4  el_after_av_one_full  el_before_av_hr  column-top-margin\" style='border-radius:0px; '><section class=\"av_textblock_section \"  itemscope=\"itemscope\" itemtype=\"https:\/\/schema.org\/BlogPosting\" itemprop=\"blogPost\" ><div class='avia_textblock  '   itemprop=\"text\" ><p style=\"text-align: justify;\">Este mi\u00e9rcoles se desarroll\u00f3 una nueva sesi\u00f3n plenaria del Consejo Regional de Ays\u00e9n que preside la Gobernadora Andrea Mac\u00edas Palma, donde se destac\u00f3 la aprobaci\u00f3n de la transferencia de recursos para el programa de Pavimentaci\u00f3n Participativa que realiza el Servicio de Vivienda y Urbanismo.<\/p>\n<p style=\"text-align: justify;\">Seg\u00fan explic\u00f3 la Consejera Paula Acu\u00f1a la aprobaci\u00f3n fue un\u00e1nime en el cuerpo colegiado, asign\u00e1ndole casi 3.800 millones de pesos al Serviu, que destinar\u00e1 estos recursos a distintos municipios de la Regi\u00f3n.<\/p>\n<p style=\"text-align: justify;\">\u201cEsto viene a mejorar las condiciones de vida de los distintos habitantes de la comuna, pero por sobre todo para los consejeros y consejeras es muy importante el aspecto de la reactivaci\u00f3n econ\u00f3mica. Entendemos que las familias de Ays\u00e9n no lo est\u00e1n pasando bien y tambi\u00e9n esto viene a aumentar la mano de obra local, as\u00ed que estamos bien contentos\u201d, afirm\u00f3.<\/p>\n<p style=\"text-align: justify;\">En esto coincidi\u00f3 la Gobernadora Regional Andrea Mac\u00edas quien explic\u00f3 que inicialmente no se contaba con la disponibilidad presupuestaria suficiente para cubrir el programa: \u201ccomprometimos un monto menor, sin embargo hoy d\u00eda dada la situaci\u00f3n presupuestaria se vuelve posible financiar la totalidad que hicieron los alcaldes de las comunas beneficiadas\u201d.<\/p>\n<p style=\"text-align: justify;\">Por otra parte, el Consejo Regional tambi\u00e9n aprob\u00f3 una modificaci\u00f3n al convenio de programaci\u00f3n del Gore con el Ministerio de Obras P\u00fablicas, el que mantiene la colaboraci\u00f3n entre el sector y la autoridad regional para la pavimentaci\u00f3n de la Ruta 7.<\/p>\n<p style=\"text-align: justify;\">Ahora, a los tramos en el sur de la Carretera Austral comprometidos por el Gobierno Regional se suma la adquisici\u00f3n de maquinaria por alrededor de $5.700 millones para realizar labores de mantenimiento en la ruta, pero tambi\u00e9n en caminos intraprovinciales y rurales.<\/p>\n<p style=\"text-align: justify;\">\u201cEl grueso de la red vial son caminos de ripio, entonces al d\u00eda de hoy lo que hacemos es reponer las maquinarias que tienen bastante obsoletas al d\u00eda de hoy en el ministerio de Obras P\u00fablicas, con recursos del Gobierno Regional para que sean operadas por el ministerio de Obras P\u00fablicas y quienes transitan por los distintos caminos de nuestra regi\u00f3n, no solo la ruta 7, tambi\u00e9n los caminos de los interiores y del campo, lo puedan hacer de forma segura\u201d, asegur\u00f3 el Consejero Ra\u00fal Rudolphi.<\/p>\n<p style=\"text-align: justify;\">Finalmente, y entre otros temas, se aprob\u00f3 continuar con la tramitaci\u00f3n de cinco concesiones de uso gratuito de inmuebles fiscales de distintas instituciones regionales con Bienes Nacionales.<\/p>\n<p style=\"text-align: justify;\">Entre estas se encuentran la Ilustre Municipalidad de Coyhaique, donde vamos a poder contar con un espacio que va a tener un parque en el sector El Mate, disponible para la comunidad.<\/p>\n<p style=\"text-align: justify;\">En Cochrane tambi\u00e9n se ha regularizado en el sector Vertedero-Chacras un terreno fiscal que pasa al municipio para poder desarrollar diversas actividades. En Puerto Ays\u00e9n se ha extendido el uso de un terreno fiscal en conjunto al compromiso de construcci\u00f3n de una nueva infraestructura para el funcionamiento del Servicio de Registro Civil e Identificaci\u00f3n, el que \u201crequieren de manera urgente poder tener la infraestructura necesaria para poder prestar el servicio que hacen a la comunidad\u201d, explic\u00f3 la Gobernadora.<\/p>\n<p style=\"text-align: justify;\">Finalmente tambi\u00e9n tramitaron una solicitud a corto plazo en Cisnes y en Lago Verde, en Villa la Tapera donde van a poder dar continuidad al uso del espacio donde actualmente est\u00e1 la compa\u00f1\u00eda de Bomberos de esa localidad.<\/p>\n<p style=\"text-align: justify;\"><strong>\u00a0<\/strong><\/p>\n<\/div><\/section><\/div><div  style='height:50px' class='hr hr-invisible   avia-builder-el-6  el_after_av_one_full  el_before_av_social_share '><span class='hr-inner ' ><span class='hr-inner-style'><\/span><\/span><\/div><\/p>\n<div  class='av-social-sharing-box  avia-builder-el-7  el_after_av_hr  el_before_av_hr  '><div class='av-share-box'><h5 class='av-share-link-description av-no-toc '>Compartir esta noticia<\/h5><ul class='av-share-box-list noLightbox'><li class='av-share-link av-social-link-facebook' ><a target=\"_blank\" aria-label=\"Compartir en Facebook\" href='https:\/\/www.facebook.com\/sharer.php?u=https:\/\/radiorevelacionfm.cl\/?p=35451&#038;t=Aprueban%20recursos%20para%20Pavimentos%20Participativos%20y%20adquisici%C3%B3n%20de%20maquinaria%20de%20mantenci%C3%B3n%20para%20rutas%20y%20caminos' aria-hidden='false' data-av_icon='\ue8f3' data-av_iconfont='entypo-fontello' title='' data-avia-related-tooltip='Compartir en Facebook' rel=\"noopener\"><span class='avia_hidden_link_text'>Compartir en Facebook<\/span><\/a><\/li><li class='av-share-link av-social-link-twitter' ><a target=\"_blank\" aria-label=\"Compartir en Twitter\" href='https:\/\/twitter.com\/share?text=Aprueban%20recursos%20para%20Pavimentos%20Participativos%20y%20adquisici%C3%B3n%20de%20maquinaria%20de%20mantenci%C3%B3n%20para%20rutas%20y%20caminos&#038;url=https:\/\/radiorevelacionfm.cl\/?p=35451' aria-hidden='false' data-av_icon='\ue8f1' data-av_iconfont='entypo-fontello' title='' data-avia-related-tooltip='Compartir en Twitter' rel=\"noopener\"><span class='avia_hidden_link_text'>Compartir en Twitter<\/span><\/a><\/li><li class='av-share-link av-social-link-whatsapp' ><a target=\"_blank\" aria-label=\"Compartir en Whatsapp\" href='https:\/\/api.whatsapp.com\/send?text=https:\/\/radiorevelacionfm.cl\/?p=35451' aria-hidden='false' data-av_icon='\uf232' data-av_iconfont='entypo-fontello' title='' data-avia-related-tooltip='Compartir en Whatsapp' rel=\"noopener\"><span class='avia_hidden_link_text'>Compartir en Whatsapp<\/span><\/a><\/li><li class='av-share-link av-social-link-linkedin' ><a target=\"_blank\" aria-label=\"Compartir en LinkedIn\" href='https:\/\/linkedin.com\/shareArticle?mini=true&#038;title=Aprueban%20recursos%20para%20Pavimentos%20Participativos%20y%20adquisici%C3%B3n%20de%20maquinaria%20de%20mantenci%C3%B3n%20para%20rutas%20y%20caminos&#038;url=https:\/\/radiorevelacionfm.cl\/?p=35451' aria-hidden='false' data-av_icon='\ue8fc' data-av_iconfont='entypo-fontello' title='' data-avia-related-tooltip='Compartir en LinkedIn' rel=\"noopener\"><span class='avia_hidden_link_text'>Compartir en LinkedIn<\/span><\/a><\/li><li class='av-share-link av-social-link-mail' ><a  aria-label=\"Compartir por correo\" href='mailto:?subject=Aprueban%20recursos%20para%20Pavimentos%20Participativos%20y%20adquisici%C3%B3n%20de%20maquinaria%20de%20mantenci%C3%B3n%20para%20rutas%20y%20caminos&#038;body=https:\/\/radiorevelacionfm.cl\/?p=35451' aria-hidden='false' data-av_icon='\ue805' data-av_iconfont='entypo-fontello' title='' data-avia-related-tooltip='Compartir por correo'><span class='avia_hidden_link_text'>Compartir por correo<\/span><\/a><\/li><\/ul><\/div><\/div>\n<div  style='height:50px' class='hr hr-invisible   avia-builder-el-8  el_after_av_social_share  el_before_av_comments_list '><span class='hr-inner ' ><span class='hr-inner-style'><\/span><\/span><\/div>\n<div  class='av-buildercomment  av-blog-meta-html-info-disabled av-blog-meta-tag-disabled  '><\/div>\n","protected":false},"excerpt":{"rendered":"","protected":false},"author":1,"featured_media":35452,"comment_status":"open","ping_status":"open","sticky":false,"template":"","format":"standard","meta":{"footnotes":""},"categories":[38],"tags":[],"class_list":["post-35451","post","type-post","status-publish","format-standard","has-post-thumbnail","hentry","category-regional"],"jetpack_featured_media_url":"https:\/\/radiorevelacionfm.cl\/wp-content\/uploads\/2023\/09\/img-20230928-wa0010-1-1_optimized.jpg","_links":{"self":[{"href":"https:\/\/radiorevelacionfm.cl\/index.php?rest_route=\/wp\/v2\/posts\/35451","targetHints":{"allow":["GET"]}}],"collection":[{"href":"https:\/\/radiorevelacionfm.cl\/index.php?rest_route=\/wp\/v2\/posts"}],"about":[{"href":"https:\/\/radiorevelacionfm.cl\/index.php?rest_route=\/wp\/v2\/types\/post"}],"author":[{"embeddable":true,"href":"https:\/\/radiorevelacionfm.cl\/index.php?rest_route=\/wp\/v2\/users\/1"}],"replies":[{"embeddable":true,"href":"https:\/\/radiorevelacionfm.cl\/index.php?rest_route=%2Fwp%2Fv2%2Fcomments&post=35451"}],"version-history":[{"count":1,"href":"https:\/\/radiorevelacionfm.cl\/index.php?rest_route=\/wp\/v2\/posts\/35451\/revisions"}],"predecessor-version":[{"id":35453,"href":"https:\/\/radiorevelacionfm.cl\/index.php?rest_route=\/wp\/v2\/posts\/35451\/revisions\/35453"}],"wp:featuredmedia":[{"embeddable":true,"href":"https:\/\/radiorevelacionfm.cl\/index.php?rest_route=\/wp\/v2\/media\/35452"}],"wp:attachment":[{"href":"https:\/\/radiorevelacionfm.cl\/index.php?rest_route=%2Fwp%2Fv2%2Fmedia&parent=35451"}],"wp:term":[{"taxonomy":"category","embeddable":true,"href":"https:\/\/radiorevelacionfm.cl\/index.php?rest_route=%2Fwp%2Fv2%2Fcategories&post=35451"},{"taxonomy":"post_tag","embeddable":true,"href":"https:\/\/radiorevelacionfm.cl\/index.php?rest_route=%2Fwp%2Fv2%2Ftags&post=35451"}],"curies":[{"name":"wp","href":"https:\/\/api.w.org\/{rel}","templated":true}]}}