{"id":35448,"date":"2023-09-28T22:11:31","date_gmt":"2023-09-29T01:11:31","guid":{"rendered":"https:\/\/radiorevelacionfm.cl\/?p=35448"},"modified":"2023-09-28T22:11:31","modified_gmt":"2023-09-29T01:11:31","slug":"gobierno-regional-financia-infraestructura-para-deportes-emprendimiento-y-bodegas-en-ohiggins","status":"publish","type":"post","link":"https:\/\/radiorevelacionfm.cl\/?p=35448","title":{"rendered":"Gobierno Regional financia infraestructura para deportes, emprendimiento y bodegas en O\u2019Higgins"},"content":{"rendered":"<div class=\"flex_column av_one_full  flex_column_div av-zero-column-padding first  avia-builder-el-0  el_before_av_one_full  avia-builder-el-first  \" style='border-radius:0px; '><div  class='avia-image-container  av-styling-    avia-builder-el-1  avia-builder-el-no-sibling  avia-align-center '  itemprop=\"image\" itemscope=\"itemscope\" itemtype=\"https:\/\/schema.org\/ImageObject\"  ><div class='avia-image-container-inner'><div class='avia-image-overlay-wrap'><img decoding=\"async\" class='wp-image-35449 avia-img-lazy-loading-not-35449 avia_image' src=\"https:\/\/radiorevelacionfm.cl\/wp-content\/uploads\/2023\/09\/img-20230928-wa0009-1-1_optimized-1.jpg\" alt='' title='img-20230928-wa0009-(1)-(1)_optimized (1)' height=\"600\" width=\"987\"  itemprop=\"thumbnailUrl\" srcset=\"https:\/\/radiorevelacionfm.cl\/wp-content\/uploads\/2023\/09\/img-20230928-wa0009-1-1_optimized-1.jpg 987w, https:\/\/radiorevelacionfm.cl\/wp-content\/uploads\/2023\/09\/img-20230928-wa0009-1-1_optimized-1-300x182.jpg 300w, https:\/\/radiorevelacionfm.cl\/wp-content\/uploads\/2023\/09\/img-20230928-wa0009-1-1_optimized-1-768x467.jpg 768w, https:\/\/radiorevelacionfm.cl\/wp-content\/uploads\/2023\/09\/img-20230928-wa0009-1-1_optimized-1-705x429.jpg 705w, https:\/\/radiorevelacionfm.cl\/wp-content\/uploads\/2023\/09\/img-20230928-wa0009-1-1_optimized-1-450x274.jpg 450w, https:\/\/radiorevelacionfm.cl\/wp-content\/uploads\/2023\/09\/img-20230928-wa0009-1-1_optimized-1-600x365.jpg 600w\" sizes=\"(max-width: 987px) 100vw, 987px\" \/><\/div><\/div><\/div><\/div><div class=\"flex_column av_one_full  flex_column_div av-zero-column-padding first  avia-builder-el-2  el_after_av_one_full  el_before_av_one_full  column-top-margin\" style='border-radius:0px; '><section class=\"av_textblock_section \"  itemscope=\"itemscope\" itemtype=\"https:\/\/schema.org\/BlogPosting\" itemprop=\"blogPost\" ><div class='avia_textblock  '   itemprop=\"text\" ><p style=\"text-align: center;\"><span style=\"font-size: 18pt;\"><strong>Gobierno Regional financia infraestructura para deportes, emprendimiento y bodegas en O\u2019Higgins<\/strong><\/span><\/p>\n<div id=\"gtx-trans\" style=\"position: absolute; left: -50px; top: 4.31534px;\">\n<div class=\"gtx-trans-icon\"><\/div>\n<\/div>\n<\/div><\/section><\/div><div class=\"flex_column av_one_full  flex_column_div av-zero-column-padding first  avia-builder-el-4  el_after_av_one_full  el_before_av_hr  column-top-margin\" style='border-radius:0px; '><section class=\"av_textblock_section \"  itemscope=\"itemscope\" itemtype=\"https:\/\/schema.org\/BlogPosting\" itemprop=\"blogPost\" ><div class='avia_textblock  '   itemprop=\"text\" ><p style=\"text-align: justify;\">La Gobernadora Regional de Ays\u00e9n Andrea Mac\u00edas Palma y el alcalde de O\u2019Higgins Jos\u00e9 Fica G\u00f3mez firmaron esta semana tres convenios de transferencia de recursos, mediante los cuales el Gore Ays\u00e9n financiar\u00e1 importantes proyectos para la comuna m\u00e1s austral de la Regi\u00f3n.<\/p>\n<p style=\"text-align: justify;\">Las tres iniciativas son financiadas a trav\u00e9s del Fondo Regional de Iniciativa Local (FRIL), el cual permite al Gobierno Regional y su Consejo identificar y resolver problem\u00e1ticas relacionadas con infraestructura y equipamiento en los municipios.<\/p>\n<p style=\"text-align: justify;\">\u201cPor primera vez en la historia de la comuna los FRIL est\u00e1n llegando de una manera que impacta mucho m\u00e1s fuerte. Son cerca de 600 millones de pesos en estas tres iniciativas que a nosotros nos llenan de orgullo y de felicidad porque siempre hemos dicho que nuestros socios estrat\u00e9gicos son los municipios y con este tipo de iniciativas queda demostrado\u201d, afirm\u00f3 la Gobernadora.<\/p>\n<p style=\"text-align: justify;\">Seg\u00fan Mac\u00edas Palma estas iniciativas generan al mismo tiempo mano de obra en la ejecuci\u00f3n de los proyectos y \u201cmayor dignidad para las personas que viven en esta hermosa pero tan alejada comuna como es O\u2019Higgins\u201d.<\/p>\n<p style=\"text-align: justify;\">Por su parte, el alcalde Jos\u00e9 Fica G\u00f3mez agradeci\u00f3 la gesti\u00f3n de la Gobernadora Mac\u00edas y su Consejo ya que \u201cpor fin miran a las comunas no por la cantidad de personas, sino que en beneficio de todos para ir haciendo un poco m\u00e1s llevadera la vida en estos lugares\u201d.<\/p>\n<p style=\"text-align: justify;\">Asimismo el edil detall\u00f3 que el primero de los proyectos, una sala de acondicionamiento f\u00edsico que \u201cactualmente funciona pero en condiciones muy desfavorables para la gente\u201d, podr\u00e1 ser mejorada con servicios higi\u00e9nicos inclusivos y salas para la atenci\u00f3n de kinesiolog\u00eda.<\/p>\n<p style=\"text-align: justify;\">Adem\u00e1s, en el Centro de Actividades T\u00edpicas de Villa O\u00b4Higgins se habilitar\u00e1n salas de ventas aprovechando que ah\u00ed se realizan todo tipo de eventos culturales y recreativos, por lo que \u201cesto favorece a nuestra gente emprendedora que coloca sus puestos y venden diferentes tipos de productos\u201d, expres\u00f3 Fica.<\/p>\n<p style=\"text-align: justify;\">Finalmente, el alcalde valor\u00f3 el tercer convenio, que ofrece financiamiento para una bodega de almacenamiento de maquinaria, equipos y archivos, \u201cque es fundamental para el municipio que actualmente no tiene una bodega adecuada para guardar estos elementos\u201d.<\/p>\n<p style=\"text-align: justify;\">Tambi\u00e9n el Consejero Regional por la Provincia de Capit\u00e1n Prat, V\u00edctor Escobar Mardones, valor\u00f3 la firma ya que \u201cestamos medios apretados en lo que es fuentes laborales y esto va a ayudar mucho para que a trav\u00e9s de los FRIL, estos fondos que entrega el Gobierno Regional y que son representativos de las necesidades de las comunidades vengan a ayudar a toda la familia de Villa O\u2019Higgins\u201d.<\/p>\n<\/div><\/section><\/div><div  style='height:50px' class='hr hr-invisible   avia-builder-el-6  el_after_av_one_full  el_before_av_social_share '><span class='hr-inner ' ><span class='hr-inner-style'><\/span><\/span><\/div><\/p>\n<div  class='av-social-sharing-box  avia-builder-el-7  el_after_av_hr  el_before_av_hr  '><div class='av-share-box'><h5 class='av-share-link-description av-no-toc '>Compartir esta noticia<\/h5><ul class='av-share-box-list noLightbox'><li class='av-share-link av-social-link-facebook' ><a target=\"_blank\" aria-label=\"Compartir en Facebook\" href='https:\/\/www.facebook.com\/sharer.php?u=https:\/\/radiorevelacionfm.cl\/?p=35448&#038;t=Gobierno%20Regional%20financia%20infraestructura%20para%20deportes%2C%20emprendimiento%20y%20bodegas%20en%20O%E2%80%99Higgins' aria-hidden='false' data-av_icon='\ue8f3' data-av_iconfont='entypo-fontello' title='' data-avia-related-tooltip='Compartir en Facebook' rel=\"noopener\"><span class='avia_hidden_link_text'>Compartir en Facebook<\/span><\/a><\/li><li class='av-share-link av-social-link-twitter' ><a target=\"_blank\" aria-label=\"Compartir en Twitter\" href='https:\/\/twitter.com\/share?text=Gobierno%20Regional%20financia%20infraestructura%20para%20deportes%2C%20emprendimiento%20y%20bodegas%20en%20O%E2%80%99Higgins&#038;url=https:\/\/radiorevelacionfm.cl\/?p=35448' aria-hidden='false' data-av_icon='\ue8f1' data-av_iconfont='entypo-fontello' title='' data-avia-related-tooltip='Compartir en Twitter' rel=\"noopener\"><span class='avia_hidden_link_text'>Compartir en Twitter<\/span><\/a><\/li><li class='av-share-link av-social-link-whatsapp' ><a target=\"_blank\" aria-label=\"Compartir en Whatsapp\" href='https:\/\/api.whatsapp.com\/send?text=https:\/\/radiorevelacionfm.cl\/?p=35448' aria-hidden='false' data-av_icon='\uf232' data-av_iconfont='entypo-fontello' title='' data-avia-related-tooltip='Compartir en Whatsapp' rel=\"noopener\"><span class='avia_hidden_link_text'>Compartir en Whatsapp<\/span><\/a><\/li><li class='av-share-link av-social-link-linkedin' ><a target=\"_blank\" aria-label=\"Compartir en LinkedIn\" href='https:\/\/linkedin.com\/shareArticle?mini=true&#038;title=Gobierno%20Regional%20financia%20infraestructura%20para%20deportes%2C%20emprendimiento%20y%20bodegas%20en%20O%E2%80%99Higgins&#038;url=https:\/\/radiorevelacionfm.cl\/?p=35448' aria-hidden='false' data-av_icon='\ue8fc' data-av_iconfont='entypo-fontello' title='' data-avia-related-tooltip='Compartir en LinkedIn' rel=\"noopener\"><span class='avia_hidden_link_text'>Compartir en LinkedIn<\/span><\/a><\/li><li class='av-share-link av-social-link-mail' ><a  aria-label=\"Compartir por correo\" href='mailto:?subject=Gobierno%20Regional%20financia%20infraestructura%20para%20deportes%2C%20emprendimiento%20y%20bodegas%20en%20O%E2%80%99Higgins&#038;body=https:\/\/radiorevelacionfm.cl\/?p=35448' aria-hidden='false' data-av_icon='\ue805' data-av_iconfont='entypo-fontello' title='' data-avia-related-tooltip='Compartir por correo'><span class='avia_hidden_link_text'>Compartir por correo<\/span><\/a><\/li><\/ul><\/div><\/div>\n<div  style='height:50px' class='hr hr-invisible   avia-builder-el-8  el_after_av_social_share  el_before_av_comments_list '><span class='hr-inner ' ><span class='hr-inner-style'><\/span><\/span><\/div>\n<div  class='av-buildercomment  av-blog-meta-html-info-disabled av-blog-meta-tag-disabled  '><\/div>\n","protected":false},"excerpt":{"rendered":"","protected":false},"author":1,"featured_media":35449,"comment_status":"open","ping_status":"open","sticky":false,"template":"","format":"standard","meta":{"footnotes":""},"categories":[38],"tags":[],"class_list":["post-35448","post","type-post","status-publish","format-standard","has-post-thumbnail","hentry","category-regional"],"jetpack_featured_media_url":"https:\/\/radiorevelacionfm.cl\/wp-content\/uploads\/2023\/09\/img-20230928-wa0009-1-1_optimized-1.jpg","_links":{"self":[{"href":"https:\/\/radiorevelacionfm.cl\/index.php?rest_route=\/wp\/v2\/posts\/35448","targetHints":{"allow":["GET"]}}],"collection":[{"href":"https:\/\/radiorevelacionfm.cl\/index.php?rest_route=\/wp\/v2\/posts"}],"about":[{"href":"https:\/\/radiorevelacionfm.cl\/index.php?rest_route=\/wp\/v2\/types\/post"}],"author":[{"embeddable":true,"href":"https:\/\/radiorevelacionfm.cl\/index.php?rest_route=\/wp\/v2\/users\/1"}],"replies":[{"embeddable":true,"href":"https:\/\/radiorevelacionfm.cl\/index.php?rest_route=%2Fwp%2Fv2%2Fcomments&post=35448"}],"version-history":[{"count":1,"href":"https:\/\/radiorevelacionfm.cl\/index.php?rest_route=\/wp\/v2\/posts\/35448\/revisions"}],"predecessor-version":[{"id":35450,"href":"https:\/\/radiorevelacionfm.cl\/index.php?rest_route=\/wp\/v2\/posts\/35448\/revisions\/35450"}],"wp:featuredmedia":[{"embeddable":true,"href":"https:\/\/radiorevelacionfm.cl\/index.php?rest_route=\/wp\/v2\/media\/35449"}],"wp:attachment":[{"href":"https:\/\/radiorevelacionfm.cl\/index.php?rest_route=%2Fwp%2Fv2%2Fmedia&parent=35448"}],"wp:term":[{"taxonomy":"category","embeddable":true,"href":"https:\/\/radiorevelacionfm.cl\/index.php?rest_route=%2Fwp%2Fv2%2Fcategories&post=35448"},{"taxonomy":"post_tag","embeddable":true,"href":"https:\/\/radiorevelacionfm.cl\/index.php?rest_route=%2Fwp%2Fv2%2Ftags&post=35448"}],"curies":[{"name":"wp","href":"https:\/\/api.w.org\/{rel}","templated":true}]}}