{"id":35436,"date":"2023-09-29T09:54:50","date_gmt":"2023-09-29T12:54:50","guid":{"rendered":"https:\/\/radiorevelacionfm.cl\/?p=35436"},"modified":"2023-09-29T09:54:50","modified_gmt":"2023-09-29T12:54:50","slug":"senadora-ordenes-y-alerta-sanitaria-por-cancer-en-chile-hay-mas-de-15-mil-garantias-oncologicas-retrasadas","status":"publish","type":"post","link":"https:\/\/radiorevelacionfm.cl\/?p=35436","title":{"rendered":"Senadora \u00d3rdenes y alerta sanitaria por c\u00e1ncer en Chile: \u201cHay m\u00e1s de 15 mil garant\u00edas oncol\u00f3gicas retrasadas\u201d"},"content":{"rendered":"<div class=\"flex_column av_one_full  flex_column_div av-zero-column-padding first  avia-builder-el-0  el_before_av_one_full  avia-builder-el-first  \" style='border-radius:0px; '><div  class='avia-image-container  av-styling-    avia-builder-el-1  avia-builder-el-no-sibling  avia-align-center '  itemprop=\"image\" itemscope=\"itemscope\" itemtype=\"https:\/\/schema.org\/ImageObject\"  ><div class='avia-image-container-inner'><div class='avia-image-overlay-wrap'><img decoding=\"async\" class='wp-image-35437 avia-img-lazy-loading-not-35437 avia_image' src=\"https:\/\/radiorevelacionfm.cl\/wp-content\/uploads\/2023\/09\/FOTO-4-3-1-1-Senadora.jpeg\" alt='' title='FOTO #4 (3) (1) (1) Senadora' height=\"600\" width=\"901\"  itemprop=\"thumbnailUrl\" srcset=\"https:\/\/radiorevelacionfm.cl\/wp-content\/uploads\/2023\/09\/FOTO-4-3-1-1-Senadora.jpeg 901w, https:\/\/radiorevelacionfm.cl\/wp-content\/uploads\/2023\/09\/FOTO-4-3-1-1-Senadora-300x200.jpeg 300w, https:\/\/radiorevelacionfm.cl\/wp-content\/uploads\/2023\/09\/FOTO-4-3-1-1-Senadora-768x511.jpeg 768w, https:\/\/radiorevelacionfm.cl\/wp-content\/uploads\/2023\/09\/FOTO-4-3-1-1-Senadora-705x469.jpeg 705w, https:\/\/radiorevelacionfm.cl\/wp-content\/uploads\/2023\/09\/FOTO-4-3-1-1-Senadora-450x300.jpeg 450w, https:\/\/radiorevelacionfm.cl\/wp-content\/uploads\/2023\/09\/FOTO-4-3-1-1-Senadora-600x400.jpeg 600w\" sizes=\"(max-width: 901px) 100vw, 901px\" \/><\/div><\/div><\/div><\/div><div class=\"flex_column av_one_full  flex_column_div av-zero-column-padding first  avia-builder-el-2  el_after_av_one_full  el_before_av_one_full  column-top-margin\" style='border-radius:0px; '><section class=\"av_textblock_section \"  itemscope=\"itemscope\" itemtype=\"https:\/\/schema.org\/BlogPosting\" itemprop=\"blogPost\" ><div class='avia_textblock  '   itemprop=\"text\" ><p style=\"text-align: center;\"><strong><span style=\"font-size: 18pt;\">Senadora \u00d3rdenes y alerta sanitaria por c\u00e1ncer en Chile: \u201cHay m\u00e1s de 15 mil garant\u00edas oncol\u00f3gicas retrasadas\u201d<\/span><\/strong><\/p>\n<div id=\"gtx-trans\" style=\"position: absolute; left: -50px; top: 4.31534px;\">\n<div class=\"gtx-trans-icon\"><\/div>\n<\/div>\n<\/div><\/section><\/div><div class=\"flex_column av_one_full  flex_column_div av-zero-column-padding first  avia-builder-el-4  el_after_av_one_full  el_before_av_hr  column-top-margin\" style='border-radius:0px; '><section class=\"av_textblock_section \"  itemscope=\"itemscope\" itemtype=\"https:\/\/schema.org\/BlogPosting\" itemprop=\"blogPost\" ><div class='avia_textblock  '   itemprop=\"text\" ><p style=\"text-align: justify;\"><em>Los integrantes de la Comisi<\/em><em>\u00f3<\/em><em>n de Salud del Senado manifestaron preocupaci<\/em><em>\u00f3<\/em><em>n por la actual situaci<\/em><em>\u00f3<\/em><em>n sanitaria del c<\/em><em>\u00e1<\/em><em>ncer en Chile, enfermedad que afecta alrededor de 30 mil personas en el pa<\/em><em>\u00ed<\/em><em>s. Durante la sesi<\/em><em>\u00f3<\/em><em>n del 27 de septiembre, en la cual participaron diversos grupos relacionados a pacientes oncol<\/em><em>\u00f3<\/em><em>gicos, Francisco Vidangossy, representante de la Fundaci<\/em><em>\u00f3<\/em><em>n C<\/em><em>\u00e1<\/em><em>nce<\/em><em>r<\/em><em>vida, se<\/em><em>\u00f1<\/em><em>al<\/em><em>\u00f3<\/em><em> que desde marzo se <\/em><em>ha venido <\/em><em>manifest<\/em><em>ando<\/em><em> esta preocupaci<\/em><em>\u00f3<\/em><em>n al Ejecutivo. <\/em><\/p>\n<p style=\"text-align: justify;\">Durante la sesi\u00f3n, los senadores integrantes coincidieron en solicitar al gobierno instruir al Ministerio de Salud para que otorgue todas las facultades financieras para la contrataci\u00f3n de personal, bienes y servicios, de atenciones directas necesarias y que se pueda decretar una Alerta Sanitaria en Chile por el c\u00e1ncer, por ser esta la primera causa de muerte en el pa\u00eds.<\/p>\n<p style=\"text-align: justify;\">La senadora por la regi\u00f3n de Ays\u00e9n, Ximena \u00d3rdenes, quien integra la Comisi\u00f3n de Salud, tambi\u00e9n record\u00f3 el error que supone el despido de los 12 mil honorarios Covid, ante los requerimientos para enfrentar los retrasos en las Listas de Espera GES, la cual registra alrededor de 15 mil pacientes oncol\u00f3gicos.<\/p>\n<p style=\"text-align: justify;\">\u201cComo Comisi\u00f3n de Salud del Senado hemos tomado un acuerdo un\u00e1nime para que el gobierno decrete Alerta Sanitaria por c\u00e1ncer. Esta situaci\u00f3n requiere urgencia y sentido de unidad. Yo represento una regi\u00f3n aislada \u2013 Ays\u00e9n-, donde los pacientes deben ser trasladados y no solo eso, a veces llegan con sus ex\u00e1menes a un centro de referencia y los tiempos ya est\u00e1n vencidos\u201d, se\u00f1al\u00f3 la parlamentaria en el punto de prensa que se realiz\u00f3 al t\u00e9rmino de la sesi\u00f3n.<\/p>\n<p style=\"text-align: justify;\">La senadora \u00d3rdenes inst\u00f3 a tener las prioridades claras y decretar una Alerta Sanitaria por el c\u00e1ncer en Chile. \u201cLas Listas de Espera son preocupantes, m\u00e1s de 15 mil garant\u00edas retrasadas. Ya estamos en un periodo post pandemia, por lo tanto, tienen que existir medidas adecuadas. En presentaciones anteriores uno de los grandes d\u00e9ficits era en la etapa de diagn\u00f3stico. Si no hay un diagn\u00f3stico oportuno, llegamos tarde, aunque est\u00e9n todos los dispositivos y herramientas. Desde la administraci\u00f3n del Estado, esto debe tener prioridad\u201d, se\u00f1al\u00f3 durante su intervenci\u00f3n.<\/p>\n<p style=\"text-align: justify;\">Adem\u00e1s, tambi\u00e9n sostuvo que, ad-portas de iniciar la discusi\u00f3n por el Presupuesto 2024, dentro de las prioridades se debe contemplar un pilar de salud con las garant\u00edas expl\u00edcitas y con prioridad en las GES Oncol\u00f3gicas. Al mismo tiempo, inst\u00f3 a tener un foco en la prevenci\u00f3n.<\/p>\n<p style=\"text-align: justify;\">\u201cCerca de la mitad de los casos est\u00e1 todav\u00eda en etapa de diagn\u00f3stico y ah\u00ed es donde nosotros consideramos que se requiere un sentido de oportunidad, de eficiencia y celeridad en el trabajo que se realiza. Por eso, nuestro compromiso es que se mantengan las y los trabajadores que fueron contratados en el marco de la pandemia, porque vinieron a cerrar brechas hist\u00f3ricas, como lo que estamos planteando hoy sobre la problem\u00e1tica del c\u00e1ncer\u201d, concluy\u00f3 \u00d3rdenes al final del punto de prensa.<\/p>\n<p style=\"text-align: justify;\">Dentro de los antecedentes que motivaron este llamado de Alerta Sanitaria, se hizo saber a la Comisi\u00f3n de Salud del Senado que el c\u00e1ncer es la primera causa de muerte en Chile, que actualmente existen 86 mil hospitalizaciones en el pa\u00eds y 27 mil 400 muertes al a\u00f1o. Adem\u00e1s, se hizo la consideraci\u00f3n de que estamos ante una pandemia silenciosa y que, ante una serie de elementos, como la postergaci\u00f3n de los diagn\u00f3sticos, son m\u00e1s de 19 mil personas las que est\u00e1n esperando atenci\u00f3n: 15 mil pacientes en Listas de Espera GES y m\u00e1s de 4 mil en listas de espera no GES.<\/p>\n<\/div><\/section><\/div><div  style='height:50px' class='hr hr-invisible   avia-builder-el-6  el_after_av_one_full  el_before_av_social_share '><span class='hr-inner ' ><span class='hr-inner-style'><\/span><\/span><\/div><\/p>\n<div  class='av-social-sharing-box  avia-builder-el-7  el_after_av_hr  el_before_av_hr  '><div class='av-share-box'><h5 class='av-share-link-description av-no-toc '>Compartir esta noticia<\/h5><ul class='av-share-box-list noLightbox'><li class='av-share-link av-social-link-facebook' ><a target=\"_blank\" aria-label=\"Compartir en Facebook\" href='https:\/\/www.facebook.com\/sharer.php?u=https:\/\/radiorevelacionfm.cl\/?p=35436&#038;t=Senadora%20%C3%93rdenes%20y%20alerta%20sanitaria%20por%20c%C3%A1ncer%20en%20Chile%3A%20%E2%80%9CHay%20m%C3%A1s%20de%2015%20mil%20garant%C3%ADas%20oncol%C3%B3gicas%20retrasadas%E2%80%9D' aria-hidden='false' data-av_icon='\ue8f3' data-av_iconfont='entypo-fontello' title='' data-avia-related-tooltip='Compartir en Facebook' rel=\"noopener\"><span class='avia_hidden_link_text'>Compartir en Facebook<\/span><\/a><\/li><li class='av-share-link av-social-link-twitter' ><a target=\"_blank\" aria-label=\"Compartir en Twitter\" href='https:\/\/twitter.com\/share?text=Senadora%20%C3%93rdenes%20y%20alerta%20sanitaria%20por%20c%C3%A1ncer%20en%20Chile%3A%20%E2%80%9CHay%20m%C3%A1s%20de%2015%20mil%20garant%C3%ADas%20oncol%C3%B3gicas%20retrasadas%E2%80%9D&#038;url=https:\/\/radiorevelacionfm.cl\/?p=35436' aria-hidden='false' data-av_icon='\ue8f1' data-av_iconfont='entypo-fontello' title='' data-avia-related-tooltip='Compartir en Twitter' rel=\"noopener\"><span class='avia_hidden_link_text'>Compartir en Twitter<\/span><\/a><\/li><li class='av-share-link av-social-link-whatsapp' ><a target=\"_blank\" aria-label=\"Compartir en Whatsapp\" href='https:\/\/api.whatsapp.com\/send?text=https:\/\/radiorevelacionfm.cl\/?p=35436' aria-hidden='false' data-av_icon='\uf232' data-av_iconfont='entypo-fontello' title='' data-avia-related-tooltip='Compartir en Whatsapp' rel=\"noopener\"><span class='avia_hidden_link_text'>Compartir en Whatsapp<\/span><\/a><\/li><li class='av-share-link av-social-link-linkedin' ><a target=\"_blank\" aria-label=\"Compartir en LinkedIn\" href='https:\/\/linkedin.com\/shareArticle?mini=true&#038;title=Senadora%20%C3%93rdenes%20y%20alerta%20sanitaria%20por%20c%C3%A1ncer%20en%20Chile%3A%20%E2%80%9CHay%20m%C3%A1s%20de%2015%20mil%20garant%C3%ADas%20oncol%C3%B3gicas%20retrasadas%E2%80%9D&#038;url=https:\/\/radiorevelacionfm.cl\/?p=35436' aria-hidden='false' data-av_icon='\ue8fc' data-av_iconfont='entypo-fontello' title='' data-avia-related-tooltip='Compartir en LinkedIn' rel=\"noopener\"><span class='avia_hidden_link_text'>Compartir en LinkedIn<\/span><\/a><\/li><li class='av-share-link av-social-link-mail' ><a  aria-label=\"Compartir por correo\" href='mailto:?subject=Senadora%20%C3%93rdenes%20y%20alerta%20sanitaria%20por%20c%C3%A1ncer%20en%20Chile%3A%20%E2%80%9CHay%20m%C3%A1s%20de%2015%20mil%20garant%C3%ADas%20oncol%C3%B3gicas%20retrasadas%E2%80%9D&#038;body=https:\/\/radiorevelacionfm.cl\/?p=35436' aria-hidden='false' data-av_icon='\ue805' data-av_iconfont='entypo-fontello' title='' data-avia-related-tooltip='Compartir por correo'><span class='avia_hidden_link_text'>Compartir por correo<\/span><\/a><\/li><\/ul><\/div><\/div>\n<div  style='height:50px' class='hr hr-invisible   avia-builder-el-8  el_after_av_social_share  el_before_av_comments_list '><span class='hr-inner ' ><span class='hr-inner-style'><\/span><\/span><\/div>\n<div  class='av-buildercomment  av-blog-meta-html-info-disabled av-blog-meta-tag-disabled  '><\/div>\n","protected":false},"excerpt":{"rendered":"","protected":false},"author":1,"featured_media":35437,"comment_status":"open","ping_status":"open","sticky":false,"template":"","format":"standard","meta":{"footnotes":""},"categories":[35],"tags":[],"class_list":["post-35436","post","type-post","status-publish","format-standard","has-post-thumbnail","hentry","category-politica"],"jetpack_featured_media_url":"https:\/\/radiorevelacionfm.cl\/wp-content\/uploads\/2023\/09\/FOTO-4-3-1-1-Senadora.jpeg","_links":{"self":[{"href":"https:\/\/radiorevelacionfm.cl\/index.php?rest_route=\/wp\/v2\/posts\/35436","targetHints":{"allow":["GET"]}}],"collection":[{"href":"https:\/\/radiorevelacionfm.cl\/index.php?rest_route=\/wp\/v2\/posts"}],"about":[{"href":"https:\/\/radiorevelacionfm.cl\/index.php?rest_route=\/wp\/v2\/types\/post"}],"author":[{"embeddable":true,"href":"https:\/\/radiorevelacionfm.cl\/index.php?rest_route=\/wp\/v2\/users\/1"}],"replies":[{"embeddable":true,"href":"https:\/\/radiorevelacionfm.cl\/index.php?rest_route=%2Fwp%2Fv2%2Fcomments&post=35436"}],"version-history":[{"count":1,"href":"https:\/\/radiorevelacionfm.cl\/index.php?rest_route=\/wp\/v2\/posts\/35436\/revisions"}],"predecessor-version":[{"id":35438,"href":"https:\/\/radiorevelacionfm.cl\/index.php?rest_route=\/wp\/v2\/posts\/35436\/revisions\/35438"}],"wp:featuredmedia":[{"embeddable":true,"href":"https:\/\/radiorevelacionfm.cl\/index.php?rest_route=\/wp\/v2\/media\/35437"}],"wp:attachment":[{"href":"https:\/\/radiorevelacionfm.cl\/index.php?rest_route=%2Fwp%2Fv2%2Fmedia&parent=35436"}],"wp:term":[{"taxonomy":"category","embeddable":true,"href":"https:\/\/radiorevelacionfm.cl\/index.php?rest_route=%2Fwp%2Fv2%2Fcategories&post=35436"},{"taxonomy":"post_tag","embeddable":true,"href":"https:\/\/radiorevelacionfm.cl\/index.php?rest_route=%2Fwp%2Fv2%2Ftags&post=35436"}],"curies":[{"name":"wp","href":"https:\/\/api.w.org\/{rel}","templated":true}]}}