{"id":35433,"date":"2023-09-28T19:47:49","date_gmt":"2023-09-28T22:47:49","guid":{"rendered":"https:\/\/radiorevelacionfm.cl\/?p=35433"},"modified":"2023-09-28T20:18:16","modified_gmt":"2023-09-28T23:18:16","slug":"en-una-emotiva-ceremonia-realizan-lanzamiento-de-la-edicion-especial-del-libro-almas-en-el-rio-basado-en-caso-aysen","status":"publish","type":"post","link":"https:\/\/radiorevelacionfm.cl\/?p=35433","title":{"rendered":"En una emotiva ceremonia realizan lanzamiento de la edici\u00f3n especial del libro \u201cAlmas en el R\u00edo\u201d basado en \u00abCaso Ays\u00e9n\u00bb"},"content":{"rendered":"<div class=\"flex_column av_one_full  flex_column_div av-zero-column-padding first  avia-builder-el-0  el_before_av_one_full  avia-builder-el-first  \" style='border-radius:0px; '><div  class='avia-image-container  av-styling-    avia-builder-el-1  avia-builder-el-no-sibling  avia-align-center '  itemprop=\"image\" itemscope=\"itemscope\" itemtype=\"https:\/\/schema.org\/ImageObject\"  ><div class='avia-image-container-inner'><div class='avia-image-overlay-wrap'><img decoding=\"async\" class='wp-image-35434 avia-img-lazy-loading-not-35434 avia_image' src=\"https:\/\/radiorevelacionfm.cl\/wp-content\/uploads\/2023\/09\/10-aNos-libro-5-1_optimized.jpg\" alt='' title='10-a\u00d1os-libro-5-(1)_optimized' height=\"600\" width=\"1067\"  itemprop=\"thumbnailUrl\" srcset=\"https:\/\/radiorevelacionfm.cl\/wp-content\/uploads\/2023\/09\/10-aNos-libro-5-1_optimized.jpg 1067w, https:\/\/radiorevelacionfm.cl\/wp-content\/uploads\/2023\/09\/10-aNos-libro-5-1_optimized-300x169.jpg 300w, https:\/\/radiorevelacionfm.cl\/wp-content\/uploads\/2023\/09\/10-aNos-libro-5-1_optimized-1030x579.jpg 1030w, https:\/\/radiorevelacionfm.cl\/wp-content\/uploads\/2023\/09\/10-aNos-libro-5-1_optimized-768x432.jpg 768w, https:\/\/radiorevelacionfm.cl\/wp-content\/uploads\/2023\/09\/10-aNos-libro-5-1_optimized-705x396.jpg 705w, https:\/\/radiorevelacionfm.cl\/wp-content\/uploads\/2023\/09\/10-aNos-libro-5-1_optimized-450x253.jpg 450w, https:\/\/radiorevelacionfm.cl\/wp-content\/uploads\/2023\/09\/10-aNos-libro-5-1_optimized-600x337.jpg 600w\" sizes=\"(max-width: 1067px) 100vw, 1067px\" \/><\/div><\/div><\/div><\/div>\n<div class=\"flex_column av_one_full  flex_column_div av-zero-column-padding first  avia-builder-el-2  el_after_av_one_full  el_before_av_one_full  column-top-margin\" style='border-radius:0px; '><section class=\"av_textblock_section \"  itemscope=\"itemscope\" itemtype=\"https:\/\/schema.org\/BlogPosting\" itemprop=\"blogPost\" ><div class='avia_textblock  '   itemprop=\"text\" ><p style=\"text-align: center;\"><strong><span style=\"font-size: 18pt;\">En una emotiva ceremonia realizan lanzamiento de la edici\u00f3n especial del libro \u201cAlmas en el R\u00edo\u201d basado en \u00abCaso Ays\u00e9n\u00bb<\/span><\/strong><\/p>\n<div id=\"gtx-trans\" style=\"position: absolute; left: -50px; top: 4.31534px;\">\n<div class=\"gtx-trans-icon\"><\/div>\n<\/div>\n<\/div><\/section><\/div>\n<div class=\"flex_column av_one_full  flex_column_div av-zero-column-padding first  avia-builder-el-4  el_after_av_one_full  el_before_av_hr  column-top-margin\" style='border-radius:0px; '><section class=\"av_textblock_section \"  itemscope=\"itemscope\" itemtype=\"https:\/\/schema.org\/BlogPosting\" itemprop=\"blogPost\" ><div class='avia_textblock  '   itemprop=\"text\" ><p style=\"text-align: justify;\"><em>El texto basado en \u201cCaso Ays\u00e9n\u201d, ha generado gran inter\u00e9s de los j\u00f3venes y de quienes llegan a Puerto Ays\u00e9n por diversos motivos.<\/em><\/p>\n<p style=\"text-align: justify;\">La Biblioteca P\u00fablica fue el espacio que acogi\u00f3 una importante y emotiva actividad literaria, ya que, se desarroll\u00f3 el relanzamiento del libro \u201cAlmas en el R\u00edo\u201d del profesor y escritor regional, Eleodoro Sanhueza. Esta se convierte en una edici\u00f3n especial, debido a que se da al cumplirse 10 a\u00f1os de que este texto, basado en el Caso Ays\u00e9n, circul\u00f3 por primera vez.<\/p>\n<p style=\"text-align: justify;\">En la actividad, hubo familiares, j\u00f3venes, adultos, adultos mayores, escritores locales, profesores, estudiantes y muchas personas interesadas en obtener una copia de esta nueva edici\u00f3n, que, por primera vez se lanza en un recinto municipal y en un espacio como la biblioteca de Puerto Ays\u00e9n.<\/p>\n<p style=\"text-align: justify;\">El Alcalde de la comuna, Julio Uribe, no quiso estar ausente de tan importante iniciativa, reafirmando que la Municipalidad y sus instalaciones, est\u00e1n disponibles para dar a conocer, sobre todo, obras tan importantes que son parte de la historia de nuestra regi\u00f3n y ciudad.<\/p>\n<p style=\"text-align: justify;\">\u201cQuiero agradecer la confianza que ha tenido el escritor regional, Eleodoro Sanhueza, quien ha publicado la cuarta edici\u00f3n del libro, Almas en el R\u00edo, un texto que ya tiene 10 a\u00f1os de su primera edici\u00f3n y que, por primera vez, el Municipio ha abierto las puertas a esta historia, a esta novela, que habla sobre tragedias ocurridas en nuestro rio. Por lo tanto, para m\u00ed ha sido muy importante estar apoyando esta iniciativa a trav\u00e9s de nuestra biblioteca p\u00fablica\u201d.<\/p>\n<p style=\"text-align: justify;\">Son 10 a\u00f1os de un texto, que la comunidad comenta, que ha hecho suyo y que d\u00eda a d\u00eda crece el inter\u00e9s de muchas personas por leer, una obra basada en temas tan sensibles como la muerte en extra\u00f1as circunstancias de j\u00f3venes ayseninos. En ese sentido, el autor de \u201cAlmas en el R\u00edo\u201d, Eleodoro Sanhueza, recuerdo lo que signific\u00f3 llegar a completar una de las novelas m\u00e1s importantes escritas en el territorio.<\/p>\n<p style=\"text-align: justify;\">\u201cSe viene a la memoria todo el trabajo que se hizo, para conseguir la publicaci\u00f3n de este libro, todo el trabajo de investigaci\u00f3n que hubo, todas esas tardes y d\u00edas de conversaci\u00f3n con familiares, las injusticias y todo eso cobra mucho valor al cumplirse 10 a\u00f1os de esta primera publicaci\u00f3n, me siento muy feliz tambi\u00e9n que esto haya ocurrido. Y decir algo que siento muy profundo en m\u00ed, que es, un agradecimiento a la comunidad principalmente de Puerto Ays\u00e9n, porque han sido maravillosos lectores, bellas personas, con mucho respeto y amistad hacia m\u00ed y hacia mis obras\u201d.<\/p>\n<p style=\"text-align: justify;\">Por su parte, Mauricio Osorio, de \u00d1ire Negro Ediciones, quienes han sido los encargados de editar y mostrar a la comunidad la obra literaria de Eleodoro Sanhueza, quiso valorar el respaldo de la biblioteca p\u00fablica, de la Municipalidad de Ays\u00e9n, algo que no hab\u00eda ocurrido en administraciones anteriores.<\/p>\n<p style=\"text-align: justify;\">\u201cPara nosotros es sumamente importante lo que acaba de acontecer con este lanzamiento, porque, en definitiva, es por fin tener una presentaci\u00f3n oficial de esta novela, que es, tal vez, una de las m\u00e1s queridas en Puerto Ays\u00e9n, a pesar de lo que los asistentes nos comentaban, de que, todav\u00eda el tema se habla un poco en la intimidad, todav\u00eda hay cierta inquietud en muchas personas. Pero Almas en el R\u00edo, es un libro de Ays\u00e9n, es un libro que la comunidad lo siente como propio, que habla de lo que muchos no han podido hablar por muchos a\u00f1os y que el Municipio y la biblioteca publica de Ays\u00e9n nos haya convocado, nos haya invitado hoy a este lanzamiento, para nosotros es sumamente importante y lo vamos a seguir agradeciendo en cada ocasi\u00f3n\u201d.<\/p>\n<p style=\"text-align: justify;\">Muy emocionada, pero destacando el trabajo del escritor de \u201cAlmas en el R\u00edo\u201d, se mostr\u00f3 Tatiana Barr\u00eda Mardones, hermana de V\u00edctor Hugo, uno de los 12 j\u00f3venes del \u201cCaso Ays\u00e9n\u201d.<\/p>\n<p style=\"text-align: justify;\">\u201cSiempre les doy las gracias porque \u00e9l ayuda a mantener en la memoria a muchos j\u00f3venes, porque estos fueron cr\u00edmenes horrorosos que acabaron con la vida de tantos j\u00f3venes, eso no se puede olvidar, ellos merecen justicia, ellos merecen la verdad y sus familiares tambi\u00e9n, porque nosotros como familia, todav\u00eda seguimos persiguiendo la justicia, no logramos tener la paz, porque esos j\u00f3venes murieron y no se pueden olvidar. Gracias al libro de Eleodoro, siento que es importante, porque muchos j\u00f3venes hoy en d\u00eda logran saber lo que sucedi\u00f3 en esa \u00e9poca, hay muchas personas que no tienen idea que ocurri\u00f3 en esos a\u00f1os y gracias a que tambi\u00e9n es lectura obligatoria en los liceos, gracias por eso, gracias por la memoria\u201d.<\/p>\n<p style=\"text-align: justify;\">En la actividad, tambi\u00e9n se mezcl\u00f3 lo literario con la m\u00fasica, siendo el Conjunto de Viol\u00edn del liceo Ra\u00fal Broussain Campino, quienes otorgaron un momento de m\u00fasica cl\u00e1sica a la jornada, que, adem\u00e1s, tuvo la presencia de la librer\u00eda local \u201cPuerto Libro\u201d, recinto donde quien quiera adquirir el libro puede acercarse.<\/p>\n<p style=\"text-align: justify;\">Importante destacar que, en el lanzamiento del libro \u201cAlmas en el R\u00edo\u201d en su edici\u00f3n especial, se dio un ambiente emotivo, pero a la vez, muy grato, donde los principales expositores dialogaron con la comunidad, muchos contaron su experiencia tras leer el texto y su autor adelant\u00f3 que ya se prepara una pel\u00edcula y una serie en torno a lo mismo, donde Eleodoro Sanhueza, es el principal guionista.<\/p>\n<\/div><\/section><\/div><div  style='height:50px' class='hr hr-invisible   avia-builder-el-6  el_after_av_one_full  el_before_av_social_share '><span class='hr-inner ' ><span class='hr-inner-style'><\/span><\/span><\/div><\/p>\n<div  class='av-social-sharing-box  avia-builder-el-7  el_after_av_hr  el_before_av_hr  '><div class='av-share-box'><h5 class='av-share-link-description av-no-toc '>Compartir esta noticia<\/h5><ul class='av-share-box-list noLightbox'><li class='av-share-link av-social-link-facebook' ><a target=\"_blank\" aria-label=\"Compartir en Facebook\" href='https:\/\/www.facebook.com\/sharer.php?u=https:\/\/radiorevelacionfm.cl\/?p=35433&#038;t=En%20una%20emotiva%20ceremonia%20realizan%20lanzamiento%20de%20la%20edici%C3%B3n%20especial%20del%20libro%20%E2%80%9CAlmas%20en%20el%20R%C3%ADo%E2%80%9D%20basado%20en%20%C2%ABCaso%20Ays%C3%A9n%C2%BB' aria-hidden='false' data-av_icon='\ue8f3' data-av_iconfont='entypo-fontello' title='' data-avia-related-tooltip='Compartir en Facebook' rel=\"noopener\"><span class='avia_hidden_link_text'>Compartir en Facebook<\/span><\/a><\/li><li class='av-share-link av-social-link-twitter' ><a target=\"_blank\" aria-label=\"Compartir en Twitter\" href='https:\/\/twitter.com\/share?text=En%20una%20emotiva%20ceremonia%20realizan%20lanzamiento%20de%20la%20edici%C3%B3n%20especial%20del%20libro%20%E2%80%9CAlmas%20en%20el%20R%C3%ADo%E2%80%9D%20basado%20en%20%C2%ABCaso%20Ays%C3%A9n%C2%BB&#038;url=https:\/\/radiorevelacionfm.cl\/?p=35433' aria-hidden='false' data-av_icon='\ue8f1' data-av_iconfont='entypo-fontello' title='' data-avia-related-tooltip='Compartir en Twitter' rel=\"noopener\"><span class='avia_hidden_link_text'>Compartir en Twitter<\/span><\/a><\/li><li class='av-share-link av-social-link-whatsapp' ><a target=\"_blank\" aria-label=\"Compartir en Whatsapp\" href='https:\/\/api.whatsapp.com\/send?text=https:\/\/radiorevelacionfm.cl\/?p=35433' aria-hidden='false' data-av_icon='\uf232' data-av_iconfont='entypo-fontello' title='' data-avia-related-tooltip='Compartir en Whatsapp' rel=\"noopener\"><span class='avia_hidden_link_text'>Compartir en Whatsapp<\/span><\/a><\/li><li class='av-share-link av-social-link-linkedin' ><a target=\"_blank\" aria-label=\"Compartir en LinkedIn\" href='https:\/\/linkedin.com\/shareArticle?mini=true&#038;title=En%20una%20emotiva%20ceremonia%20realizan%20lanzamiento%20de%20la%20edici%C3%B3n%20especial%20del%20libro%20%E2%80%9CAlmas%20en%20el%20R%C3%ADo%E2%80%9D%20basado%20en%20%C2%ABCaso%20Ays%C3%A9n%C2%BB&#038;url=https:\/\/radiorevelacionfm.cl\/?p=35433' aria-hidden='false' data-av_icon='\ue8fc' data-av_iconfont='entypo-fontello' title='' data-avia-related-tooltip='Compartir en LinkedIn' rel=\"noopener\"><span class='avia_hidden_link_text'>Compartir en LinkedIn<\/span><\/a><\/li><li class='av-share-link av-social-link-mail' ><a  aria-label=\"Compartir por correo\" href='mailto:?subject=En%20una%20emotiva%20ceremonia%20realizan%20lanzamiento%20de%20la%20edici%C3%B3n%20especial%20del%20libro%20%E2%80%9CAlmas%20en%20el%20R%C3%ADo%E2%80%9D%20basado%20en%20%C2%ABCaso%20Ays%C3%A9n%C2%BB&#038;body=https:\/\/radiorevelacionfm.cl\/?p=35433' aria-hidden='false' data-av_icon='\ue805' data-av_iconfont='entypo-fontello' title='' data-avia-related-tooltip='Compartir por correo'><span class='avia_hidden_link_text'>Compartir por correo<\/span><\/a><\/li><\/ul><\/div><\/div>\n<div  style='height:50px' class='hr hr-invisible   avia-builder-el-8  el_after_av_social_share  el_before_av_comments_list '><span class='hr-inner ' ><span class='hr-inner-style'><\/span><\/span><\/div>\n<div  class='av-buildercomment  av-blog-meta-html-info-disabled av-blog-meta-tag-disabled  '><\/div>\n","protected":false},"excerpt":{"rendered":"","protected":false},"author":1,"featured_media":35434,"comment_status":"open","ping_status":"open","sticky":false,"template":"","format":"standard","meta":{"footnotes":""},"categories":[38],"tags":[],"class_list":["post-35433","post","type-post","status-publish","format-standard","has-post-thumbnail","hentry","category-regional"],"jetpack_featured_media_url":"https:\/\/radiorevelacionfm.cl\/wp-content\/uploads\/2023\/09\/10-aNos-libro-5-1_optimized.jpg","_links":{"self":[{"href":"https:\/\/radiorevelacionfm.cl\/index.php?rest_route=\/wp\/v2\/posts\/35433","targetHints":{"allow":["GET"]}}],"collection":[{"href":"https:\/\/radiorevelacionfm.cl\/index.php?rest_route=\/wp\/v2\/posts"}],"about":[{"href":"https:\/\/radiorevelacionfm.cl\/index.php?rest_route=\/wp\/v2\/types\/post"}],"author":[{"embeddable":true,"href":"https:\/\/radiorevelacionfm.cl\/index.php?rest_route=\/wp\/v2\/users\/1"}],"replies":[{"embeddable":true,"href":"https:\/\/radiorevelacionfm.cl\/index.php?rest_route=%2Fwp%2Fv2%2Fcomments&post=35433"}],"version-history":[{"count":4,"href":"https:\/\/radiorevelacionfm.cl\/index.php?rest_route=\/wp\/v2\/posts\/35433\/revisions"}],"predecessor-version":[{"id":35444,"href":"https:\/\/radiorevelacionfm.cl\/index.php?rest_route=\/wp\/v2\/posts\/35433\/revisions\/35444"}],"wp:featuredmedia":[{"embeddable":true,"href":"https:\/\/radiorevelacionfm.cl\/index.php?rest_route=\/wp\/v2\/media\/35434"}],"wp:attachment":[{"href":"https:\/\/radiorevelacionfm.cl\/index.php?rest_route=%2Fwp%2Fv2%2Fmedia&parent=35433"}],"wp:term":[{"taxonomy":"category","embeddable":true,"href":"https:\/\/radiorevelacionfm.cl\/index.php?rest_route=%2Fwp%2Fv2%2Fcategories&post=35433"},{"taxonomy":"post_tag","embeddable":true,"href":"https:\/\/radiorevelacionfm.cl\/index.php?rest_route=%2Fwp%2Fv2%2Ftags&post=35433"}],"curies":[{"name":"wp","href":"https:\/\/api.w.org\/{rel}","templated":true}]}}