{"id":35428,"date":"2023-09-28T18:28:07","date_gmt":"2023-09-28T21:28:07","guid":{"rendered":"https:\/\/radiorevelacionfm.cl\/?p=35428"},"modified":"2023-09-28T18:28:07","modified_gmt":"2023-09-28T21:28:07","slug":"tras-fuga-de-gas-que-afecto-a-jardin-infantil-en-puerto-chacabuco-calisto-insta-a-junji-y-al-municipio-a-garantizar-la-seguridad-de-los-ninos","status":"publish","type":"post","link":"https:\/\/radiorevelacionfm.cl\/?p=35428","title":{"rendered":"Tras fuga de gas que afect\u00f3 a Jard\u00edn Infantil en Puerto Chacabuco, Calisto insta a Junji y al municipio a garantizar la seguridad de los ni\u00f1os"},"content":{"rendered":"<div class=\"flex_column av_one_full  flex_column_div av-zero-column-padding first  avia-builder-el-0  el_before_av_one_full  avia-builder-el-first  \" style='border-radius:0px; '><div  class='avia-image-container  av-styling-    avia-builder-el-1  avia-builder-el-no-sibling  avia-align-center '  itemprop=\"image\" itemscope=\"itemscope\" itemtype=\"https:\/\/schema.org\/ImageObject\"  ><div class='avia-image-container-inner'><div class='avia-image-overlay-wrap'><img decoding=\"async\" class='wp-image-35429 avia-img-lazy-loading-not-35429 avia_image' src=\"https:\/\/radiorevelacionfm.cl\/wp-content\/uploads\/2023\/09\/foto-calisto-visita-jardin-1_optimized.jpeg\" alt='' title='foto-calisto-visita-jard\u00edn-(1)_optimized' height=\"600\" width=\"1036\"  itemprop=\"thumbnailUrl\" srcset=\"https:\/\/radiorevelacionfm.cl\/wp-content\/uploads\/2023\/09\/foto-calisto-visita-jardin-1_optimized.jpeg 1036w, https:\/\/radiorevelacionfm.cl\/wp-content\/uploads\/2023\/09\/foto-calisto-visita-jardin-1_optimized-300x174.jpeg 300w, https:\/\/radiorevelacionfm.cl\/wp-content\/uploads\/2023\/09\/foto-calisto-visita-jardin-1_optimized-1030x597.jpeg 1030w, https:\/\/radiorevelacionfm.cl\/wp-content\/uploads\/2023\/09\/foto-calisto-visita-jardin-1_optimized-768x445.jpeg 768w, https:\/\/radiorevelacionfm.cl\/wp-content\/uploads\/2023\/09\/foto-calisto-visita-jardin-1_optimized-705x408.jpeg 705w, https:\/\/radiorevelacionfm.cl\/wp-content\/uploads\/2023\/09\/foto-calisto-visita-jardin-1_optimized-450x261.jpeg 450w, https:\/\/radiorevelacionfm.cl\/wp-content\/uploads\/2023\/09\/foto-calisto-visita-jardin-1_optimized-600x347.jpeg 600w\" sizes=\"(max-width: 1036px) 100vw, 1036px\" \/><\/div><\/div><\/div><\/div><div class=\"flex_column av_one_full  flex_column_div av-zero-column-padding first  avia-builder-el-2  el_after_av_one_full  el_before_av_one_full  column-top-margin\" style='border-radius:0px; '><section class=\"av_textblock_section \"  itemscope=\"itemscope\" itemtype=\"https:\/\/schema.org\/BlogPosting\" itemprop=\"blogPost\" ><div class='avia_textblock  '   itemprop=\"text\" ><p style=\"text-align: center;\"><strong><span style=\"font-size: 18pt;\">Tras fuga de gas que afect\u00f3 a Jard\u00edn Infantil en Puerto Chacabuco, Calisto insta a Junji y al municipio a garantizar la seguridad de los ni\u00f1os<\/span><\/strong><\/p>\n<div id=\"gtx-trans\" style=\"position: absolute; left: -50px; top: 4.31534px;\">\n<div class=\"gtx-trans-icon\"><\/div>\n<\/div>\n<\/div><\/section><\/div><div class=\"flex_column av_one_full  flex_column_div av-zero-column-padding first  avia-builder-el-4  el_after_av_one_full  el_before_av_hr  column-top-margin\" style='border-radius:0px; '><section class=\"av_textblock_section \"  itemscope=\"itemscope\" itemtype=\"https:\/\/schema.org\/BlogPosting\" itemprop=\"blogPost\" ><div class='avia_textblock  '   itemprop=\"text\" ><p style=\"font-weight: 400; text-align: justify;\">Ante la preocupaci\u00f3n que caus\u00f3 en la comunidad y el riesgo que corrieron los ni\u00f1os y docentes del jard\u00edn infantil de Puerto Chacabuco, Ayel\u00e9n Ruka, el que se vio afectado el viernes pasado por un escape de gas, el diputado Miguel \u00c1ngel Calisto se traslad\u00f3 hasta la localidad del litoral para reunirse con un grupo de padres y apoderados, instancia en la que inst\u00f3 a la municipalidad y a Junji a hacerse cargo de la situaci\u00f3n.<\/p>\n<p style=\"font-weight: 400; text-align: justify;\">Seg\u00fan el diputado Calisto, \u201cla situaci\u00f3n es compleja y dolorosa. Esta fuga afect\u00f3 a los m\u00e1s de veinte ni\u00f1os que vienen al jard\u00edn, generando la preocupaci\u00f3n de los padres y de la comunidad en general, porque ac\u00e1 tambi\u00e9n trabajan manipuladoras de alimento, funcionarios y profesores. Si hubiese ocurrido una muerte, ser\u00eda algo desastroso y estar\u00edamos en medio de un esc\u00e1ndalo\u201d.<\/p>\n<p style=\"font-weight: 400; text-align: justify;\">\u201cEsto no lo podemos dejar pasar, por eso nos hemos reunido con padres, dirigentes y vecinos, para hacer esta denuncia y exigir que la Junji y la Municipalidad, como sostenedor del recinto, resuelvan este problema a la brevedad y den garant\u00edas para que los ni\u00f1os est\u00e9n seguros dentro del edificio\u201d, se\u00f1al\u00f3 el legislador.<\/p>\n<p style=\"font-weight: 400; text-align: justify;\">Calisto agreg\u00f3 que \u201cnosotros llegaremos hasta las \u00faltimas consecuencias, fiscalizaremos v\u00eda c\u00e1mara de diputados, incluso ya envi\u00e9 un oficio por el tema. Si es necesario, tampoco descartamos la v\u00eda judicial, para as\u00ed garantizar que este tipo de hechos no vuelvan a ocurrir en ning\u00fan establecimiento de la regi\u00f3n\u201d.<\/p>\n<p style=\"font-weight: 400; text-align: justify;\">Por su parte, la dirigenta social de Puerto Chacabuco, Alicia Ruiz, asegur\u00f3 que \u201clamentablemente estos ni\u00f1os estuvieron expuestos a una fuga de gas. Es un tema muy complicado y es importante que los parlamentarios puedan ver la calidad de jard\u00edn que tenemos ac\u00e1, en este puerto que es la entrada a la regi\u00f3n. Lamentablemente, ac\u00e1 a los ni\u00f1os les vulneraron todo tipo de derechos\u201d.<\/p>\n<p style=\"font-weight: 400; text-align: justify;\">Finalmente, Pamela Haro, una de las apoderadas del recinto, indic\u00f3 que \u201cmi cr\u00edtica principal apunta a que c\u00f3mo mam\u00e1 no puedo quedar indiferente, tenemos que tener la empat\u00eda suficiente para preocuparnos de la persona al lado nuestro. Nosotros como adultos somos los responsables de defenderlos. En estos casos es importante que nos unamos y defendamos a nuestros ni\u00f1os, no podemos dejarlos solos\u201d.<\/p>\n<\/div><\/section><\/div><div  style='height:50px' class='hr hr-invisible   avia-builder-el-6  el_after_av_one_full  el_before_av_social_share '><span class='hr-inner ' ><span class='hr-inner-style'><\/span><\/span><\/div><\/p>\n<div  class='av-social-sharing-box  avia-builder-el-7  el_after_av_hr  el_before_av_hr  '><div class='av-share-box'><h5 class='av-share-link-description av-no-toc '>Compartir esta noticia<\/h5><ul class='av-share-box-list noLightbox'><li class='av-share-link av-social-link-facebook' ><a target=\"_blank\" aria-label=\"Compartir en Facebook\" href='https:\/\/www.facebook.com\/sharer.php?u=https:\/\/radiorevelacionfm.cl\/?p=35428&#038;t=Tras%20fuga%20de%20gas%20que%20afect%C3%B3%20a%20Jard%C3%ADn%20Infantil%20en%20Puerto%20Chacabuco%2C%20Calisto%20insta%20a%20Junji%20y%20al%20municipio%20a%20garantizar%20la%20seguridad%20de%20los%20ni%C3%B1os' aria-hidden='false' data-av_icon='\ue8f3' data-av_iconfont='entypo-fontello' title='' data-avia-related-tooltip='Compartir en Facebook' rel=\"noopener\"><span class='avia_hidden_link_text'>Compartir en Facebook<\/span><\/a><\/li><li class='av-share-link av-social-link-twitter' ><a target=\"_blank\" aria-label=\"Compartir en Twitter\" href='https:\/\/twitter.com\/share?text=Tras%20fuga%20de%20gas%20que%20afect%C3%B3%20a%20Jard%C3%ADn%20Infantil%20en%20Puerto%20Chacabuco%2C%20Calisto%20insta%20a%20Junji%20y%20al%20municipio%20a%20garantizar%20la%20seguridad%20de%20los%20ni%C3%B1os&#038;url=https:\/\/radiorevelacionfm.cl\/?p=35428' aria-hidden='false' data-av_icon='\ue8f1' data-av_iconfont='entypo-fontello' title='' data-avia-related-tooltip='Compartir en Twitter' rel=\"noopener\"><span class='avia_hidden_link_text'>Compartir en Twitter<\/span><\/a><\/li><li class='av-share-link av-social-link-whatsapp' ><a target=\"_blank\" aria-label=\"Compartir en Whatsapp\" href='https:\/\/api.whatsapp.com\/send?text=https:\/\/radiorevelacionfm.cl\/?p=35428' aria-hidden='false' data-av_icon='\uf232' data-av_iconfont='entypo-fontello' title='' data-avia-related-tooltip='Compartir en Whatsapp' rel=\"noopener\"><span class='avia_hidden_link_text'>Compartir en Whatsapp<\/span><\/a><\/li><li class='av-share-link av-social-link-linkedin' ><a target=\"_blank\" aria-label=\"Compartir en LinkedIn\" href='https:\/\/linkedin.com\/shareArticle?mini=true&#038;title=Tras%20fuga%20de%20gas%20que%20afect%C3%B3%20a%20Jard%C3%ADn%20Infantil%20en%20Puerto%20Chacabuco%2C%20Calisto%20insta%20a%20Junji%20y%20al%20municipio%20a%20garantizar%20la%20seguridad%20de%20los%20ni%C3%B1os&#038;url=https:\/\/radiorevelacionfm.cl\/?p=35428' aria-hidden='false' data-av_icon='\ue8fc' data-av_iconfont='entypo-fontello' title='' data-avia-related-tooltip='Compartir en LinkedIn' rel=\"noopener\"><span class='avia_hidden_link_text'>Compartir en LinkedIn<\/span><\/a><\/li><li class='av-share-link av-social-link-mail' ><a  aria-label=\"Compartir por correo\" href='mailto:?subject=Tras%20fuga%20de%20gas%20que%20afect%C3%B3%20a%20Jard%C3%ADn%20Infantil%20en%20Puerto%20Chacabuco%2C%20Calisto%20insta%20a%20Junji%20y%20al%20municipio%20a%20garantizar%20la%20seguridad%20de%20los%20ni%C3%B1os&#038;body=https:\/\/radiorevelacionfm.cl\/?p=35428' aria-hidden='false' data-av_icon='\ue805' data-av_iconfont='entypo-fontello' title='' data-avia-related-tooltip='Compartir por correo'><span class='avia_hidden_link_text'>Compartir por correo<\/span><\/a><\/li><\/ul><\/div><\/div>\n<div  style='height:50px' class='hr hr-invisible   avia-builder-el-8  el_after_av_social_share  el_before_av_comments_list '><span class='hr-inner ' ><span class='hr-inner-style'><\/span><\/span><\/div>\n<div  class='av-buildercomment  av-blog-meta-html-info-disabled av-blog-meta-tag-disabled  '><\/div>\n","protected":false},"excerpt":{"rendered":"","protected":false},"author":1,"featured_media":35429,"comment_status":"open","ping_status":"open","sticky":false,"template":"","format":"standard","meta":{"footnotes":""},"categories":[35],"tags":[],"class_list":["post-35428","post","type-post","status-publish","format-standard","has-post-thumbnail","hentry","category-politica"],"jetpack_featured_media_url":"https:\/\/radiorevelacionfm.cl\/wp-content\/uploads\/2023\/09\/foto-calisto-visita-jardin-1_optimized.jpeg","_links":{"self":[{"href":"https:\/\/radiorevelacionfm.cl\/index.php?rest_route=\/wp\/v2\/posts\/35428","targetHints":{"allow":["GET"]}}],"collection":[{"href":"https:\/\/radiorevelacionfm.cl\/index.php?rest_route=\/wp\/v2\/posts"}],"about":[{"href":"https:\/\/radiorevelacionfm.cl\/index.php?rest_route=\/wp\/v2\/types\/post"}],"author":[{"embeddable":true,"href":"https:\/\/radiorevelacionfm.cl\/index.php?rest_route=\/wp\/v2\/users\/1"}],"replies":[{"embeddable":true,"href":"https:\/\/radiorevelacionfm.cl\/index.php?rest_route=%2Fwp%2Fv2%2Fcomments&post=35428"}],"version-history":[{"count":1,"href":"https:\/\/radiorevelacionfm.cl\/index.php?rest_route=\/wp\/v2\/posts\/35428\/revisions"}],"predecessor-version":[{"id":35430,"href":"https:\/\/radiorevelacionfm.cl\/index.php?rest_route=\/wp\/v2\/posts\/35428\/revisions\/35430"}],"wp:featuredmedia":[{"embeddable":true,"href":"https:\/\/radiorevelacionfm.cl\/index.php?rest_route=\/wp\/v2\/media\/35429"}],"wp:attachment":[{"href":"https:\/\/radiorevelacionfm.cl\/index.php?rest_route=%2Fwp%2Fv2%2Fmedia&parent=35428"}],"wp:term":[{"taxonomy":"category","embeddable":true,"href":"https:\/\/radiorevelacionfm.cl\/index.php?rest_route=%2Fwp%2Fv2%2Fcategories&post=35428"},{"taxonomy":"post_tag","embeddable":true,"href":"https:\/\/radiorevelacionfm.cl\/index.php?rest_route=%2Fwp%2Fv2%2Ftags&post=35428"}],"curies":[{"name":"wp","href":"https:\/\/api.w.org\/{rel}","templated":true}]}}