{"id":35421,"date":"2023-09-28T21:28:56","date_gmt":"2023-09-29T00:28:56","guid":{"rendered":"https:\/\/radiorevelacionfm.cl\/?p=35421"},"modified":"2023-09-28T21:28:56","modified_gmt":"2023-09-29T00:28:56","slug":"culturas-aysen-y-rava-invitan-a-celebrar-el-dia-de-las-artes-visuales","status":"publish","type":"post","link":"https:\/\/radiorevelacionfm.cl\/?p=35421","title":{"rendered":"Culturas Ays\u00e9n y RAVA invitan a celebrar el D\u00eda de las Artes Visuales"},"content":{"rendered":"<div class=\"flex_column av_one_full  flex_column_div av-zero-column-padding first  avia-builder-el-0  el_before_av_one_full  avia-builder-el-first  \" style='border-radius:0px; '><div  class='avia-image-container  av-styling-    avia-builder-el-1  avia-builder-el-no-sibling  avia-align-center '  itemprop=\"image\" itemscope=\"itemscope\" itemtype=\"https:\/\/schema.org\/ImageObject\"  ><div class='avia-image-container-inner'><div class='avia-image-overlay-wrap'><img decoding=\"async\" class='wp-image-35422 avia-img-lazy-loading-not-35422 avia_image' src=\"https:\/\/radiorevelacionfm.cl\/wp-content\/uploads\/2023\/09\/rava-artes-visuales-1-1.jpg\" alt='' title='rava artes visuales (1) (1)' height=\"600\" width=\"600\"  itemprop=\"thumbnailUrl\" srcset=\"https:\/\/radiorevelacionfm.cl\/wp-content\/uploads\/2023\/09\/rava-artes-visuales-1-1.jpg 600w, https:\/\/radiorevelacionfm.cl\/wp-content\/uploads\/2023\/09\/rava-artes-visuales-1-1-300x300.jpg 300w, https:\/\/radiorevelacionfm.cl\/wp-content\/uploads\/2023\/09\/rava-artes-visuales-1-1-80x80.jpg 80w, https:\/\/radiorevelacionfm.cl\/wp-content\/uploads\/2023\/09\/rava-artes-visuales-1-1-36x36.jpg 36w, https:\/\/radiorevelacionfm.cl\/wp-content\/uploads\/2023\/09\/rava-artes-visuales-1-1-180x180.jpg 180w, https:\/\/radiorevelacionfm.cl\/wp-content\/uploads\/2023\/09\/rava-artes-visuales-1-1-120x120.jpg 120w, https:\/\/radiorevelacionfm.cl\/wp-content\/uploads\/2023\/09\/rava-artes-visuales-1-1-450x450.jpg 450w, https:\/\/radiorevelacionfm.cl\/wp-content\/uploads\/2023\/09\/rava-artes-visuales-1-1-100x100.jpg 100w\" sizes=\"(max-width: 600px) 100vw, 600px\" \/><\/div><\/div><\/div><\/div><div class=\"flex_column av_one_full  flex_column_div av-zero-column-padding first  avia-builder-el-2  el_after_av_one_full  el_before_av_one_full  column-top-margin\" style='border-radius:0px; '><section class=\"av_textblock_section \"  itemscope=\"itemscope\" itemtype=\"https:\/\/schema.org\/BlogPosting\" itemprop=\"blogPost\" ><div class='avia_textblock  '   itemprop=\"text\" ><p style=\"text-align: center;\"><span style=\"font-size: 18pt;\"><b>Culturas Ays\u00e9n y RAVA invitan a celebrar el D\u00eda de las Artes Visuales<\/b><\/span><\/p>\n<div id=\"gtx-trans\" style=\"position: absolute; left: -50px; top: 4.31534px;\">\n<div class=\"gtx-trans-icon\"><\/div>\n<\/div>\n<\/div><\/section><\/div><div class=\"flex_column av_one_full  flex_column_div av-zero-column-padding first  avia-builder-el-4  el_after_av_one_full  el_before_av_hr  column-top-margin\" style='border-radius:0px; '><section class=\"av_textblock_section \"  itemscope=\"itemscope\" itemtype=\"https:\/\/schema.org\/BlogPosting\" itemprop=\"blogPost\" ><div class='avia_textblock  '   itemprop=\"text\" ><p style=\"text-align: justify;\">Cada 29 de septiembre, las Artes Visuales son protagonistas de la cultura, al celebrarse el D\u00eda Nacional de esta expresi\u00f3n que agrupa disciplinas tan variadas como la escultura, la arquitectura, la pintura, el grabado y el dibujo.<\/p>\n<p style=\"text-align: justify;\">Este 2023, la Secretar\u00eda Regional Ministerial de las Culturas, las Artes y el Patrimonio Regi\u00f3n de Ays\u00e9n celebrar\u00e1 junto a la Red de Artistas Visuales RAVA Ays\u00e9n este s\u00e1bado 30 de septiembre en la tradicional Feria Las Quintas.<\/p>\n<p style=\"text-align: justify;\">\u00abQueremos que la comunidad se involucre y participe, que se empape de artes visuales de la mano de este colectivo, cuyas actividades e iniciativas ya han recorrido el territorio aysenino, llevando contenido de alta calidad y, lo m\u00e1s importante, comprometiendo a las comunidades en los procesos art\u00edsticos\u00bb, cuenta el seremi de Culturas Ays\u00e9n, Felipe Quiroz, y a\u00f1ade que \u00abeste tipo de actividades est\u00e1n en la l\u00ednea de lo que nos ha pedido el presidente Gabriel Boric y que es estar en los espacios p\u00fablicos en contacto con la ciudadan\u00eda, aportando alternativas culturales calidad, en este caso, celebrando el D\u00eda de las Artes Visuales\u00bb.<\/p>\n<p style=\"text-align: justify;\">Para Fredy Jofr\u00e9, integrante de RAVA Ays\u00e9n, se trata de una oportunidad para \u00abpara juntarnos en un espacio que es relevante porque la Feria Las Quintas es un lugar en el cual convergen muchas personas, en cuanto a diversidad, es transversal. Entonces es un punto estrat\u00e9gico para poder visibilizar las artes visuales, sobre todo en lugares no convencionales, lugares con alcance, es un espacio abierto y el aire libre. As\u00ed que invitamos a toda la comunidad a sumarse desde las 09:30 de la ma\u00f1ana\u00bb.<\/p>\n<p style=\"text-align: justify;\">Todo comienza el s\u00e1bado a esa hora con el artista invitado, el ceramista y artesano \u00d3scar Picarte, que estar\u00e1 dictando microtalleres gratuitos de la disciplina.<\/p>\n<p class=\"v1elementToProof\" style=\"text-align: justify;\">Entre las 10 y las 12 del mediod\u00eda se desarrollar\u00e1 un conversatorio en torno a las Artes Visuales en el mismo lugar. Este \u00faltimo requiere inscripciones en el correo redartesvisualesaysen@gmail.com.<\/p>\n<\/div><\/section><\/div><div  style='height:50px' class='hr hr-invisible   avia-builder-el-6  el_after_av_one_full  el_before_av_social_share '><span class='hr-inner ' ><span class='hr-inner-style'><\/span><\/span><\/div><\/p>\n<div  class='av-social-sharing-box  avia-builder-el-7  el_after_av_hr  el_before_av_hr  '><div class='av-share-box'><h5 class='av-share-link-description av-no-toc '>Compartir esta noticia<\/h5><ul class='av-share-box-list noLightbox'><li class='av-share-link av-social-link-facebook' ><a target=\"_blank\" aria-label=\"Compartir en Facebook\" href='https:\/\/www.facebook.com\/sharer.php?u=https:\/\/radiorevelacionfm.cl\/?p=35421&#038;t=Culturas%20Ays%C3%A9n%20y%20RAVA%20invitan%20a%20celebrar%20el%20D%C3%ADa%20de%20las%20Artes%20Visuales' aria-hidden='false' data-av_icon='\ue8f3' data-av_iconfont='entypo-fontello' title='' data-avia-related-tooltip='Compartir en Facebook' rel=\"noopener\"><span class='avia_hidden_link_text'>Compartir en Facebook<\/span><\/a><\/li><li class='av-share-link av-social-link-twitter' ><a target=\"_blank\" aria-label=\"Compartir en Twitter\" href='https:\/\/twitter.com\/share?text=Culturas%20Ays%C3%A9n%20y%20RAVA%20invitan%20a%20celebrar%20el%20D%C3%ADa%20de%20las%20Artes%20Visuales&#038;url=https:\/\/radiorevelacionfm.cl\/?p=35421' aria-hidden='false' data-av_icon='\ue8f1' data-av_iconfont='entypo-fontello' title='' data-avia-related-tooltip='Compartir en Twitter' rel=\"noopener\"><span class='avia_hidden_link_text'>Compartir en Twitter<\/span><\/a><\/li><li class='av-share-link av-social-link-whatsapp' ><a target=\"_blank\" aria-label=\"Compartir en Whatsapp\" href='https:\/\/api.whatsapp.com\/send?text=https:\/\/radiorevelacionfm.cl\/?p=35421' aria-hidden='false' data-av_icon='\uf232' data-av_iconfont='entypo-fontello' title='' data-avia-related-tooltip='Compartir en Whatsapp' rel=\"noopener\"><span class='avia_hidden_link_text'>Compartir en Whatsapp<\/span><\/a><\/li><li class='av-share-link av-social-link-linkedin' ><a target=\"_blank\" aria-label=\"Compartir en LinkedIn\" href='https:\/\/linkedin.com\/shareArticle?mini=true&#038;title=Culturas%20Ays%C3%A9n%20y%20RAVA%20invitan%20a%20celebrar%20el%20D%C3%ADa%20de%20las%20Artes%20Visuales&#038;url=https:\/\/radiorevelacionfm.cl\/?p=35421' aria-hidden='false' data-av_icon='\ue8fc' data-av_iconfont='entypo-fontello' title='' data-avia-related-tooltip='Compartir en LinkedIn' rel=\"noopener\"><span class='avia_hidden_link_text'>Compartir en LinkedIn<\/span><\/a><\/li><li class='av-share-link av-social-link-mail' ><a  aria-label=\"Compartir por correo\" href='mailto:?subject=Culturas%20Ays%C3%A9n%20y%20RAVA%20invitan%20a%20celebrar%20el%20D%C3%ADa%20de%20las%20Artes%20Visuales&#038;body=https:\/\/radiorevelacionfm.cl\/?p=35421' aria-hidden='false' data-av_icon='\ue805' data-av_iconfont='entypo-fontello' title='' data-avia-related-tooltip='Compartir por correo'><span class='avia_hidden_link_text'>Compartir por correo<\/span><\/a><\/li><\/ul><\/div><\/div>\n<div  style='height:50px' class='hr hr-invisible   avia-builder-el-8  el_after_av_social_share  el_before_av_comments_list '><span class='hr-inner ' ><span class='hr-inner-style'><\/span><\/span><\/div>\n<div  class='av-buildercomment  av-blog-meta-html-info-disabled av-blog-meta-tag-disabled  '><\/div>\n","protected":false},"excerpt":{"rendered":"","protected":false},"author":1,"featured_media":35422,"comment_status":"open","ping_status":"open","sticky":false,"template":"","format":"standard","meta":{"footnotes":""},"categories":[52],"tags":[],"class_list":["post-35421","post","type-post","status-publish","format-standard","has-post-thumbnail","hentry","category-cultura"],"jetpack_featured_media_url":"https:\/\/radiorevelacionfm.cl\/wp-content\/uploads\/2023\/09\/rava-artes-visuales-1-1.jpg","_links":{"self":[{"href":"https:\/\/radiorevelacionfm.cl\/index.php?rest_route=\/wp\/v2\/posts\/35421","targetHints":{"allow":["GET"]}}],"collection":[{"href":"https:\/\/radiorevelacionfm.cl\/index.php?rest_route=\/wp\/v2\/posts"}],"about":[{"href":"https:\/\/radiorevelacionfm.cl\/index.php?rest_route=\/wp\/v2\/types\/post"}],"author":[{"embeddable":true,"href":"https:\/\/radiorevelacionfm.cl\/index.php?rest_route=\/wp\/v2\/users\/1"}],"replies":[{"embeddable":true,"href":"https:\/\/radiorevelacionfm.cl\/index.php?rest_route=%2Fwp%2Fv2%2Fcomments&post=35421"}],"version-history":[{"count":1,"href":"https:\/\/radiorevelacionfm.cl\/index.php?rest_route=\/wp\/v2\/posts\/35421\/revisions"}],"predecessor-version":[{"id":35423,"href":"https:\/\/radiorevelacionfm.cl\/index.php?rest_route=\/wp\/v2\/posts\/35421\/revisions\/35423"}],"wp:featuredmedia":[{"embeddable":true,"href":"https:\/\/radiorevelacionfm.cl\/index.php?rest_route=\/wp\/v2\/media\/35422"}],"wp:attachment":[{"href":"https:\/\/radiorevelacionfm.cl\/index.php?rest_route=%2Fwp%2Fv2%2Fmedia&parent=35421"}],"wp:term":[{"taxonomy":"category","embeddable":true,"href":"https:\/\/radiorevelacionfm.cl\/index.php?rest_route=%2Fwp%2Fv2%2Fcategories&post=35421"},{"taxonomy":"post_tag","embeddable":true,"href":"https:\/\/radiorevelacionfm.cl\/index.php?rest_route=%2Fwp%2Fv2%2Ftags&post=35421"}],"curies":[{"name":"wp","href":"https:\/\/api.w.org\/{rel}","templated":true}]}}