{"id":35418,"date":"2023-09-28T15:53:54","date_gmt":"2023-09-28T18:53:54","guid":{"rendered":"https:\/\/radiorevelacionfm.cl\/?p=35418"},"modified":"2023-09-28T15:53:54","modified_gmt":"2023-09-28T18:53:54","slug":"puerto-cisnes-se-suma-a-sectores-de-la-region-de-aysen-que-contaran-con-caminos-mejorados-con-aplicacion-de-sellos-asfalticos","status":"publish","type":"post","link":"https:\/\/radiorevelacionfm.cl\/?p=35418","title":{"rendered":"Puerto Cisnes se suma a sectores de la regi\u00f3n de Ays\u00e9n que contar\u00e1n con caminos mejorados con aplicaci\u00f3n de sellos asf\u00e1lticos"},"content":{"rendered":"<div class=\"flex_column av_one_full  flex_column_div av-zero-column-padding first  avia-builder-el-0  el_before_av_one_full  avia-builder-el-first  \" style='border-radius:0px; '><div  class='avia-image-container  av-styling-    avia-builder-el-1  avia-builder-el-no-sibling  avia-align-center '  itemprop=\"image\" itemscope=\"itemscope\" itemtype=\"https:\/\/schema.org\/ImageObject\"  ><div class='avia-image-container-inner'><div class='avia-image-overlay-wrap'><img decoding=\"async\" class='wp-image-35419 avia-img-lazy-loading-not-35419 avia_image' src=\"https:\/\/radiorevelacionfm.cl\/wp-content\/uploads\/2023\/09\/cisnes-00-1-1.jpg\" alt='' title='cisnes-00 (1) (1)' height=\"600\" width=\"1067\"  itemprop=\"thumbnailUrl\" srcset=\"https:\/\/radiorevelacionfm.cl\/wp-content\/uploads\/2023\/09\/cisnes-00-1-1.jpg 1067w, https:\/\/radiorevelacionfm.cl\/wp-content\/uploads\/2023\/09\/cisnes-00-1-1-300x169.jpg 300w, https:\/\/radiorevelacionfm.cl\/wp-content\/uploads\/2023\/09\/cisnes-00-1-1-1030x579.jpg 1030w, https:\/\/radiorevelacionfm.cl\/wp-content\/uploads\/2023\/09\/cisnes-00-1-1-768x432.jpg 768w, https:\/\/radiorevelacionfm.cl\/wp-content\/uploads\/2023\/09\/cisnes-00-1-1-705x396.jpg 705w, https:\/\/radiorevelacionfm.cl\/wp-content\/uploads\/2023\/09\/cisnes-00-1-1-450x253.jpg 450w, https:\/\/radiorevelacionfm.cl\/wp-content\/uploads\/2023\/09\/cisnes-00-1-1-600x337.jpg 600w\" sizes=\"(max-width: 1067px) 100vw, 1067px\" \/><\/div><\/div><\/div><\/div><div class=\"flex_column av_one_full  flex_column_div av-zero-column-padding first  avia-builder-el-2  el_after_av_one_full  el_before_av_one_full  column-top-margin\" style='border-radius:0px; '><section class=\"av_textblock_section \"  itemscope=\"itemscope\" itemtype=\"https:\/\/schema.org\/BlogPosting\" itemprop=\"blogPost\" ><div class='avia_textblock  '   itemprop=\"text\" ><p style=\"text-align: center;\"><strong><span style=\"font-size: 18pt;\">Puerto Cisnes se suma a sectores de la regi\u00f3n de Ays\u00e9n que contar\u00e1n con caminos mejorados con aplicaci\u00f3n de sellos asf\u00e1lticos<\/span><\/strong><\/p>\n<div id=\"gtx-trans\" style=\"position: absolute; left: -50px; top: 4.31534px;\">\n<div class=\"gtx-trans-icon\"><\/div>\n<\/div>\n<\/div><\/section><\/div><div class=\"flex_column av_one_full  flex_column_div av-zero-column-padding first  avia-builder-el-4  el_after_av_one_full  el_before_av_hr  column-top-margin\" style='border-radius:0px; '><section class=\"av_textblock_section \"  itemscope=\"itemscope\" itemtype=\"https:\/\/schema.org\/BlogPosting\" itemprop=\"blogPost\" ><div class='avia_textblock  '   itemprop=\"text\" ><p style=\"text-align: justify;\"><em>Esta iniciativa es parte de los anuncios que realiz\u00f3 la ministra Jessica L\u00f3pez en reciente viaje a la regi\u00f3n de Ays\u00e9n , para avanzar en el mejoramiento de los caminos de la regi\u00f3n con la aplicaci\u00f3n de sellos asf\u00e1lticos en 125 kil\u00f3metros.<\/em><\/p>\n<p style=\"text-align: justify;\">El Secretario Regional Ministerial de Obras P\u00fablicas, Patricio Sanhueza Ulloa, inform\u00f3 que esta semana se reunieron con vecinas y vecinos que residen en el camino antiguo ubicado en el acceso sur a la ciudad de Puerto Cisnes, la Agrupaci\u00f3n de vecinos Las Chacras de Puerto Cisnes y los Concejales Carlos Vald\u00e9s y Francisco Abarca, para anunciarles una serie de obras viales que mejorar\u00e1n las condiciones actuales de este camino y las condiciones de transitabilidad cotidiana de las y los vecinos. Hoy Puerto Cisnes se suma a los otros cinco sectores en los que ya han comenzado los trabajos de mejoramiento vial con sellos asf\u00e1lticos.<\/p>\n<p style=\"text-align: justify;\">En la reuni\u00f3n, la autoridad regional de Obras P\u00fablicas destac\u00f3 \u201cHemos tenido una muy buena reuni\u00f3n con la comunidad en donde nos han acompa\u00f1ado los Concejales Carlos Vald\u00e9s y Francisco Abarca que han impulsado fuertemente la necesidad de avanzar con las mejoras de la red vial, as\u00ed como tambi\u00e9n tantas otras obras, y hemos comunicado el Plan de intervenci\u00f3n que tenemos para la comuna de Cisnes en donde vamos a partir con la pavimentaci\u00f3n de 1 kil\u00f3metro de 4 km que tenemos proyectados materializar, y tambi\u00e9n hemos anunciado obras de mejoramiento vial para la comunidad de Puerto Ra\u00fal Mar\u00edn Balmaceda desde el puente Garrao hasta el sector la rampa. Esto est\u00e1 enmarcado en los anuncios que realiz\u00f3 la ministra Jessica L\u00f3pez Saffie -en su reciente visita a la regi\u00f3n de Ays\u00e9n- que considera 125 kil\u00f3metros en los que queremos avanzar con soluciones intermedias de caminos con sellos asf\u00e1lticos, tanto en la Ruta 7 como en gran parte de las localidades de la regi\u00f3n de Ays\u00e9n. Tambi\u00e9n, nos llevamos las otras necesidades que nos han planteado los Concejales, as\u00ed que nos vamos muy satisfechos con el resultado de esta reuni\u00f3n\u201d.<\/p>\n<p style=\"text-align: justify;\">El camino viejo a Puerto Cisnes tiene una extensi\u00f3n de 9,8 kil\u00f3metros, y es considerado como parte del patrimonio hist\u00f3rico de la provincia, as\u00ed como\u00a0 tambi\u00e9n presenta un alto uso, no solo en la mantenci\u00f3n de la conectividad de las y los vecinos, sino tambi\u00e9n para su uso en actividades recreativas y deportivas. \u201cEn nuestro gobierno hemos planificado abordar durante el a\u00f1o 2024 y parte del a\u00f1o 2025, su intervenci\u00f3n con soluciones intermedias de sellos asf\u00e1lticos y por etapas. A partir del 02 de octubre del a\u00f1o en curso y hasta parte de enero del 2024, vamos a realizar obras de pavimentaci\u00f3n de 1 kil\u00f3metro de camino desde el l\u00edmite urbano con direcci\u00f3n hacia el sector Balneario municipal; y durante el pr\u00f3ximo a\u00f1o, queremos comenzar a trabajar en la pavimentaci\u00f3n desde el sector puente El Salm\u00f3n hasta conectar con este kil\u00f3metro que estamos\u00a0 comenzamos ahora y adem\u00e1s, vamos a pavimentar con la aplicaci\u00f3n de sello asf\u00e1ltico el camino de acceso al Aer\u00f3dromo de Puerto Cisnes. De esta forma, entre los a\u00f1os 2024 y 2025 tenemos programado pavimentar con este tipo de soluciones 4 kil\u00f3metros\u201d, anunci\u00f3 el SEREMI del MOP.<\/p>\n<p style=\"text-align: justify;\">En la reuni\u00f3n, los vecinos mencionaron la situaci\u00f3n actual de este camino, indicando que uno de los problemas grandes eran las socavaciones existentes en esta v\u00eda, pero adem\u00e1s el polvo en suspensi\u00f3n. Estos trabajos y cortes en el tr\u00e1nsito posibilitar\u00e1n resolver estas situaciones, por lo que por parte de la comunidad se constat\u00f3 un importante nivel de satisfacci\u00f3n con la ejecuci\u00f3n de las nuevas obras, aunque signifiquen tener que utilizar v\u00eda alternativa para poder mantenerse conectados con Puerto Cisnes. As\u00ed lo refrend\u00f3 Nicol\u00e1s Aguilar, presidente de la Agrupaci\u00f3n de Vecinos Las Chacras de Puerto Cisnes: \u201cEs s\u00faper importante lo que se est\u00e1 haciendo ahora. Es un trabajo que se ha hecho hace varios a\u00f1os, en donde hemos estado en contacto con Vialidad desde hace seis a\u00f1os por lo menos y hemos estado en post de hacer reparaciones en el camino para mejorar la calidad de vida de los vecinos y principalmente \u00a0la seguridad, lo que tambi\u00e9n que es algo importante para nosotros que transitamos todos los d\u00edas y adem\u00e1s, no solamente para los vecinos que habitamos el sector Las Chacras, adem\u00e1s para la gente que transita hacia el Balneario municipal y hacia el cementerio. La importancia radica en que vamos a tener un camino mucho m\u00e1s expedito, mejor, con m\u00e1s calidad de vida y adem\u00e1s, es m\u00e1s seguro\u201d.<\/p>\n<p style=\"text-align: justify;\">Desde el Ministerio de Obras P\u00fablicas informaron que a la fecha se han efectuado tres reuniones de trabajo y coordinaci\u00f3n con diversos sectores para llevar a efecto las esperadas nuevas obras, indicando al respecto que se mantienen en coordinaci\u00f3n con Senapred, Bomberos, el sector salud, Municipalidad de Cisnes, Carabineros, Concejales y diversos sectores de la comunidad, se\u00f1alando que se est\u00e1n tomando los resguardos necesarios para llevar a buen t\u00e9rmino las obras y paralelamente disminuir sus efectos, por lo que han escuchado las consideraciones se\u00f1aladas por la comunidad, mantienen los canales abiertos con ellos para hacer seguimiento a todo el proceso constructivo de las obras, con el objeto de mantenerlos informados de los avances que se generen, as\u00ed como tambi\u00e9n realizar este corte de tr\u00e1nsito de tal manera que, minimice sus efectos en la vida cotidiana de los cisnenses y visitantes.<\/p>\n<p style=\"text-align: justify;\">Estas mejoras van a significar el corte total del tr\u00e1nsito s\u00f3lo en 1 kil\u00f3metro de este camino, de lunes a domingo y durante todo el d\u00eda. Los peatones y ciclistas podr\u00e1n circular por el sector manteniendo el autocuidado y precauci\u00f3n, y los veh\u00edculos de emergencia tambi\u00e9n tendr\u00e1n acceso a esta ruta. Existe una v\u00eda alternativa que aunque es m\u00e1s extensa, se puede utilizar para mantener la conectividad de los y las vecinas. La comunidad ha manifestado que por muchos a\u00f1os han esperado poder concretar la realizaci\u00f3n de estas obras que para ellos significan un importante adelanto, y hoy el Ministerio de Obras P\u00fablicas tiene la oportunidad, los recursos y nueva tecnolog\u00eda que posibilita cumplir con el anhelado sue\u00f1o de la comunidad.<\/p>\n<p style=\"text-align: justify;\">Para la integrante de la Agrupaci\u00f3n de Vecinos Las Chacras de Puerto Cisnes, Daniela Cabello, estas obras son muy necesarias y se justifican plenamente. \u201cVa a ser una obra que nos va a dar mayor calidad de vida, va a ser m\u00e1s seguro para el tr\u00e1nsito de los que vivimos en la zona, m\u00e1s la gente que vive en Puerto Cisnes y va hacia el Balneario y hacia el cementerio, as\u00ed que claramente nos va a ayudar a todos a que podamos tener una mayor seguridad al transitar\u201d.<\/p>\n<p style=\"text-align: justify;\">Para el Concejal por la comuna de Cisnes, Carlos Vald\u00e9s Anti\u00f1anco fue una reuni\u00f3n muy provechosa. \u201cConocer\u00a0 lo que va a significar el pavimento de 1 kil\u00f3metro de lo que es el camino del corte \u2013como dice la gente- que generalmente tiene mucho da\u00f1o producto de la lluvia, es una gran obra, un gran avance para la localidad y en general para los vecinos que viven en el sector y para el turismo tambi\u00e9n, porque ese es un camino que es tur\u00edstico, y que sirve para que la gente haga deportes. En la reuni\u00f3n, tambi\u00e9n se plante\u00f3 una necesidad de una vecina, que se pudiese en el futuro tal vez limitar el paso de veh\u00edculos camiones de alto tonelaje por ah\u00ed, porque es muy angosto y ahora que va a estar pavimentado tal vez va a haber un aumento de peatones, de gente que hace bicicleta, que visita el balneario y por lo tanto, es una opci\u00f3n que se puede analizar en el futuro\u201d.<\/p>\n<p style=\"text-align: justify;\">Consultado respecto a las implicancias de estas obras, el Concejal por la comuna de Cisnes, Francisco Abarca, se\u00f1al\u00f3 \u201cen realidad ha sido una reuni\u00f3n positiva. Destacar que no solamente se viene a dar cuenta de las caracter\u00edsticas que va a tener el trabajo de la pavimentaci\u00f3n de 1 kil\u00f3metro de un sector bastante complicado de nuestra localidad que es el sector del corte, sino tambi\u00e9n se viene a dar la noticia de una soluci\u00f3n para todo el camino antiguo de nuestra localidad, el que cada d\u00eda tiene m\u00e1s tr\u00e1nsito, cada d\u00eda hay m\u00e1s personas que habitan el sector rural y en dos a\u00f1os probablemente podamos tener esta soluci\u00f3n de pavimentaci\u00f3n intermedia para nuestro camino antiguo, lo que ser\u00e1 un cambio significativo para nuestra gente. En cuanto al turismo, yo creo que si bien es cierto va haber una afectaci\u00f3n en estos meses de intervenci\u00f3n, va a ser una afectaci\u00f3n m\u00ednima en comparaci\u00f3n a lo que pudiera ser una intervenci\u00f3n que no signifique el cierre y definitivamente el turismo y todo el desarrollo de la localidad, ambos accesos, la ruta patrimonial que se llama al sector del Corte, as\u00ed que estamos muy contentos con esta noticia y nos quedamos con la tarea de trabajar para cumplir con el tramo que falta, que es de administraci\u00f3n municipal\u201d.<\/p>\n<\/div><\/section><\/div><div  style='height:50px' class='hr hr-invisible   avia-builder-el-6  el_after_av_one_full  el_before_av_social_share '><span class='hr-inner ' ><span class='hr-inner-style'><\/span><\/span><\/div><\/p>\n<div  class='av-social-sharing-box  avia-builder-el-7  el_after_av_hr  el_before_av_hr  '><div class='av-share-box'><h5 class='av-share-link-description av-no-toc '>Compartir esta noticia<\/h5><ul class='av-share-box-list noLightbox'><li class='av-share-link av-social-link-facebook' ><a target=\"_blank\" aria-label=\"Compartir en Facebook\" href='https:\/\/www.facebook.com\/sharer.php?u=https:\/\/radiorevelacionfm.cl\/?p=35418&#038;t=Puerto%20Cisnes%20se%20suma%20a%20sectores%20de%20la%20regi%C3%B3n%20de%20Ays%C3%A9n%20que%20contar%C3%A1n%20con%20caminos%20mejorados%20con%20aplicaci%C3%B3n%20de%20sellos%20asf%C3%A1lticos' aria-hidden='false' data-av_icon='\ue8f3' data-av_iconfont='entypo-fontello' title='' data-avia-related-tooltip='Compartir en Facebook' rel=\"noopener\"><span class='avia_hidden_link_text'>Compartir en Facebook<\/span><\/a><\/li><li class='av-share-link av-social-link-twitter' ><a target=\"_blank\" aria-label=\"Compartir en Twitter\" href='https:\/\/twitter.com\/share?text=Puerto%20Cisnes%20se%20suma%20a%20sectores%20de%20la%20regi%C3%B3n%20de%20Ays%C3%A9n%20que%20contar%C3%A1n%20con%20caminos%20mejorados%20con%20aplicaci%C3%B3n%20de%20sellos%20asf%C3%A1lticos&#038;url=https:\/\/radiorevelacionfm.cl\/?p=35418' aria-hidden='false' data-av_icon='\ue8f1' data-av_iconfont='entypo-fontello' title='' data-avia-related-tooltip='Compartir en Twitter' rel=\"noopener\"><span class='avia_hidden_link_text'>Compartir en Twitter<\/span><\/a><\/li><li class='av-share-link av-social-link-whatsapp' ><a target=\"_blank\" aria-label=\"Compartir en Whatsapp\" href='https:\/\/api.whatsapp.com\/send?text=https:\/\/radiorevelacionfm.cl\/?p=35418' aria-hidden='false' data-av_icon='\uf232' data-av_iconfont='entypo-fontello' title='' data-avia-related-tooltip='Compartir en Whatsapp' rel=\"noopener\"><span class='avia_hidden_link_text'>Compartir en Whatsapp<\/span><\/a><\/li><li class='av-share-link av-social-link-linkedin' ><a target=\"_blank\" aria-label=\"Compartir en LinkedIn\" href='https:\/\/linkedin.com\/shareArticle?mini=true&#038;title=Puerto%20Cisnes%20se%20suma%20a%20sectores%20de%20la%20regi%C3%B3n%20de%20Ays%C3%A9n%20que%20contar%C3%A1n%20con%20caminos%20mejorados%20con%20aplicaci%C3%B3n%20de%20sellos%20asf%C3%A1lticos&#038;url=https:\/\/radiorevelacionfm.cl\/?p=35418' aria-hidden='false' data-av_icon='\ue8fc' data-av_iconfont='entypo-fontello' title='' data-avia-related-tooltip='Compartir en LinkedIn' rel=\"noopener\"><span class='avia_hidden_link_text'>Compartir en LinkedIn<\/span><\/a><\/li><li class='av-share-link av-social-link-mail' ><a  aria-label=\"Compartir por correo\" href='mailto:?subject=Puerto%20Cisnes%20se%20suma%20a%20sectores%20de%20la%20regi%C3%B3n%20de%20Ays%C3%A9n%20que%20contar%C3%A1n%20con%20caminos%20mejorados%20con%20aplicaci%C3%B3n%20de%20sellos%20asf%C3%A1lticos&#038;body=https:\/\/radiorevelacionfm.cl\/?p=35418' aria-hidden='false' data-av_icon='\ue805' data-av_iconfont='entypo-fontello' title='' data-avia-related-tooltip='Compartir por correo'><span class='avia_hidden_link_text'>Compartir por correo<\/span><\/a><\/li><\/ul><\/div><\/div>\n<div  style='height:50px' class='hr hr-invisible   avia-builder-el-8  el_after_av_social_share  el_before_av_comments_list '><span class='hr-inner ' ><span class='hr-inner-style'><\/span><\/span><\/div>\n<div  class='av-buildercomment  av-blog-meta-html-info-disabled av-blog-meta-tag-disabled  '><\/div>\n","protected":false},"excerpt":{"rendered":"","protected":false},"author":1,"featured_media":35419,"comment_status":"open","ping_status":"open","sticky":false,"template":"","format":"standard","meta":{"footnotes":""},"categories":[38],"tags":[],"class_list":["post-35418","post","type-post","status-publish","format-standard","has-post-thumbnail","hentry","category-regional"],"jetpack_featured_media_url":"https:\/\/radiorevelacionfm.cl\/wp-content\/uploads\/2023\/09\/cisnes-00-1-1.jpg","_links":{"self":[{"href":"https:\/\/radiorevelacionfm.cl\/index.php?rest_route=\/wp\/v2\/posts\/35418","targetHints":{"allow":["GET"]}}],"collection":[{"href":"https:\/\/radiorevelacionfm.cl\/index.php?rest_route=\/wp\/v2\/posts"}],"about":[{"href":"https:\/\/radiorevelacionfm.cl\/index.php?rest_route=\/wp\/v2\/types\/post"}],"author":[{"embeddable":true,"href":"https:\/\/radiorevelacionfm.cl\/index.php?rest_route=\/wp\/v2\/users\/1"}],"replies":[{"embeddable":true,"href":"https:\/\/radiorevelacionfm.cl\/index.php?rest_route=%2Fwp%2Fv2%2Fcomments&post=35418"}],"version-history":[{"count":1,"href":"https:\/\/radiorevelacionfm.cl\/index.php?rest_route=\/wp\/v2\/posts\/35418\/revisions"}],"predecessor-version":[{"id":35420,"href":"https:\/\/radiorevelacionfm.cl\/index.php?rest_route=\/wp\/v2\/posts\/35418\/revisions\/35420"}],"wp:featuredmedia":[{"embeddable":true,"href":"https:\/\/radiorevelacionfm.cl\/index.php?rest_route=\/wp\/v2\/media\/35419"}],"wp:attachment":[{"href":"https:\/\/radiorevelacionfm.cl\/index.php?rest_route=%2Fwp%2Fv2%2Fmedia&parent=35418"}],"wp:term":[{"taxonomy":"category","embeddable":true,"href":"https:\/\/radiorevelacionfm.cl\/index.php?rest_route=%2Fwp%2Fv2%2Fcategories&post=35418"},{"taxonomy":"post_tag","embeddable":true,"href":"https:\/\/radiorevelacionfm.cl\/index.php?rest_route=%2Fwp%2Fv2%2Ftags&post=35418"}],"curies":[{"name":"wp","href":"https:\/\/api.w.org\/{rel}","templated":true}]}}