{"id":35415,"date":"2023-09-29T15:34:36","date_gmt":"2023-09-29T18:34:36","guid":{"rendered":"https:\/\/radiorevelacionfm.cl\/?p=35415"},"modified":"2023-09-29T15:34:36","modified_gmt":"2023-09-29T18:34:36","slug":"educacion-inicia-proceso-participativo-para-la-construccion-del-proyecto-de-ley-de-trayectorias-directivas","status":"publish","type":"post","link":"https:\/\/radiorevelacionfm.cl\/?p=35415","title":{"rendered":"Educaci\u00f3n inicia proceso participativo para la construcci\u00f3n del proyecto de ley de Trayectorias Directivas"},"content":{"rendered":"<div class=\"flex_column av_one_full  flex_column_div av-zero-column-padding first  avia-builder-el-0  el_before_av_one_full  avia-builder-el-first  \" style='border-radius:0px; '><div  class='avia-image-container  av-styling-    avia-builder-el-1  avia-builder-el-no-sibling  avia-align-center '  itemprop=\"image\" itemscope=\"itemscope\" itemtype=\"https:\/\/schema.org\/ImageObject\"  ><div class='avia-image-container-inner'><div class='avia-image-overlay-wrap'><img decoding=\"async\" class='wp-image-35416 avia-img-lazy-loading-not-35416 avia_image' src=\"https:\/\/radiorevelacionfm.cl\/wp-content\/uploads\/2023\/09\/Foto-DD-1-1.jpeg\" alt='' title='Foto DD (1) (1)' height=\"600\" width=\"900\"  itemprop=\"thumbnailUrl\" srcset=\"https:\/\/radiorevelacionfm.cl\/wp-content\/uploads\/2023\/09\/Foto-DD-1-1.jpeg 900w, https:\/\/radiorevelacionfm.cl\/wp-content\/uploads\/2023\/09\/Foto-DD-1-1-300x200.jpeg 300w, https:\/\/radiorevelacionfm.cl\/wp-content\/uploads\/2023\/09\/Foto-DD-1-1-768x512.jpeg 768w, https:\/\/radiorevelacionfm.cl\/wp-content\/uploads\/2023\/09\/Foto-DD-1-1-705x470.jpeg 705w, https:\/\/radiorevelacionfm.cl\/wp-content\/uploads\/2023\/09\/Foto-DD-1-1-450x300.jpeg 450w, https:\/\/radiorevelacionfm.cl\/wp-content\/uploads\/2023\/09\/Foto-DD-1-1-600x400.jpeg 600w\" sizes=\"(max-width: 900px) 100vw, 900px\" \/><\/div><\/div><\/div><\/div><div class=\"flex_column av_one_full  flex_column_div av-zero-column-padding first  avia-builder-el-2  el_after_av_one_full  el_before_av_one_full  column-top-margin\" style='border-radius:0px; '><section class=\"av_textblock_section \"  itemscope=\"itemscope\" itemtype=\"https:\/\/schema.org\/BlogPosting\" itemprop=\"blogPost\" ><div class='avia_textblock  '   itemprop=\"text\" ><p style=\"text-align: center;\"><strong><span style=\"font-size: 18pt;\">Educaci\u00f3n inicia proceso participativo para la construcci\u00f3n del proyecto de ley de Trayectorias Directivas <\/span><\/strong><\/p>\n<div id=\"gtx-trans\" style=\"position: absolute; left: -50px; top: 4.31534px;\">\n<div class=\"gtx-trans-icon\"><\/div>\n<\/div>\n<\/div><\/section><\/div><div class=\"flex_column av_one_full  flex_column_div av-zero-column-padding first  avia-builder-el-4  el_after_av_one_full  el_before_av_hr  column-top-margin\" style='border-radius:0px; '><section class=\"av_textblock_section \"  itemscope=\"itemscope\" itemtype=\"https:\/\/schema.org\/BlogPosting\" itemprop=\"blogPost\" ><div class='avia_textblock  '   itemprop=\"text\" ><p class=\"v1MsoNormal\" style=\"text-align: justify;\"><span lang=\"es-419\">A trav\u00e9s de una consulta nacional, encuentros regionales en todo el pa\u00eds y encuentros online tem\u00e1ticos, el CPEIP, \u2013con el apoyo de Elige Educar y CoCrecer\u2013 llevar\u00e1 a cabo el proceso participativo denominado Di\u00e1logos Directivos. Un espacio a trav\u00e9s del cual se indagar\u00e1 en las percepciones, reflexiones y experiencias de docentes, educadoras de p\u00e1rvulos y equipos directivos sobre las trayectorias directivas.<\/span><\/p>\n<p class=\"v1MsoNormal\" style=\"text-align: justify;\"><span lang=\"es-419\">\u201cEl CPEIP se hace parte de una ruta de trabajo de esta administraci\u00f3n para presentar un proyecto de ley de Trayectorias Directivas, para lo cual constituye un anillo consultivo con los involucrados. La relevancia est\u00e1 en que este espacio re\u00fane a actores de distintos niveles profesionales y en distintas condiciones educacionales: desde la ruralidad a la ciudad, desde jardines infantiles, educaci\u00f3n b\u00e1sica, media, TP y hasta educaci\u00f3n de j\u00f3venes y adultos\u201d, explic\u00f3 Sonia Miranda, Secretaria T\u00e9cnica del Comit\u00e9 Local de Desarrollo Profesional Docente del CPEIP.<\/span><\/p>\n<p class=\"v1MsoNormal\" style=\"text-align: justify;\"><span lang=\"es-419\">El lanzamiento de Di\u00e1logos Directivos se realiz\u00f3 en la Biblioteca Regional de Ays\u00e9n, Coyhaique, sede de su primer encuentro regional que reuni\u00f3 a 47 miembros de equipos directivos de la ciudad. En la instancia, tambi\u00e9n se abri\u00f3 la convocatoria a participar de la consulta nacional online, la cual pretende levantar a m\u00e1s de 3 mil profesionales del sistema educativo.<\/span><\/p>\n<p class=\"v1MsoNormal\" style=\"text-align: justify;\"><span lang=\"es-419\">\u201cEl Presidente Gabriel Boric en su programa de gobierno expres\u00f3 un compromiso con los docentes y su desarrollo profesional. En ese contexto creemos que es muy importante este espacio para que los docentes de regiones extremas como la nuestra expresen su opini\u00f3n y aporten desde el territorio a la construcci\u00f3n del Sistema de Desarrollo de Trayectorias Directivas El Ministerio de educaci\u00f3n ha asumido este compromiso a trav\u00e9s del CPEIP, recogiendo la experiencia del sistema de desarrollo profesional docente y las diversas iniciativas de las \u00e1reas de liderazgo, las que deben nutrir la propuesta de un proyecto de ley en esta materia\u201d, opin\u00f3 la Seremi de Educaci\u00f3n de Ays\u00e9n, Isabel Garrido Casassa.<\/span><\/p>\n<p class=\"v1MsoNormal\" style=\"text-align: justify;\"><span lang=\"es-419\">Di\u00e1logos Directivos se centrar\u00e1 en temas como la incorporaci\u00f3n y progresi\u00f3n de los equipos directivos en el sistema de trayectorias directivas; y sus posibilidades de formaci\u00f3n y retroalimentaci\u00f3n de acuerdo a su desarrollo profesional. Todas estas reflexiones ser\u00e1n sistematizadas y analizadas por Elige Educar y CoCrecer, instituciones que entregar\u00e1n un informe de resultados a CPEIP que le servir\u00e1 de insumo y respaldo a partir de las voces de los actores m\u00e1s relevantes para el proyecto de ley de Trayectorias Directivas.<\/span><\/p>\n<p class=\"v1MsoNormal\" style=\"text-align: justify;\"><span lang=\"es-419\">\u201cEste proceso marca un paso m\u00e1s hacia una nueva forma de entender c\u00f3mo se construyen las pol\u00edticas p\u00fablicas. Solo escuchando y construyendo soluciones con los actores involucrados podemos dar respuestas que entiendan las diferentes realidades que viven los establecimientos educacionales a lo largo del pa\u00eds\u201d, valor\u00f3 Ignacio Maldonado, Director de Impulso de Pol\u00edticas P\u00fablicas de Elige Educar.<\/span><\/p>\n<p class=\"v1MsoNormal\" style=\"text-align: justify;\"><span lang=\"es-419\">\u201cPara atraer directores\/as y directivos bien preparados y comprometidos en las escuelas, liceos y jardines infantiles del siglo XXI en nuestro pa\u00eds y en particular en espacios\u00a0 con alta complejidad socioeducativa y lograr su permanencia, es importante elaborar una propuesta que ofrezca expectativas de aprendizaje profesional colaborativo y continuo sumado a una trayectoria de reconocimientos son una clave para la mejora escolar en Chile\u201d, se\u00f1ala Carola Gana, coordinadora del \u00e1rea de liderazgo del CPEIP.\u00a0<\/span><\/p>\n<p class=\"v1MsoNormal\" style=\"text-align: justify;\"><span lang=\"es-419\">Los detalles de Di\u00e1logos Directivos est\u00e1n disponibles en su p\u00e1gina web www.dialogosdirectivos.cl, donde a finales de este a\u00f1o se publicar\u00e1n los resultados del proceso participativo.<\/span><\/p>\n<p class=\"v1MsoNormal\" style=\"text-align: justify;\"><span lang=\"es-419\">\u00a0<\/span><\/p>\n<\/div><\/section><\/div><div  style='height:50px' class='hr hr-invisible   avia-builder-el-6  el_after_av_one_full  el_before_av_social_share '><span class='hr-inner ' ><span class='hr-inner-style'><\/span><\/span><\/div><\/p>\n<div  class='av-social-sharing-box  avia-builder-el-7  el_after_av_hr  el_before_av_hr  '><div class='av-share-box'><h5 class='av-share-link-description av-no-toc '>Compartir esta noticia<\/h5><ul class='av-share-box-list noLightbox'><li class='av-share-link av-social-link-facebook' ><a target=\"_blank\" aria-label=\"Compartir en Facebook\" href='https:\/\/www.facebook.com\/sharer.php?u=https:\/\/radiorevelacionfm.cl\/?p=35415&#038;t=Educaci%C3%B3n%20inicia%20proceso%20participativo%20para%20la%20construcci%C3%B3n%20del%20proyecto%20de%20ley%20de%20Trayectorias%20Directivas' aria-hidden='false' data-av_icon='\ue8f3' data-av_iconfont='entypo-fontello' title='' data-avia-related-tooltip='Compartir en Facebook' rel=\"noopener\"><span class='avia_hidden_link_text'>Compartir en Facebook<\/span><\/a><\/li><li class='av-share-link av-social-link-twitter' ><a target=\"_blank\" aria-label=\"Compartir en Twitter\" href='https:\/\/twitter.com\/share?text=Educaci%C3%B3n%20inicia%20proceso%20participativo%20para%20la%20construcci%C3%B3n%20del%20proyecto%20de%20ley%20de%20Trayectorias%20Directivas&#038;url=https:\/\/radiorevelacionfm.cl\/?p=35415' aria-hidden='false' data-av_icon='\ue8f1' data-av_iconfont='entypo-fontello' title='' data-avia-related-tooltip='Compartir en Twitter' rel=\"noopener\"><span class='avia_hidden_link_text'>Compartir en Twitter<\/span><\/a><\/li><li class='av-share-link av-social-link-whatsapp' ><a target=\"_blank\" aria-label=\"Compartir en Whatsapp\" href='https:\/\/api.whatsapp.com\/send?text=https:\/\/radiorevelacionfm.cl\/?p=35415' aria-hidden='false' data-av_icon='\uf232' data-av_iconfont='entypo-fontello' title='' data-avia-related-tooltip='Compartir en Whatsapp' rel=\"noopener\"><span class='avia_hidden_link_text'>Compartir en Whatsapp<\/span><\/a><\/li><li class='av-share-link av-social-link-linkedin' ><a target=\"_blank\" aria-label=\"Compartir en LinkedIn\" href='https:\/\/linkedin.com\/shareArticle?mini=true&#038;title=Educaci%C3%B3n%20inicia%20proceso%20participativo%20para%20la%20construcci%C3%B3n%20del%20proyecto%20de%20ley%20de%20Trayectorias%20Directivas&#038;url=https:\/\/radiorevelacionfm.cl\/?p=35415' aria-hidden='false' data-av_icon='\ue8fc' data-av_iconfont='entypo-fontello' title='' data-avia-related-tooltip='Compartir en LinkedIn' rel=\"noopener\"><span class='avia_hidden_link_text'>Compartir en LinkedIn<\/span><\/a><\/li><li class='av-share-link av-social-link-mail' ><a  aria-label=\"Compartir por correo\" href='mailto:?subject=Educaci%C3%B3n%20inicia%20proceso%20participativo%20para%20la%20construcci%C3%B3n%20del%20proyecto%20de%20ley%20de%20Trayectorias%20Directivas&#038;body=https:\/\/radiorevelacionfm.cl\/?p=35415' aria-hidden='false' data-av_icon='\ue805' data-av_iconfont='entypo-fontello' title='' data-avia-related-tooltip='Compartir por correo'><span class='avia_hidden_link_text'>Compartir por correo<\/span><\/a><\/li><\/ul><\/div><\/div>\n<div  style='height:50px' class='hr hr-invisible   avia-builder-el-8  el_after_av_social_share  el_before_av_comments_list '><span class='hr-inner ' ><span class='hr-inner-style'><\/span><\/span><\/div>\n<div  class='av-buildercomment  av-blog-meta-html-info-disabled av-blog-meta-tag-disabled  '><\/div>\n","protected":false},"excerpt":{"rendered":"","protected":false},"author":1,"featured_media":35416,"comment_status":"open","ping_status":"open","sticky":false,"template":"","format":"standard","meta":{"footnotes":""},"categories":[49],"tags":[],"class_list":["post-35415","post","type-post","status-publish","format-standard","has-post-thumbnail","hentry","category-educacion"],"jetpack_featured_media_url":"https:\/\/radiorevelacionfm.cl\/wp-content\/uploads\/2023\/09\/Foto-DD-1-1.jpeg","_links":{"self":[{"href":"https:\/\/radiorevelacionfm.cl\/index.php?rest_route=\/wp\/v2\/posts\/35415","targetHints":{"allow":["GET"]}}],"collection":[{"href":"https:\/\/radiorevelacionfm.cl\/index.php?rest_route=\/wp\/v2\/posts"}],"about":[{"href":"https:\/\/radiorevelacionfm.cl\/index.php?rest_route=\/wp\/v2\/types\/post"}],"author":[{"embeddable":true,"href":"https:\/\/radiorevelacionfm.cl\/index.php?rest_route=\/wp\/v2\/users\/1"}],"replies":[{"embeddable":true,"href":"https:\/\/radiorevelacionfm.cl\/index.php?rest_route=%2Fwp%2Fv2%2Fcomments&post=35415"}],"version-history":[{"count":1,"href":"https:\/\/radiorevelacionfm.cl\/index.php?rest_route=\/wp\/v2\/posts\/35415\/revisions"}],"predecessor-version":[{"id":35417,"href":"https:\/\/radiorevelacionfm.cl\/index.php?rest_route=\/wp\/v2\/posts\/35415\/revisions\/35417"}],"wp:featuredmedia":[{"embeddable":true,"href":"https:\/\/radiorevelacionfm.cl\/index.php?rest_route=\/wp\/v2\/media\/35416"}],"wp:attachment":[{"href":"https:\/\/radiorevelacionfm.cl\/index.php?rest_route=%2Fwp%2Fv2%2Fmedia&parent=35415"}],"wp:term":[{"taxonomy":"category","embeddable":true,"href":"https:\/\/radiorevelacionfm.cl\/index.php?rest_route=%2Fwp%2Fv2%2Fcategories&post=35415"},{"taxonomy":"post_tag","embeddable":true,"href":"https:\/\/radiorevelacionfm.cl\/index.php?rest_route=%2Fwp%2Fv2%2Ftags&post=35415"}],"curies":[{"name":"wp","href":"https:\/\/api.w.org\/{rel}","templated":true}]}}