{"id":35411,"date":"2023-09-29T11:22:48","date_gmt":"2023-09-29T14:22:48","guid":{"rendered":"https:\/\/radiorevelacionfm.cl\/?p=35411"},"modified":"2023-09-29T11:22:48","modified_gmt":"2023-09-29T14:22:48","slug":"seminario-abordara-propuestas-territoriales-sostenibles-para-enfrentar-crisis-climatica-en-aysen","status":"publish","type":"post","link":"https:\/\/radiorevelacionfm.cl\/?p=35411","title":{"rendered":"Seminario abordar\u00e1 propuestas territoriales sostenibles para enfrentar crisis clim\u00e1tica en Ays\u00e9n"},"content":{"rendered":"<div class=\"flex_column av_one_full  flex_column_div av-zero-column-padding first  avia-builder-el-0  el_before_av_one_full  avia-builder-el-first  \" style='border-radius:0px; '><div  class='avia-image-container  av-styling-    avia-builder-el-1  avia-builder-el-no-sibling  avia-align-center '  itemprop=\"image\" itemscope=\"itemscope\" itemtype=\"https:\/\/schema.org\/ImageObject\"  ><div class='avia-image-container-inner'><div class='avia-image-overlay-wrap'><img decoding=\"async\" class='wp-image-35412 avia-img-lazy-loading-not-35412 avia_image' src=\"https:\/\/radiorevelacionfm.cl\/wp-content\/uploads\/2023\/09\/Feed-Seminario-alta-1-1.jpg\" alt='' title='Feed Seminario alta (1) (1)' height=\"600\" width=\"464\"  itemprop=\"thumbnailUrl\" srcset=\"https:\/\/radiorevelacionfm.cl\/wp-content\/uploads\/2023\/09\/Feed-Seminario-alta-1-1.jpg 464w, https:\/\/radiorevelacionfm.cl\/wp-content\/uploads\/2023\/09\/Feed-Seminario-alta-1-1-232x300.jpg 232w, https:\/\/radiorevelacionfm.cl\/wp-content\/uploads\/2023\/09\/Feed-Seminario-alta-1-1-450x582.jpg 450w\" sizes=\"(max-width: 464px) 100vw, 464px\" \/><\/div><\/div><\/div><\/div><div class=\"flex_column av_one_full  flex_column_div av-zero-column-padding first  avia-builder-el-2  el_after_av_one_full  el_before_av_one_full  column-top-margin\" style='border-radius:0px; '><section class=\"av_textblock_section \"  itemscope=\"itemscope\" itemtype=\"https:\/\/schema.org\/BlogPosting\" itemprop=\"blogPost\" ><div class='avia_textblock  '   itemprop=\"text\" ><p style=\"text-align: center;\"><span style=\"font-size: 18pt;\"><b><span lang=\"X-NONE\">Seminario abordar\u00e1 propuestas territoriales sostenibles para enfrentar crisis clim\u00e1tica en Ays\u00e9n<\/span><\/b><\/span><\/p>\n<div id=\"gtx-trans\" style=\"position: absolute; left: -50px; top: 4.31534px;\">\n<div class=\"gtx-trans-icon\"><\/div>\n<\/div>\n<\/div><\/section><\/div><div class=\"flex_column av_one_full  flex_column_div av-zero-column-padding first  avia-builder-el-4  el_after_av_one_full  el_before_av_hr  column-top-margin\" style='border-radius:0px; '><section class=\"av_textblock_section \"  itemscope=\"itemscope\" itemtype=\"https:\/\/schema.org\/BlogPosting\" itemprop=\"blogPost\" ><div class='avia_textblock  '   itemprop=\"text\" ><p style=\"text-align: justify;\"><i><span lang=\"ES\">Participar<\/span><\/i><i><span lang=\"X-NONE\">\u00e1n expositore\/as de<span class=\"v1gmail-Apple-converted-space\">\u00a0<\/span><\/span><span lang=\"ES\">la Fundaci<\/span><\/i><i><span lang=\"X-NONE\">\u00f3n Chile, el Ministerio del Medio Ambiente, el Programa de Reducci\u00f3n de Riesgo y Desastres de la Universidad de Chile, la Universidad de Ays\u00e9n, adem\u00e1s de representantes del sector privado y sociedad civil regional.<\/span><\/i><\/p>\n<p class=\"v1MsoNormal\" style=\"text-align: justify;\"><span lang=\"ES\">Como una forma de aportar a un debate amplio sobre las opciones territoriales sostenibles para enfrentar los efectos del cambio clim<\/span><span lang=\"X-NONE\">\u00e1tico en la regi\u00f3n, en t\u00e9rminos de mitigaci\u00f3n y adaptaci\u00f3n, el viernes 13 de octubre se realizar\u00e1 el seminario \u00ab<i>Crisis Clim\u00e1tica en Ays\u00e9n: Miradas estructurales para enfrentar el dilema<\/i>\u00ab. La actividad, que se desarrollar\u00e1 en el Museo Regional de Ays\u00e9n en Coyhaique, es organizada en conjunto por la Corporaci\u00f3n Privada para el Desarrollo de Ays\u00e9n (CODESA), la Agrupaci\u00f3n Ays\u00e9n Reserva de Vida y Chile Sustentable, en el marco de un convenio de colaboraci\u00f3n con la Universidad de Ays\u00e9n.<\/span><\/p>\n<p class=\"v1MsoNormal\" style=\"text-align: justify;\"><span lang=\"X-NONE\">La jornada se iniciar\u00e1 a las 9AM.<\/span><\/p>\n<p class=\"v1MsoNormal\" style=\"text-align: justify;\"><span lang=\"X-NONE\">El<span class=\"v1gmail-Apple-converted-space\">\u00a0<\/span>primer panel<span class=\"v1gmail-Apple-converted-space\">\u00a0<\/span>abordar\u00e1 las<span class=\"v1gmail-Apple-converted-space\">\u00a0<\/span>soluciones ciudadanas basadas en la naturaleza, con la exposici\u00f3n de la<span class=\"v1gmail-Apple-converted-space\">\u00a0<\/span>subgerenta de Sustentabilidad de la Fundaci\u00f3n Chile, Ulrike Broschek Santelices. La qu\u00edmica ambiental fue parte del equipo de desarrollo y edici\u00f3n de contenidos del Manual \u00ab<i>Herramienta Estrat\u00e9gica para Selecci\u00f3n de Medidas, Acciones y Soluciones H\u00eddricas<\/i>\u00ab, que forma parte de la iniciativa Escenarios H\u00eddricos 2030. Tambi\u00e9n expondr\u00e1n los arquitectos<span class=\"v1gmail-Apple-converted-space\">\u00a0<\/span>Andr\u00e9s Villouta Contreras y Mar\u00eda de los \u00c1ngeles Lobos Z\u00fa\u00f1iga, responsables de LANARQ, Arquitectura Eficiente y Sustentable,<span class=\"v1gmail-Apple-converted-space\">\u00a0<\/span>quienes se referir\u00e1n al trabajo realizado en pos de incorporar la lana al proceso de aislamiento t\u00e9rmico regional, con un mirada comunitaria donde la trazabilidad de la producci\u00f3n ovina sea un factor relevante.<\/span><\/p>\n<p class=\"v1MsoNormal\" style=\"text-align: justify;\"><span lang=\"X-NONE\">El<span class=\"v1gmail-Apple-converted-space\">\u00a0<\/span>segundo panel<span class=\"v1gmail-Apple-converted-space\">\u00a0<\/span>estar\u00e1 dirigido a dialogar sobre<span class=\"v1gmail-Apple-converted-space\">\u00a0<\/span>acciones con cobeneficios, es decir, que permitan tanto reducir la emisi\u00f3n de gases de efecto invernadero como adaptarse a los efectos del cambio clim\u00e1tico. La<span class=\"v1gmail-Apple-converted-space\">\u00a0<\/span>jefa del Departamento de Adaptaci\u00f3n Clim\u00e1tica del Ministerio del Medio Ambiente, la ingeniero civil qu\u00edmico Maritza Jadrijevic Girardi,<span class=\"v1gmail-Apple-converted-space\">\u00a0<\/span>ser\u00e1 la encargada de dar la visi\u00f3n del gobierno en la materia, siendo \u00e9ste uno de los focos priorizados por la ministra Maisa Rojas,<span class=\"v1gmail-Apple-converted-space\">\u00a0<\/span><\/span><span lang=\"ES\"><a href=\"https:\/\/www.cualestuhuella.cl\/noticia\/noticias\/2023\/03\/proteccion-turberas-gestion-binacional-lago-general-carrera\" target=\"_blank\" rel=\"noopener noreferrer\"><span lang=\"X-NONE\">seg\u00fan informara<\/span><\/a><\/span><span lang=\"X-NONE\"><span class=\"v1gmail-Apple-converted-space\">\u00a0<\/span>en la Conferencia del Agua de las Naciones Unidas en marzo de este a\u00f1o en Nueva York.\u00a0<span class=\"v1gmail-Apple-converted-space\">\u00a0<\/span>En tanto, el<span class=\"v1gmail-Apple-converted-space\">\u00a0<\/span>periodista y director de CODESA Patricio Segura Ortiz<span class=\"v1gmail-Apple-converted-space\">\u00a0<\/span>se referir\u00e1 a algunas de las opciones para la regi\u00f3n pesquisadas durante la elaboraci\u00f3n del<span class=\"v1gmail-Apple-converted-space\">\u00a0<\/span><a href=\"https:\/\/drive.google.com\/file\/d\/1Zds0H2TVDb4T4rCPrSydTrh1AfJbyXea\/view\" target=\"_blank\" rel=\"noopener noreferrer\">documento<\/a><span class=\"v1gmail-Apple-converted-space\">\u00a0<\/span>\u00ab<i>Crisis Clim\u00e1tica en Ays\u00e9n: Desaf\u00edos y Propuestas desde la Ciudadan\u00eda y la Academia<\/i>\u00ab<\/span><\/p>\n<p class=\"v1MsoNormal\" style=\"text-align: justify;\"><span lang=\"X-NONE\">La jornada concluir\u00e1 con un panel sobre<span class=\"v1gmail-Apple-converted-space\">\u00a0<\/span>gesti\u00f3n del riesgo clim\u00e1tico, donde expondr\u00e1<span class=\"v1gmail-Apple-converted-space\">\u00a0<\/span>la abogada Daniela Elsmentewicz C\u00e1ceres, directora ejecutiva del Programa de Reducci\u00f3n de Riesgo y Desastres de la Universidad de Chile. El<span class=\"v1gmail-Apple-converted-space\">\u00a0<\/span>acad\u00e9mico de la Universidad de Ays\u00e9n, ingeniero forestal y PhD en Ecolog\u00eda, Carlos Zamorano-Elgueta,<span class=\"v1gmail-Apple-converted-space\">\u00a0<\/span>se referir\u00e1 al impacto del cambio clim\u00e1tico en una realidad cada d\u00eda m\u00e1s presente en la regi\u00f3n: los incendio forestales, as\u00ed como opciones para enfrentar los escenarios futuros.<\/span><\/p>\n<p class=\"v1MsoNormal\" style=\"text-align: justify;\"><span lang=\"X-NONE\">La moderaci\u00f3n de los paneles estar\u00e1 a cargo del<span class=\"v1gmail-Apple-converted-space\">\u00a0<\/span>presidente de CODESA, Erwin Sandoval Gallardo, contando cada panel con unos 30 minutos de di\u00e1logo abierto entre los asistentes y las y los expositores.<\/span><\/p>\n<p class=\"v1MsoNormal\" style=\"text-align: justify;\"><span lang=\"ES\">Programa oficial e inscripciones<span class=\"v1gmail-Apple-converted-space\">\u00a0<\/span><\/span><span lang=\"X-NONE\">disponible<span class=\"v1gmail-Apple-converted-space\">\u00a0<\/span><\/span><span lang=\"ES\">en el formulario<span class=\"v1gmail-Apple-converted-space\">\u00a0<\/span><a href=\"https:\/\/bit.ly\/SeminarioCrisisClimaticaAysen.\" target=\"_blank\" rel=\"noopener noreferrer\">https:\/\/bit.ly\/SeminarioCrisisClimaticaAysen.<\/a> Se contempla conexi<\/span><span lang=\"X-NONE\">\u00f3n online, cuyo link se difundir\u00e1 d\u00edas antes de la jornada entre quienes se inscriban.<span class=\"v1gmail-Apple-converted-space\">\u00a0<\/span><\/span><span lang=\"ES\">\u00a0\u00a0<\/span><\/p>\n<p class=\"v1MsoNormal\" style=\"text-align: justify;\"><span lang=\"ES\">La iniciativa es apoyada por la Fundaci<\/span><span lang=\"X-NONE\">\u00f3n Marisla<\/span><span lang=\"ES\">.<\/span><\/p>\n<\/div><\/section><\/div><div  style='height:50px' class='hr hr-invisible   avia-builder-el-6  el_after_av_one_full  el_before_av_social_share '><span class='hr-inner ' ><span class='hr-inner-style'><\/span><\/span><\/div><\/p>\n<div  class='av-social-sharing-box  avia-builder-el-7  el_after_av_hr  el_before_av_hr  '><div class='av-share-box'><h5 class='av-share-link-description av-no-toc '>Compartir esta noticia<\/h5><ul class='av-share-box-list noLightbox'><li class='av-share-link av-social-link-facebook' ><a target=\"_blank\" aria-label=\"Compartir en Facebook\" href='https:\/\/www.facebook.com\/sharer.php?u=https:\/\/radiorevelacionfm.cl\/?p=35411&#038;t=Seminario%20abordar%C3%A1%20propuestas%20territoriales%20sostenibles%20para%20enfrentar%20crisis%20clim%C3%A1tica%20en%20Ays%C3%A9n' aria-hidden='false' data-av_icon='\ue8f3' data-av_iconfont='entypo-fontello' title='' data-avia-related-tooltip='Compartir en Facebook' rel=\"noopener\"><span class='avia_hidden_link_text'>Compartir en Facebook<\/span><\/a><\/li><li class='av-share-link av-social-link-twitter' ><a target=\"_blank\" aria-label=\"Compartir en Twitter\" href='https:\/\/twitter.com\/share?text=Seminario%20abordar%C3%A1%20propuestas%20territoriales%20sostenibles%20para%20enfrentar%20crisis%20clim%C3%A1tica%20en%20Ays%C3%A9n&#038;url=https:\/\/radiorevelacionfm.cl\/?p=35411' aria-hidden='false' data-av_icon='\ue8f1' data-av_iconfont='entypo-fontello' title='' data-avia-related-tooltip='Compartir en Twitter' rel=\"noopener\"><span class='avia_hidden_link_text'>Compartir en Twitter<\/span><\/a><\/li><li class='av-share-link av-social-link-whatsapp' ><a target=\"_blank\" aria-label=\"Compartir en Whatsapp\" href='https:\/\/api.whatsapp.com\/send?text=https:\/\/radiorevelacionfm.cl\/?p=35411' aria-hidden='false' data-av_icon='\uf232' data-av_iconfont='entypo-fontello' title='' data-avia-related-tooltip='Compartir en Whatsapp' rel=\"noopener\"><span class='avia_hidden_link_text'>Compartir en Whatsapp<\/span><\/a><\/li><li class='av-share-link av-social-link-linkedin' ><a target=\"_blank\" aria-label=\"Compartir en LinkedIn\" href='https:\/\/linkedin.com\/shareArticle?mini=true&#038;title=Seminario%20abordar%C3%A1%20propuestas%20territoriales%20sostenibles%20para%20enfrentar%20crisis%20clim%C3%A1tica%20en%20Ays%C3%A9n&#038;url=https:\/\/radiorevelacionfm.cl\/?p=35411' aria-hidden='false' data-av_icon='\ue8fc' data-av_iconfont='entypo-fontello' title='' data-avia-related-tooltip='Compartir en LinkedIn' rel=\"noopener\"><span class='avia_hidden_link_text'>Compartir en LinkedIn<\/span><\/a><\/li><li class='av-share-link av-social-link-mail' ><a  aria-label=\"Compartir por correo\" href='mailto:?subject=Seminario%20abordar%C3%A1%20propuestas%20territoriales%20sostenibles%20para%20enfrentar%20crisis%20clim%C3%A1tica%20en%20Ays%C3%A9n&#038;body=https:\/\/radiorevelacionfm.cl\/?p=35411' aria-hidden='false' data-av_icon='\ue805' data-av_iconfont='entypo-fontello' title='' data-avia-related-tooltip='Compartir por correo'><span class='avia_hidden_link_text'>Compartir por correo<\/span><\/a><\/li><\/ul><\/div><\/div>\n<div  style='height:50px' class='hr hr-invisible   avia-builder-el-8  el_after_av_social_share  el_before_av_comments_list '><span class='hr-inner ' ><span class='hr-inner-style'><\/span><\/span><\/div>\n<div  class='av-buildercomment  av-blog-meta-html-info-disabled av-blog-meta-tag-disabled  '><\/div>\n","protected":false},"excerpt":{"rendered":"","protected":false},"author":1,"featured_media":35413,"comment_status":"open","ping_status":"open","sticky":false,"template":"","format":"standard","meta":{"footnotes":""},"categories":[38],"tags":[],"class_list":["post-35411","post","type-post","status-publish","format-standard","has-post-thumbnail","hentry","category-regional"],"jetpack_featured_media_url":"https:\/\/radiorevelacionfm.cl\/wp-content\/uploads\/2023\/09\/Feed-Seminario-alta-1-2-1.jpg","_links":{"self":[{"href":"https:\/\/radiorevelacionfm.cl\/index.php?rest_route=\/wp\/v2\/posts\/35411","targetHints":{"allow":["GET"]}}],"collection":[{"href":"https:\/\/radiorevelacionfm.cl\/index.php?rest_route=\/wp\/v2\/posts"}],"about":[{"href":"https:\/\/radiorevelacionfm.cl\/index.php?rest_route=\/wp\/v2\/types\/post"}],"author":[{"embeddable":true,"href":"https:\/\/radiorevelacionfm.cl\/index.php?rest_route=\/wp\/v2\/users\/1"}],"replies":[{"embeddable":true,"href":"https:\/\/radiorevelacionfm.cl\/index.php?rest_route=%2Fwp%2Fv2%2Fcomments&post=35411"}],"version-history":[{"count":1,"href":"https:\/\/radiorevelacionfm.cl\/index.php?rest_route=\/wp\/v2\/posts\/35411\/revisions"}],"predecessor-version":[{"id":35414,"href":"https:\/\/radiorevelacionfm.cl\/index.php?rest_route=\/wp\/v2\/posts\/35411\/revisions\/35414"}],"wp:featuredmedia":[{"embeddable":true,"href":"https:\/\/radiorevelacionfm.cl\/index.php?rest_route=\/wp\/v2\/media\/35413"}],"wp:attachment":[{"href":"https:\/\/radiorevelacionfm.cl\/index.php?rest_route=%2Fwp%2Fv2%2Fmedia&parent=35411"}],"wp:term":[{"taxonomy":"category","embeddable":true,"href":"https:\/\/radiorevelacionfm.cl\/index.php?rest_route=%2Fwp%2Fv2%2Fcategories&post=35411"},{"taxonomy":"post_tag","embeddable":true,"href":"https:\/\/radiorevelacionfm.cl\/index.php?rest_route=%2Fwp%2Fv2%2Ftags&post=35411"}],"curies":[{"name":"wp","href":"https:\/\/api.w.org\/{rel}","templated":true}]}}