{"id":35402,"date":"2023-09-28T19:03:57","date_gmt":"2023-09-28T22:03:57","guid":{"rendered":"https:\/\/radiorevelacionfm.cl\/?p=35402"},"modified":"2023-09-28T19:03:57","modified_gmt":"2023-09-28T22:03:57","slug":"juntas-de-vecinos-general-bernales-y-sector-seis-lagunas-de-coyhaique-cuentan-con-electricidad-gracias-al-programa-conecta-tu-sede","status":"publish","type":"post","link":"https:\/\/radiorevelacionfm.cl\/?p=35402","title":{"rendered":"Juntas de Vecinos General Bernales y sector Seis Lagunas de Coyhaique cuentan con electricidad gracias al programa \u201cConecta tu Sede\u201d"},"content":{"rendered":"<div class=\"flex_column av_one_full  flex_column_div av-zero-column-padding first  avia-builder-el-0  el_before_av_one_full  avia-builder-el-first  \" style='border-radius:0px; '><div  class='avia-image-container  av-styling-    avia-builder-el-1  avia-builder-el-no-sibling  avia-align-center '  itemprop=\"image\" itemscope=\"itemscope\" itemtype=\"https:\/\/schema.org\/ImageObject\"  ><div class='avia-image-container-inner'><div class='avia-image-overlay-wrap'><img decoding=\"async\" class='wp-image-35403 avia-img-lazy-loading-not-35403 avia_image' src=\"https:\/\/radiorevelacionfm.cl\/wp-content\/uploads\/2023\/09\/CONECTA-TU-SEDE0-1-1.jpeg\" alt='' title='CONECTA TU SEDE0 (1) (1)' height=\"600\" width=\"800\"  itemprop=\"thumbnailUrl\" srcset=\"https:\/\/radiorevelacionfm.cl\/wp-content\/uploads\/2023\/09\/CONECTA-TU-SEDE0-1-1.jpeg 800w, https:\/\/radiorevelacionfm.cl\/wp-content\/uploads\/2023\/09\/CONECTA-TU-SEDE0-1-1-300x225.jpeg 300w, https:\/\/radiorevelacionfm.cl\/wp-content\/uploads\/2023\/09\/CONECTA-TU-SEDE0-1-1-768x576.jpeg 768w, https:\/\/radiorevelacionfm.cl\/wp-content\/uploads\/2023\/09\/CONECTA-TU-SEDE0-1-1-705x529.jpeg 705w, https:\/\/radiorevelacionfm.cl\/wp-content\/uploads\/2023\/09\/CONECTA-TU-SEDE0-1-1-450x338.jpeg 450w, https:\/\/radiorevelacionfm.cl\/wp-content\/uploads\/2023\/09\/CONECTA-TU-SEDE0-1-1-600x450.jpeg 600w\" sizes=\"(max-width: 800px) 100vw, 800px\" \/><\/div><\/div><\/div><\/div><div class=\"flex_column av_one_full  flex_column_div av-zero-column-padding first  avia-builder-el-2  el_after_av_one_full  el_before_av_one_full  column-top-margin\" style='border-radius:0px; '><section class=\"av_textblock_section \"  itemscope=\"itemscope\" itemtype=\"https:\/\/schema.org\/BlogPosting\" itemprop=\"blogPost\" ><div class='avia_textblock  '   itemprop=\"text\" ><p style=\"text-align: center;\"><strong><span style=\"font-size: 18pt;\">Juntas de Vecinos General Bernales y sector Seis Lagunas de Coyhaique cuentan con electricidad gracias al programa \u201cConecta tu Sede\u201d<\/span><\/strong><\/p>\n<div id=\"gtx-trans\" style=\"position: absolute; left: -50px; top: 4.31534px;\">\n<div class=\"gtx-trans-icon\"><\/div>\n<\/div>\n<\/div><\/section><\/div><div class=\"flex_column av_one_full  flex_column_div av-zero-column-padding first  avia-builder-el-4  el_after_av_one_full  el_before_av_hr  column-top-margin\" style='border-radius:0px; '><section class=\"av_textblock_section \"  itemscope=\"itemscope\" itemtype=\"https:\/\/schema.org\/BlogPosting\" itemprop=\"blogPost\" ><div class='avia_textblock  '   itemprop=\"text\" ><p style=\"text-align: justify;\"><em>A trav\u00e9s del programa \u201cConecta tu Sede\u201d ambas juntas de vecinos cuentan con suministro el\u00e9ctrico, mejorando as\u00ed significativamente la calidad de vida de sus vecinos.\u00a0<\/em><\/p>\n<p style=\"text-align: justify;\">Edelaysen, empresa l\u00edder en el suministro el\u00e9ctrico en la regi\u00f3n, en su continuo compromiso con la comunidad y la sostenibilidad realiz\u00f3 la inauguraci\u00f3n de conexi\u00f3n el\u00e9ctrica para dos sedes de juntas de vecinos de la comuna de Coyhaique. Iniciativa que fue posible concretar gracias al programa de sustentabilidad \u201cConecta tu Sede\u201d, impulsado por grupo Saesa.<\/p>\n<p style=\"text-align: justify;\">La implementaci\u00f3n de esta nueva conexi\u00f3n el\u00e9ctrica representa un hito significativo para los residentes de la Poblaci\u00f3n General Bernales y sector Seis Lagunas, ambas de la comuna de Coyhaique, al proporcionar una fuente de iluminaci\u00f3n segura y confiable en estas \u00e1reas de espacio com\u00fan. La llegada de la electricidad a estas comunidades contribuye en gran medida al desarrollo y al bienestar de sus habitantes.<\/p>\n<p style=\"text-align: justify;\">Patricio Raimilla, el jefe de Servicio al Cliente de la empresa el\u00e9ctrica destac\u00f3 \u201cComo equipo de Edelaysen, nos sentimos honrados de contribuir al avance de la poblaci\u00f3n General Bernales y el sector Seis Lagunas. Cada nueva conexi\u00f3n el\u00e9ctrica representa un paso hacia adelante en nuestra misi\u00f3n de mejorar la vida de las comunidades a las que servimos. Estamos comprometidos en brindar un servicio de alta calidad y confiabilidad, y esta iniciativa refuerza nuestro compromiso con ese objetivo. Seguiremos trabajando para fortalecer nuestra relaci\u00f3n con la comunidad y proporcionar soluciones energ\u00e9ticas innovadoras.\u00bb<\/p>\n<p style=\"text-align: justify;\">Por su parte, la presidenta de la Junta de Vecinos General Bernales, Mireya Catal\u00e1n destac\u00f3 que: \u201cPara nosotros fue una ayuda fundamental de parte de la empresa Edelaysen porque nuestra luminaria de la sede y los artefactos eran muy antiguos, entonces el costo tambi\u00e9n que significaba para la Junta de Vecinos poder mejorar las condiciones, tanto de luz como tambi\u00e9n de seguridad en los enchufes y los artefactos, fue fundamental porque eso es una interacci\u00f3n de alto costo como para una Junta de Vecinos, que siempre lo que nosotros manejamos, los recursos que se manejan son s\u00faper limitados y se hacen a trav\u00e9s de todos los vecinos y la verdad que fue un gran aporte para todos\u201d.<\/p>\n<p style=\"text-align: justify;\">\u201cConecta tu sede\u201d es un programa destacado en Grupo Saesa que busca llevar electricidad a \u00e1reas previamente no electrificadas en donde se re\u00fane la comunidad organizada apoyando y fomentando el desarrollo de actividades en estos espacios y promoviendo el desarrollo sostenible en las regiones donde opera. Durante este 2023, Edelaysen ha proporcionado electricidad a tres organizaciones dentro de su \u00e1rea de concesi\u00f3n, permitiendo que sus miembros puedan reunirse de manera mucho m\u00e1s frecuente para el desarrollo de sus actividades.<\/p>\n<\/div><\/section><\/div><div  style='height:50px' class='hr hr-invisible   avia-builder-el-6  el_after_av_one_full  el_before_av_social_share '><span class='hr-inner ' ><span class='hr-inner-style'><\/span><\/span><\/div><\/p>\n<div  class='av-social-sharing-box  avia-builder-el-7  el_after_av_hr  el_before_av_hr  '><div class='av-share-box'><h5 class='av-share-link-description av-no-toc '>Compartir esta noticia<\/h5><ul class='av-share-box-list noLightbox'><li class='av-share-link av-social-link-facebook' ><a target=\"_blank\" aria-label=\"Compartir en Facebook\" href='https:\/\/www.facebook.com\/sharer.php?u=https:\/\/radiorevelacionfm.cl\/?p=35402&#038;t=Juntas%20de%20Vecinos%20General%20Bernales%20y%20sector%20Seis%20Lagunas%20de%20Coyhaique%20cuentan%20con%20electricidad%20gracias%20al%20programa%20%E2%80%9CConecta%20tu%20Sede%E2%80%9D' aria-hidden='false' data-av_icon='\ue8f3' data-av_iconfont='entypo-fontello' title='' data-avia-related-tooltip='Compartir en Facebook' rel=\"noopener\"><span class='avia_hidden_link_text'>Compartir en Facebook<\/span><\/a><\/li><li class='av-share-link av-social-link-twitter' ><a target=\"_blank\" aria-label=\"Compartir en Twitter\" href='https:\/\/twitter.com\/share?text=Juntas%20de%20Vecinos%20General%20Bernales%20y%20sector%20Seis%20Lagunas%20de%20Coyhaique%20cuentan%20con%20electricidad%20gracias%20al%20programa%20%E2%80%9CConecta%20tu%20Sede%E2%80%9D&#038;url=https:\/\/radiorevelacionfm.cl\/?p=35402' aria-hidden='false' data-av_icon='\ue8f1' data-av_iconfont='entypo-fontello' title='' data-avia-related-tooltip='Compartir en Twitter' rel=\"noopener\"><span class='avia_hidden_link_text'>Compartir en Twitter<\/span><\/a><\/li><li class='av-share-link av-social-link-whatsapp' ><a target=\"_blank\" aria-label=\"Compartir en Whatsapp\" href='https:\/\/api.whatsapp.com\/send?text=https:\/\/radiorevelacionfm.cl\/?p=35402' aria-hidden='false' data-av_icon='\uf232' data-av_iconfont='entypo-fontello' title='' data-avia-related-tooltip='Compartir en Whatsapp' rel=\"noopener\"><span class='avia_hidden_link_text'>Compartir en Whatsapp<\/span><\/a><\/li><li class='av-share-link av-social-link-linkedin' ><a target=\"_blank\" aria-label=\"Compartir en LinkedIn\" href='https:\/\/linkedin.com\/shareArticle?mini=true&#038;title=Juntas%20de%20Vecinos%20General%20Bernales%20y%20sector%20Seis%20Lagunas%20de%20Coyhaique%20cuentan%20con%20electricidad%20gracias%20al%20programa%20%E2%80%9CConecta%20tu%20Sede%E2%80%9D&#038;url=https:\/\/radiorevelacionfm.cl\/?p=35402' aria-hidden='false' data-av_icon='\ue8fc' data-av_iconfont='entypo-fontello' title='' data-avia-related-tooltip='Compartir en LinkedIn' rel=\"noopener\"><span class='avia_hidden_link_text'>Compartir en LinkedIn<\/span><\/a><\/li><li class='av-share-link av-social-link-mail' ><a  aria-label=\"Compartir por correo\" href='mailto:?subject=Juntas%20de%20Vecinos%20General%20Bernales%20y%20sector%20Seis%20Lagunas%20de%20Coyhaique%20cuentan%20con%20electricidad%20gracias%20al%20programa%20%E2%80%9CConecta%20tu%20Sede%E2%80%9D&#038;body=https:\/\/radiorevelacionfm.cl\/?p=35402' aria-hidden='false' data-av_icon='\ue805' data-av_iconfont='entypo-fontello' title='' data-avia-related-tooltip='Compartir por correo'><span class='avia_hidden_link_text'>Compartir por correo<\/span><\/a><\/li><\/ul><\/div><\/div>\n<div  style='height:50px' class='hr hr-invisible   avia-builder-el-8  el_after_av_social_share  el_before_av_comments_list '><span class='hr-inner ' ><span class='hr-inner-style'><\/span><\/span><\/div>\n<div  class='av-buildercomment  av-blog-meta-html-info-disabled av-blog-meta-tag-disabled  '><\/div>\n","protected":false},"excerpt":{"rendered":"","protected":false},"author":1,"featured_media":35403,"comment_status":"open","ping_status":"open","sticky":false,"template":"","format":"standard","meta":{"footnotes":""},"categories":[38],"tags":[],"class_list":["post-35402","post","type-post","status-publish","format-standard","has-post-thumbnail","hentry","category-regional"],"jetpack_featured_media_url":"https:\/\/radiorevelacionfm.cl\/wp-content\/uploads\/2023\/09\/CONECTA-TU-SEDE0-1-1.jpeg","_links":{"self":[{"href":"https:\/\/radiorevelacionfm.cl\/index.php?rest_route=\/wp\/v2\/posts\/35402","targetHints":{"allow":["GET"]}}],"collection":[{"href":"https:\/\/radiorevelacionfm.cl\/index.php?rest_route=\/wp\/v2\/posts"}],"about":[{"href":"https:\/\/radiorevelacionfm.cl\/index.php?rest_route=\/wp\/v2\/types\/post"}],"author":[{"embeddable":true,"href":"https:\/\/radiorevelacionfm.cl\/index.php?rest_route=\/wp\/v2\/users\/1"}],"replies":[{"embeddable":true,"href":"https:\/\/radiorevelacionfm.cl\/index.php?rest_route=%2Fwp%2Fv2%2Fcomments&post=35402"}],"version-history":[{"count":1,"href":"https:\/\/radiorevelacionfm.cl\/index.php?rest_route=\/wp\/v2\/posts\/35402\/revisions"}],"predecessor-version":[{"id":35404,"href":"https:\/\/radiorevelacionfm.cl\/index.php?rest_route=\/wp\/v2\/posts\/35402\/revisions\/35404"}],"wp:featuredmedia":[{"embeddable":true,"href":"https:\/\/radiorevelacionfm.cl\/index.php?rest_route=\/wp\/v2\/media\/35403"}],"wp:attachment":[{"href":"https:\/\/radiorevelacionfm.cl\/index.php?rest_route=%2Fwp%2Fv2%2Fmedia&parent=35402"}],"wp:term":[{"taxonomy":"category","embeddable":true,"href":"https:\/\/radiorevelacionfm.cl\/index.php?rest_route=%2Fwp%2Fv2%2Fcategories&post=35402"},{"taxonomy":"post_tag","embeddable":true,"href":"https:\/\/radiorevelacionfm.cl\/index.php?rest_route=%2Fwp%2Fv2%2Ftags&post=35402"}],"curies":[{"name":"wp","href":"https:\/\/api.w.org\/{rel}","templated":true}]}}