{"id":3540,"date":"2021-04-26T20:05:36","date_gmt":"2021-04-26T23:05:36","guid":{"rendered":"https:\/\/radiorevelacionfm.cl\/?p=3540"},"modified":"2021-04-26T20:23:40","modified_gmt":"2021-04-26T23:23:40","slug":"agricultores-de-los-torreones-desarrollan-primera-sidra-regional-con-identidad-local","status":"publish","type":"post","link":"https:\/\/radiorevelacionfm.cl\/?p=3540","title":{"rendered":"Agricultores de Los Torreones producen primera Sidra regional con identidad local"},"content":{"rendered":"<div class=\"flex_column av_one_full  flex_column_div av-zero-column-padding first  avia-builder-el-0  el_before_av_one_full  avia-builder-el-first  \" style='border-radius:0px; '><div  class='avia-image-container  av-styling-    avia-builder-el-1  avia-builder-el-no-sibling  avia-align-center '  itemprop=\"image\" itemscope=\"itemscope\" itemtype=\"https:\/\/schema.org\/ImageObject\"  ><div class='avia-image-container-inner'><div class='avia-image-overlay-wrap'><img decoding=\"async\" class='wp-image-0 avia-img-lazy-loading-not-0 avia_image' src=\"https:\/\/radiorevelacionfm.cl\/wp-content\/uploads\/2021\/04\/Sidra-1.png\" alt='' title=''   itemprop=\"thumbnailUrl\"  \/><\/div><\/div><\/div><\/div>\n<div class=\"flex_column av_one_full  flex_column_div av-zero-column-padding first  avia-builder-el-2  el_after_av_one_full  el_before_av_one_full  column-top-margin\" style='border-radius:0px; '><section class=\"av_textblock_section \"  itemscope=\"itemscope\" itemtype=\"https:\/\/schema.org\/BlogPosting\" itemprop=\"blogPost\" ><div class='avia_textblock  '   itemprop=\"text\" ><p style=\"text-align: center;\"><strong><span style=\"font-size: 18pt;\">Agricultores de Los Torreones producen primera Sidra regional con identidad local<\/span><\/strong><\/p>\n<div id=\"gtx-trans\" style=\"position: absolute; left: -50px; top: 4.31534px;\">\n<div class=\"gtx-trans-icon\"><\/div>\n<\/div>\n<\/div><\/section><\/div><div class=\"flex_column av_one_full  flex_column_div av-zero-column-padding first  avia-builder-el-4  el_after_av_one_full  el_before_av_hr  column-top-margin\" style='border-radius:0px; '><section class=\"av_textblock_section \"  itemscope=\"itemscope\" itemtype=\"https:\/\/schema.org\/BlogPosting\" itemprop=\"blogPost\" ><div class='avia_textblock  '   itemprop=\"text\" ><p style=\"text-align: justify;\">Desarrollado por la Universidad Austral de Chile, Campus Patagonia, junto a los Agricultores del sector Los Torreones, el proyecto es financiado por la Fundaci\u00f3n para la Innovaci\u00f3n Agraria FIA, con recursos del Gobierno Regional de Ays\u00e9n.<\/p>\n<p style=\"text-align: justify;\">Gracias al trabajo de investigadores del Campus Patagonia de la Universidad Austral de Chile (UACh) y la Asociaci\u00f3n Gremial de Peque\u00f1os Campesinos y Ganaderos Los Torreones del sector del mismo nombre, se cuenta con la primera planta de producci\u00f3n de sidra elaborada con manzanas propias del territorio.<\/p>\n<p style=\"text-align: justify;\">Pablo Hern\u00e1ndez, investigador a cargo del proyecto \u201cIncremento de la competitividad de agricultores del Sector Los Torreones (Ays\u00e9n), mediante el mejoramiento y renovaci\u00f3n de los huertos de manzanos y puesta en valor a trav\u00e9s de la elaboraci\u00f3n de sidra\u201d, indic\u00f3 que este a\u00f1o la producci\u00f3n alcanz\u00f3 los 920 litros, equivalentes a 1.200 botellas, actualmente se encuentra en proceso de fermentaci\u00f3n para su posterior puesta en el mercado regional.<\/p>\n<p style=\"text-align: justify;\">La iniciativa es apoyada por la Fundaci\u00f3n para la Innovaci\u00f3n Agraria (FIA) del Ministerio de Agricultura y es financiada a trav\u00e9s del Fondo de lnnovaci\u00f3n para la Competitividad\u00a0 Regional (FIC-R) del Gobierno Regional de Ays\u00e9n. El trabajo realizado por la UACh, consisti\u00f3 en una intervenci\u00f3n agron\u00f3mica, que busc\u00f3 mejorar la productividad de los huertos del sector y la identificaci\u00f3n y propagaci\u00f3n de los ejemplares de manzanos aiseninos.<\/p>\n<p style=\"text-align: justify;\"><strong>El Proyecto<\/strong><\/p>\n<p style=\"text-align: justify;\">El objetivo del proyecto es incrementar la competitividad de los agricultores del sector Los Torreones, en la regi\u00f3n de Ays\u00e9n, mediante el mejoramiento y renovaci\u00f3n de los huertos de manzanos y puesta en valor, a trav\u00e9s de la elaboraci\u00f3n de sidra.<\/p>\n<p style=\"text-align: justify;\">\u201cLa idea de la producci\u00f3n de esta sidra nace de la inquietud de los propios agricultores del sector Los Torreones el a\u00f1o 2018. El proyecto tiene fecha de t\u00e9rmino en junio del presente a\u00f1o. Gracias a este trabajo, logramos mejorar el proceso de producci\u00f3n artesanal, para lo cual contamos con la asesor\u00eda de un en\u00f3logo que nos ayud\u00f3 en la creaci\u00f3n de un protocolo de fabricaci\u00f3n, una receta, logrando un muy buen producto con 6,8 grados alcoh\u00f3licos y con una clara identidad local. Este es un proyecto in\u00e9dito en la regi\u00f3n. Aqu\u00ed en la Patagonia es la primera f\u00e1brica de sidra, lo que nos da la responsabilidad de ser capaces de proyectarnos y ser actores de una actividad que puede prolongarse en el tiempo y que puede dar trabajo a nuestra gente.\u201d<\/p>\n<p style=\"text-align: justify;\">Desde el inicio del trabajo se han producido cerca de 2.000 litros. Sobre esto, Pablo Hern\u00e1ndez indic\u00f3 que \u201cdurante la campa\u00f1a 2019 se elaboraron 1200 botellas, en 2020 no hubo por efectos de la pandemia, y este a\u00f1o se lograron 920 litros de sidra, equivalentes a 1200 botellas. Adem\u00e1s gracias a los equipos con que cuenta la planta, los productores tienen la posibilidad de realizar la conversi\u00f3n de un porcentaje cercano al 40% del producto a jugo\u201d.<\/p>\n<p style=\"text-align: justify;\"><strong>Identidad Local<\/strong><\/p>\n<p style=\"text-align: justify;\">La sidra es producida con manzanos plantados y cosechados en el sector Los Torreones, lo que le permite diferenciarse de otros productos similares gracias a lo que se puede denominar el <em>Terroir<\/em>, t\u00e9rmino franc\u00e9s equivalente en espa\u00f1ol a terru\u00f1o. \u201cEsta sidra es elaborada con frutos de manzanos tra\u00eddos desde Chilo\u00e9 en tiempos de la colonizaci\u00f3n de estas tierras, en los a\u00f1os 30 o 40, y esto hace que el producto sea innovador desde el punto de vista del <em>Terroir<\/em>, ya que la condiciones \u00fanicas del suelo, el clima y la planta forman un ecotipo propio de la zona, haci\u00e9ndola distinta al resto de las sidras conocidas\u201d, puntualiz\u00f3 Hern\u00e1ndez.<\/p>\n<p style=\"text-align: justify;\">Finalmente el investigador a cargo del proyecto, destac\u00f3 el rol de Universidad Austral de Chile y el trabajo del Campus Patagonia, se\u00f1alando que \u201ccon este proyecto, junto a otros que se encuentra ejecutando la Universidad Austral de Chile, el Campus Patagonia logra posicionarse en la agenda tecnol\u00f3gica de la regi\u00f3n, aportando desde la Academia al desarrollo de productos innovadores con identidad local\u201d.<\/p>\n<\/div><\/section><\/div><\/p>\n<div  style='height:50px' class='hr hr-invisible   avia-builder-el-6  el_after_av_one_full  el_before_av_social_share '><span class='hr-inner ' ><span class='hr-inner-style'><\/span><\/span><\/div>\n<div  class='av-social-sharing-box  avia-builder-el-7  el_after_av_hr  el_before_av_hr  '><div class='av-share-box'><h5 class='av-share-link-description av-no-toc '>Compartir esta noticia<\/h5><ul class='av-share-box-list noLightbox'><li class='av-share-link av-social-link-facebook' ><a target=\"_blank\" aria-label=\"Compartir en Facebook\" href='https:\/\/www.facebook.com\/sharer.php?u=https:\/\/radiorevelacionfm.cl\/?p=3540&#038;t=Agricultores%20de%20Los%20Torreones%20producen%20primera%20Sidra%20regional%20con%20identidad%20local' aria-hidden='false' data-av_icon='\ue8f3' data-av_iconfont='entypo-fontello' title='' data-avia-related-tooltip='Compartir en Facebook' rel=\"noopener\"><span class='avia_hidden_link_text'>Compartir en Facebook<\/span><\/a><\/li><li class='av-share-link av-social-link-twitter' ><a target=\"_blank\" aria-label=\"Compartir en Twitter\" href='https:\/\/twitter.com\/share?text=Agricultores%20de%20Los%20Torreones%20producen%20primera%20Sidra%20regional%20con%20identidad%20local&#038;url=https:\/\/radiorevelacionfm.cl\/?p=3540' aria-hidden='false' data-av_icon='\ue8f1' data-av_iconfont='entypo-fontello' title='' data-avia-related-tooltip='Compartir en Twitter' rel=\"noopener\"><span class='avia_hidden_link_text'>Compartir en Twitter<\/span><\/a><\/li><li class='av-share-link av-social-link-whatsapp' ><a target=\"_blank\" aria-label=\"Compartir en Whatsapp\" href='https:\/\/api.whatsapp.com\/send?text=https:\/\/radiorevelacionfm.cl\/?p=3540' aria-hidden='false' data-av_icon='\uf232' data-av_iconfont='entypo-fontello' title='' data-avia-related-tooltip='Compartir en Whatsapp' rel=\"noopener\"><span class='avia_hidden_link_text'>Compartir en Whatsapp<\/span><\/a><\/li><li class='av-share-link av-social-link-linkedin' ><a target=\"_blank\" aria-label=\"Compartir en LinkedIn\" href='https:\/\/linkedin.com\/shareArticle?mini=true&#038;title=Agricultores%20de%20Los%20Torreones%20producen%20primera%20Sidra%20regional%20con%20identidad%20local&#038;url=https:\/\/radiorevelacionfm.cl\/?p=3540' aria-hidden='false' data-av_icon='\ue8fc' data-av_iconfont='entypo-fontello' title='' data-avia-related-tooltip='Compartir en LinkedIn' rel=\"noopener\"><span class='avia_hidden_link_text'>Compartir en LinkedIn<\/span><\/a><\/li><li class='av-share-link av-social-link-mail' ><a  aria-label=\"Compartir por correo\" href='mailto:?subject=Agricultores%20de%20Los%20Torreones%20producen%20primera%20Sidra%20regional%20con%20identidad%20local&#038;body=https:\/\/radiorevelacionfm.cl\/?p=3540' aria-hidden='false' data-av_icon='\ue805' data-av_iconfont='entypo-fontello' title='' data-avia-related-tooltip='Compartir por correo'><span class='avia_hidden_link_text'>Compartir por correo<\/span><\/a><\/li><\/ul><\/div><\/div>\n<div  style='height:50px' class='hr hr-invisible   avia-builder-el-8  el_after_av_social_share  el_before_av_comments_list '><span class='hr-inner ' ><span class='hr-inner-style'><\/span><\/span><\/div>\n<div  class='av-buildercomment  av-blog-meta-html-info-disabled av-blog-meta-tag-disabled  '><\/div>\n","protected":false},"excerpt":{"rendered":"","protected":false},"author":1,"featured_media":0,"comment_status":"open","ping_status":"open","sticky":false,"template":"","format":"standard","meta":{"footnotes":""},"categories":[45],"tags":[],"class_list":["post-3540","post","type-post","status-publish","format-standard","hentry","category-comercio"],"jetpack_featured_media_url":"","_links":{"self":[{"href":"https:\/\/radiorevelacionfm.cl\/index.php?rest_route=\/wp\/v2\/posts\/3540","targetHints":{"allow":["GET"]}}],"collection":[{"href":"https:\/\/radiorevelacionfm.cl\/index.php?rest_route=\/wp\/v2\/posts"}],"about":[{"href":"https:\/\/radiorevelacionfm.cl\/index.php?rest_route=\/wp\/v2\/types\/post"}],"author":[{"embeddable":true,"href":"https:\/\/radiorevelacionfm.cl\/index.php?rest_route=\/wp\/v2\/users\/1"}],"replies":[{"embeddable":true,"href":"https:\/\/radiorevelacionfm.cl\/index.php?rest_route=%2Fwp%2Fv2%2Fcomments&post=3540"}],"version-history":[{"count":5,"href":"https:\/\/radiorevelacionfm.cl\/index.php?rest_route=\/wp\/v2\/posts\/3540\/revisions"}],"predecessor-version":[{"id":3550,"href":"https:\/\/radiorevelacionfm.cl\/index.php?rest_route=\/wp\/v2\/posts\/3540\/revisions\/3550"}],"wp:attachment":[{"href":"https:\/\/radiorevelacionfm.cl\/index.php?rest_route=%2Fwp%2Fv2%2Fmedia&parent=3540"}],"wp:term":[{"taxonomy":"category","embeddable":true,"href":"https:\/\/radiorevelacionfm.cl\/index.php?rest_route=%2Fwp%2Fv2%2Fcategories&post=3540"},{"taxonomy":"post_tag","embeddable":true,"href":"https:\/\/radiorevelacionfm.cl\/index.php?rest_route=%2Fwp%2Fv2%2Ftags&post=3540"}],"curies":[{"name":"wp","href":"https:\/\/api.w.org\/{rel}","templated":true}]}}