{"id":35399,"date":"2023-09-28T17:57:10","date_gmt":"2023-09-28T20:57:10","guid":{"rendered":"https:\/\/radiorevelacionfm.cl\/?p=35399"},"modified":"2023-09-28T17:57:10","modified_gmt":"2023-09-28T20:57:10","slug":"quedan-pocos-dias-para-postular-al-fondo-para-el-reciclaje-fpr-2024","status":"publish","type":"post","link":"https:\/\/radiorevelacionfm.cl\/?p=35399","title":{"rendered":"Quedan pocos d\u00edas para postular al Fondo para el Reciclaje FPR 2024"},"content":{"rendered":"<div class=\"flex_column av_one_full  flex_column_div av-zero-column-padding first  avia-builder-el-0  el_before_av_one_full  avia-builder-el-first  \" style='border-radius:0px; '><div  class='avia-image-container  av-styling-    avia-builder-el-1  avia-builder-el-no-sibling  avia-align-center '  itemprop=\"image\" itemscope=\"itemscope\" itemtype=\"https:\/\/schema.org\/ImageObject\"  ><div class='avia-image-container-inner'><div class='avia-image-overlay-wrap'><img decoding=\"async\" class='wp-image-35400 avia-img-lazy-loading-not-35400 avia_image' src=\"https:\/\/radiorevelacionfm.cl\/wp-content\/uploads\/2023\/09\/3-6-2-1-1.jpg\" alt='' title='3 (6) (2) (1) (1)' height=\"600\" width=\"1070\"  itemprop=\"thumbnailUrl\" srcset=\"https:\/\/radiorevelacionfm.cl\/wp-content\/uploads\/2023\/09\/3-6-2-1-1.jpg 1070w, https:\/\/radiorevelacionfm.cl\/wp-content\/uploads\/2023\/09\/3-6-2-1-1-300x168.jpg 300w, https:\/\/radiorevelacionfm.cl\/wp-content\/uploads\/2023\/09\/3-6-2-1-1-1030x578.jpg 1030w, https:\/\/radiorevelacionfm.cl\/wp-content\/uploads\/2023\/09\/3-6-2-1-1-768x431.jpg 768w, https:\/\/radiorevelacionfm.cl\/wp-content\/uploads\/2023\/09\/3-6-2-1-1-705x395.jpg 705w, https:\/\/radiorevelacionfm.cl\/wp-content\/uploads\/2023\/09\/3-6-2-1-1-450x252.jpg 450w, https:\/\/radiorevelacionfm.cl\/wp-content\/uploads\/2023\/09\/3-6-2-1-1-600x336.jpg 600w\" sizes=\"(max-width: 1070px) 100vw, 1070px\" \/><\/div><\/div><\/div><\/div><div class=\"flex_column av_one_full  flex_column_div av-zero-column-padding first  avia-builder-el-2  el_after_av_one_full  el_before_av_one_full  column-top-margin\" style='border-radius:0px; '><section class=\"av_textblock_section \"  itemscope=\"itemscope\" itemtype=\"https:\/\/schema.org\/BlogPosting\" itemprop=\"blogPost\" ><div class='avia_textblock  '   itemprop=\"text\" ><p style=\"text-align: center;\"><span style=\"font-size: 18pt;\"><strong>Quedan pocos d\u00edas para postular al Fondo para el Reciclaje FPR 2024<\/strong><\/span><\/p>\n<div id=\"gtx-trans\" style=\"position: absolute; left: -50px; top: 4.31534px;\">\n<div class=\"gtx-trans-icon\"><\/div>\n<\/div>\n<\/div><\/section><\/div><div class=\"flex_column av_one_full  flex_column_div av-zero-column-padding first  avia-builder-el-4  el_after_av_one_full  el_before_av_hr  column-top-margin\" style='border-radius:0px; '><section class=\"av_textblock_section \"  itemscope=\"itemscope\" itemtype=\"https:\/\/schema.org\/BlogPosting\" itemprop=\"blogPost\" ><div class='avia_textblock  '   itemprop=\"text\" ><p style=\"text-align: justify;\">Un llamado para reforzar la postulaci\u00f3n al \u201cFondo para el Reciclaje 2024\u201d (FPR 2024), realiz\u00f3 el Seremi del Medio Ambiente, Yoal D\u00edaz a los municipios de la regi\u00f3n de Ays\u00e9n \u201cEste fondo que ponemos a disposici\u00f3n de las municipalidades desde nuestro ministerio tiene como finalidad contribuir a promover la econom\u00eda circular en los territorios, como una manera de abordar el desaf\u00edo pa\u00eds que tenemos en materia de gesti\u00f3n de residuos, otorgando capacitaci\u00f3n e insumos para la valorizaci\u00f3n y gesti\u00f3n de residuos, as\u00ed que alcaldes, concejales, no dejen pasar esta oportunidad\u201d, declar\u00f3 el Seremi.<\/p>\n<p style=\"text-align: justify;\">El fondo, que funciona como mecanismo de apoyo a la Ley Marco para la Gesti\u00f3n del Residuos, la Responsabilidad Extendida al Productor REP y Fomento al Reciclaje, estar\u00e1 disponible hasta 13 de octubre de 2023 <em>(a las 14:00 horas)<\/em><\/p>\n<p style=\"text-align: justify;\">Podr\u00e1n postular municipalidades y\/o asociaciones de municipalidades que sean parte del Registro \u00danico de Asociaciones Municipales de SUBDERE.\u00a0 Para este llamado, los postulantes deber\u00e1n enmarcarse en una de las tres l\u00edneas de proyectos disponibles. Cada l\u00ednea ha sido denominada en honor y reconocimiento a actores clave en el proceso de gesti\u00f3n de residuos, valorizaci\u00f3n y econom\u00eda circular del pa\u00eds.<\/p>\n<p style=\"text-align: justify;\">La primera l\u00ednea corresponde a Proyecto Gesti\u00f3n de Residuos Inorg\u00e1nicos \u201cJoost Meijer\u201d, que busca adem\u00e1s de sensibilizar a la ciudadan\u00eda, apoyar la gesti\u00f3n de residuos inorg\u00e1nicos en municipios. La segunda opci\u00f3n es el Proyecto Valorizaci\u00f3n de Residuos Org\u00e1nicos \u201cAurora Castro\u201d, que permite promover la valorizaci\u00f3n de residuos org\u00e1nicos en las casas y\/o comunas; y finalmente Proyecto Fortalecimiento de Recicladores de Base \u201cExequiel Estay\u201d que fomenta la inclusi\u00f3n de recicladores y recicladoras de base en los modelos de gesti\u00f3n de residuos municipales.<\/p>\n<p style=\"text-align: justify;\">\u201cEn la regi\u00f3n de Ays\u00e9n tenemos experiencia previa a trav\u00e9s del Municipio de Iba\u00f1ez que ha adjudicado el fondo en dos oportunidades durante 2022 y 2023 y gracias a aquello hoy avanzan fuerte en la gesti\u00f3n de residuos a nivel comunal, y queremos que esta experiencia se replique en otros municipios, especialmente aquellos que ya visualizan estas mejoras y forman parte de nuestro sistema de certificaci\u00f3n ambiental de municipalidades SCAM\u201d, detall\u00f3 Yoal D\u00edaz<\/p>\n<p style=\"text-align: justify;\">Para cada proyecto adjudicado, el Ministerio dispone de un financiamiento de hasta $13.750.000.- pesos con los que los ejecutores deber\u00e1n adem\u00e1s financiar acciones de sensibilizaci\u00f3n y educaci\u00f3n ambiental.<\/p>\n<p style=\"text-align: justify;\">Las postulaciones deber\u00e1n hacerse a trav\u00e9s de la plataforma fondos.mma.gob.cl, donde adem\u00e1s est\u00e1n disponibles las bases para consulta.<\/p>\n<\/div><\/section><\/div><div  style='height:50px' class='hr hr-invisible   avia-builder-el-6  el_after_av_one_full  el_before_av_social_share '><span class='hr-inner ' ><span class='hr-inner-style'><\/span><\/span><\/div><\/p>\n<div  class='av-social-sharing-box  avia-builder-el-7  el_after_av_hr  el_before_av_hr  '><div class='av-share-box'><h5 class='av-share-link-description av-no-toc '>Compartir esta noticia<\/h5><ul class='av-share-box-list noLightbox'><li class='av-share-link av-social-link-facebook' ><a target=\"_blank\" aria-label=\"Compartir en Facebook\" href='https:\/\/www.facebook.com\/sharer.php?u=https:\/\/radiorevelacionfm.cl\/?p=35399&#038;t=Quedan%20pocos%20d%C3%ADas%20para%20postular%20al%20Fondo%20para%20el%20Reciclaje%20FPR%202024' aria-hidden='false' data-av_icon='\ue8f3' data-av_iconfont='entypo-fontello' title='' data-avia-related-tooltip='Compartir en Facebook' rel=\"noopener\"><span class='avia_hidden_link_text'>Compartir en Facebook<\/span><\/a><\/li><li class='av-share-link av-social-link-twitter' ><a target=\"_blank\" aria-label=\"Compartir en Twitter\" href='https:\/\/twitter.com\/share?text=Quedan%20pocos%20d%C3%ADas%20para%20postular%20al%20Fondo%20para%20el%20Reciclaje%20FPR%202024&#038;url=https:\/\/radiorevelacionfm.cl\/?p=35399' aria-hidden='false' data-av_icon='\ue8f1' data-av_iconfont='entypo-fontello' title='' data-avia-related-tooltip='Compartir en Twitter' rel=\"noopener\"><span class='avia_hidden_link_text'>Compartir en Twitter<\/span><\/a><\/li><li class='av-share-link av-social-link-whatsapp' ><a target=\"_blank\" aria-label=\"Compartir en Whatsapp\" href='https:\/\/api.whatsapp.com\/send?text=https:\/\/radiorevelacionfm.cl\/?p=35399' aria-hidden='false' data-av_icon='\uf232' data-av_iconfont='entypo-fontello' title='' data-avia-related-tooltip='Compartir en Whatsapp' rel=\"noopener\"><span class='avia_hidden_link_text'>Compartir en Whatsapp<\/span><\/a><\/li><li class='av-share-link av-social-link-linkedin' ><a target=\"_blank\" aria-label=\"Compartir en LinkedIn\" href='https:\/\/linkedin.com\/shareArticle?mini=true&#038;title=Quedan%20pocos%20d%C3%ADas%20para%20postular%20al%20Fondo%20para%20el%20Reciclaje%20FPR%202024&#038;url=https:\/\/radiorevelacionfm.cl\/?p=35399' aria-hidden='false' data-av_icon='\ue8fc' data-av_iconfont='entypo-fontello' title='' data-avia-related-tooltip='Compartir en LinkedIn' rel=\"noopener\"><span class='avia_hidden_link_text'>Compartir en LinkedIn<\/span><\/a><\/li><li class='av-share-link av-social-link-mail' ><a  aria-label=\"Compartir por correo\" href='mailto:?subject=Quedan%20pocos%20d%C3%ADas%20para%20postular%20al%20Fondo%20para%20el%20Reciclaje%20FPR%202024&#038;body=https:\/\/radiorevelacionfm.cl\/?p=35399' aria-hidden='false' data-av_icon='\ue805' data-av_iconfont='entypo-fontello' title='' data-avia-related-tooltip='Compartir por correo'><span class='avia_hidden_link_text'>Compartir por correo<\/span><\/a><\/li><\/ul><\/div><\/div>\n<div  style='height:50px' class='hr hr-invisible   avia-builder-el-8  el_after_av_social_share  el_before_av_comments_list '><span class='hr-inner ' ><span class='hr-inner-style'><\/span><\/span><\/div>\n<div  class='av-buildercomment  av-blog-meta-html-info-disabled av-blog-meta-tag-disabled  '><\/div>\n","protected":false},"excerpt":{"rendered":"","protected":false},"author":1,"featured_media":35400,"comment_status":"open","ping_status":"open","sticky":false,"template":"","format":"standard","meta":{"footnotes":""},"categories":[39],"tags":[],"class_list":["post-35399","post","type-post","status-publish","format-standard","has-post-thumbnail","hentry","category-medio-ambiente"],"jetpack_featured_media_url":"https:\/\/radiorevelacionfm.cl\/wp-content\/uploads\/2023\/09\/3-6-2-1-1.jpg","_links":{"self":[{"href":"https:\/\/radiorevelacionfm.cl\/index.php?rest_route=\/wp\/v2\/posts\/35399","targetHints":{"allow":["GET"]}}],"collection":[{"href":"https:\/\/radiorevelacionfm.cl\/index.php?rest_route=\/wp\/v2\/posts"}],"about":[{"href":"https:\/\/radiorevelacionfm.cl\/index.php?rest_route=\/wp\/v2\/types\/post"}],"author":[{"embeddable":true,"href":"https:\/\/radiorevelacionfm.cl\/index.php?rest_route=\/wp\/v2\/users\/1"}],"replies":[{"embeddable":true,"href":"https:\/\/radiorevelacionfm.cl\/index.php?rest_route=%2Fwp%2Fv2%2Fcomments&post=35399"}],"version-history":[{"count":1,"href":"https:\/\/radiorevelacionfm.cl\/index.php?rest_route=\/wp\/v2\/posts\/35399\/revisions"}],"predecessor-version":[{"id":35401,"href":"https:\/\/radiorevelacionfm.cl\/index.php?rest_route=\/wp\/v2\/posts\/35399\/revisions\/35401"}],"wp:featuredmedia":[{"embeddable":true,"href":"https:\/\/radiorevelacionfm.cl\/index.php?rest_route=\/wp\/v2\/media\/35400"}],"wp:attachment":[{"href":"https:\/\/radiorevelacionfm.cl\/index.php?rest_route=%2Fwp%2Fv2%2Fmedia&parent=35399"}],"wp:term":[{"taxonomy":"category","embeddable":true,"href":"https:\/\/radiorevelacionfm.cl\/index.php?rest_route=%2Fwp%2Fv2%2Fcategories&post=35399"},{"taxonomy":"post_tag","embeddable":true,"href":"https:\/\/radiorevelacionfm.cl\/index.php?rest_route=%2Fwp%2Fv2%2Ftags&post=35399"}],"curies":[{"name":"wp","href":"https:\/\/api.w.org\/{rel}","templated":true}]}}