{"id":35397,"date":"2023-09-28T15:16:35","date_gmt":"2023-09-28T18:16:35","guid":{"rendered":"https:\/\/radiorevelacionfm.cl\/?p=35397"},"modified":"2023-09-28T15:16:35","modified_gmt":"2023-09-28T18:16:35","slug":"uaysen-realizara-segunda-jornada-puertas-abiertas-admision-2024","status":"publish","type":"post","link":"https:\/\/radiorevelacionfm.cl\/?p=35397","title":{"rendered":"UAys\u00e9n realizar\u00e1 segunda Jornada Puertas Abiertas Admisi\u00f3n 2024"},"content":{"rendered":"<div class=\"flex_column av_one_full  flex_column_div av-zero-column-padding first  avia-builder-el-0  el_before_av_one_full  avia-builder-el-first  \" style='border-radius:0px; '><div  class='avia-image-container  av-styling-    avia-builder-el-1  avia-builder-el-no-sibling  avia-align-center '  itemprop=\"image\" itemscope=\"itemscope\" itemtype=\"https:\/\/schema.org\/ImageObject\"  ><div class='avia-image-container-inner'><div class='avia-image-overlay-wrap'><img decoding=\"async\" class='wp-image-33176 avia-img-lazy-loading-not-33176 avia_image' src=\"https:\/\/radiorevelacionfm.cl\/wp-content\/uploads\/2023\/07\/0x9a5237-1_optimized-1_optimized-1.jpeg\" alt='' title='0x9a5237-(1)_optimized-(1)_optimized (1)' height=\"600\" width=\"900\"  itemprop=\"thumbnailUrl\" srcset=\"https:\/\/radiorevelacionfm.cl\/wp-content\/uploads\/2023\/07\/0x9a5237-1_optimized-1_optimized-1.jpeg 900w, https:\/\/radiorevelacionfm.cl\/wp-content\/uploads\/2023\/07\/0x9a5237-1_optimized-1_optimized-1-300x200.jpeg 300w, https:\/\/radiorevelacionfm.cl\/wp-content\/uploads\/2023\/07\/0x9a5237-1_optimized-1_optimized-1-768x512.jpeg 768w, https:\/\/radiorevelacionfm.cl\/wp-content\/uploads\/2023\/07\/0x9a5237-1_optimized-1_optimized-1-705x470.jpeg 705w, https:\/\/radiorevelacionfm.cl\/wp-content\/uploads\/2023\/07\/0x9a5237-1_optimized-1_optimized-1-450x300.jpeg 450w, https:\/\/radiorevelacionfm.cl\/wp-content\/uploads\/2023\/07\/0x9a5237-1_optimized-1_optimized-1-600x400.jpeg 600w\" sizes=\"(max-width: 900px) 100vw, 900px\" \/><\/div><\/div><\/div><\/div><div class=\"flex_column av_one_full  flex_column_div av-zero-column-padding first  avia-builder-el-2  el_after_av_one_full  el_before_av_one_full  column-top-margin\" style='border-radius:0px; '><section class=\"av_textblock_section \"  itemscope=\"itemscope\" itemtype=\"https:\/\/schema.org\/BlogPosting\" itemprop=\"blogPost\" ><div class='avia_textblock  '   itemprop=\"text\" ><p class=\"v1MsoNormal\" style=\"text-align: center;\" align=\"center\"><span style=\"font-size: 18pt;\"><b>UAys\u00e9n realizar\u00e1 segunda Jornada <\/b><b>Puertas Abiertas Admisi\u00f3n 2024<\/b><\/span><\/p>\n<div id=\"gtx-trans\" style=\"position: absolute; left: -50px; top: 4.31534px;\">\n<div class=\"gtx-trans-icon\"><\/div>\n<\/div>\n<\/div><\/section><\/div><div class=\"flex_column av_one_full  flex_column_div av-zero-column-padding first  avia-builder-el-4  el_after_av_one_full  el_before_av_hr  column-top-margin\" style='border-radius:0px; '><section class=\"av_textblock_section \"  itemscope=\"itemscope\" itemtype=\"https:\/\/schema.org\/BlogPosting\" itemprop=\"blogPost\" ><div class='avia_textblock  '   itemprop=\"text\" ><p class=\"v1gmail-MsoListParagraph\" style=\"text-align: justify;\"><em>La casa de estudios regional abrir\u00e1 las dependencias del Campus Lillo, ubicado en calle Eusebio Lillo 667, el mi\u00e9rcoles 4 de octubre de 09:30 a 13:00 y de 14:30 a 16:30 horas.<\/em><\/p>\n<p class=\"v1MsoNormal\" style=\"text-align: justify;\">Con el objetivo de entregar la mayor cantidad de informaci\u00f3n pertinente para que los\/as j\u00f3venes de la regi\u00f3n puedan acceder a la educaci\u00f3n superior y difundir la oferta de pregrado, v\u00edas de acceso y las becas y beneficios que brinda la Universidad de Ays\u00e9n, la casa de estudios realizar\u00e1 desde el pr\u00f3ximo mi\u00e9rcoles 4 de octubre la segunda Jornada Puertas Abiertas Admisi\u00f3n del presente a\u00f1o.<\/p>\n<p class=\"v1MsoNormal\" style=\"text-align: justify;\">La actividad, que la Universidad de Ays\u00e9n realiza desde el a\u00f1o 2017, se encuentra dirigida a estudiantes de ense\u00f1anza media, egresados\/as, padres y apoderados y delegaciones de establecimientos educacionales, contar\u00e1 con stands por cada una de las ocho carreras que impartir\u00e1 la casa de estudios estatal el pr\u00f3ximo a\u00f1o, informaci\u00f3n sobre becas, beneficios, acompa\u00f1amiento acad\u00e9mico, talleres extraprogram\u00e1ticos entre otros beneficios con los que cuenta la Universidad de Ays\u00e9n adem\u00e1s de las v\u00edas de acceso para ingresar a formarse en la UAys\u00e9n.<\/p>\n<p class=\"v1MsoNormal\" style=\"text-align: justify;\">Al respecto, David V\u00e1squez, Coordinador de Admisi\u00f3n de la Universidad de Ays\u00e9n, inform\u00f3 los detalles de la instancia. \u00abEfectivamente el d\u00eda 4 de octubre tenemos nuestra segunda Jornada Puertas Abiertas; ya tuvimos una primera muy exitosa en el primer semestre y nuevamente la universidad abre sus puertas para recibir a colegios con sus delegaciones a estudiantes interesados en nuestras carreras, tanto estudiantes que est\u00e1n en cuarto medio como egresados, \u00a0y por qu\u00e9 no, estudiantes que todav\u00eda est\u00e1n en la ense\u00f1anza media y que les falta por salir y ya quieren conocer cu\u00e1l es la oferta acad\u00e9mica de la Universidad de Ays\u00e9n y en general, las comunidades educativas que siempre nos acompa\u00f1an tanto de Coyhaique como de Puerto Ays\u00e9n y de todas las localidades de la regi\u00f3n. En este espacio, en esta instancia \u00a0les mostraremos qu\u00e9 es lo que hacemos en nuestras carreras, en los laboratorios, que conozcan la experiencia estudiantil conversando con los propios estudiantes y acad\u00e9micos y acad\u00e9micas de las \u00a0carreras\u00bb, explic\u00f3.<\/p>\n<p class=\"v1MsoNormal\" style=\"text-align: justify;\">A su vez, David V\u00e1squez, se\u00f1al\u00f3 que adem\u00e1s de mostrar las carreras y hacer un recorrido por el Campus Lillo de la Universidad \u00a0de Ays\u00e9n, tambi\u00e9n en la oportunidad\u00a0 se encontrar\u00e1n algunos stands que muestran \u00abde qu\u00e9 manera nosotros apoyamos a los estudiantes cuando ya ingresan a la universidad, \u00a0muchos de ellos tienen quiz\u00e1s temor de las dificultades que se van a encontrar, de la exigencia de la universidad y efectivamente esto es as\u00ed pero simult\u00e1neamente, les podemos decir que existe todo un equipo de acompa\u00f1amiento acad\u00e9mico y de apoyo a los estudiantes para que sea exitosa esta experiencia estudiantil, para que ellos puedan recibir todas las habilidades, desarrollar las competencias para salir como egresados y titulados de las carreras que tiene la Universidad de Ays\u00e9n. Adem\u00e1s de ello, tendremos algunos stands de becas de beneficios, porque tambi\u00e9n el financiamiento es importante, algunos estudiantes creen que estudiar en la universidad muy caro pero hoy d\u00eda las posibilidades son m\u00faltiples, son variadas, hay becas de mantenci\u00f3n y hay becas tambi\u00e9n de arancel y, lo m\u00e1s importante que, nuestra universidad al estar acreditada, puede recibir estudiantes que tengan gratuidad, que hayan accedido de la gratuidad y estudiar su carrera sin tener que pagar en la Universidad de Ays\u00e9n\u00bb, puntualiz\u00f3.<\/p>\n<p class=\"v1MsoNormal\" style=\"text-align: justify;\">Cabe se\u00f1alar que los establecimientos educacionales que se quieran acercar con sus delegaciones o individualmente pueden inscribirse en el sitio web de la universidad\u00a0<a href=\"http:\/\/www.uaysen.cl\/\" target=\"_blank\" rel=\"noopener noreferrer\">www.uaysen.cl<\/a>\u00a0o escribiendo directamente al mail a\u00a0<a href=\"mailto:admision@uaysen.cl\" rel=\"noreferrer\">admision@uaysen.cl<\/a><\/p>\n<\/div><\/section><\/div><div  style='height:50px' class='hr hr-invisible   avia-builder-el-6  el_after_av_one_full  el_before_av_social_share '><span class='hr-inner ' ><span class='hr-inner-style'><\/span><\/span><\/div><\/p>\n<div  class='av-social-sharing-box  avia-builder-el-7  el_after_av_hr  el_before_av_hr  '><div class='av-share-box'><h5 class='av-share-link-description av-no-toc '>Compartir esta noticia<\/h5><ul class='av-share-box-list noLightbox'><li class='av-share-link av-social-link-facebook' ><a target=\"_blank\" aria-label=\"Compartir en Facebook\" href='https:\/\/www.facebook.com\/sharer.php?u=https:\/\/radiorevelacionfm.cl\/?p=35397&#038;t=UAys%C3%A9n%20realizar%C3%A1%20segunda%20Jornada%20Puertas%20Abiertas%20Admisi%C3%B3n%202024' aria-hidden='false' data-av_icon='\ue8f3' data-av_iconfont='entypo-fontello' title='' data-avia-related-tooltip='Compartir en Facebook' rel=\"noopener\"><span class='avia_hidden_link_text'>Compartir en Facebook<\/span><\/a><\/li><li class='av-share-link av-social-link-twitter' ><a target=\"_blank\" aria-label=\"Compartir en Twitter\" href='https:\/\/twitter.com\/share?text=UAys%C3%A9n%20realizar%C3%A1%20segunda%20Jornada%20Puertas%20Abiertas%20Admisi%C3%B3n%202024&#038;url=https:\/\/radiorevelacionfm.cl\/?p=35397' aria-hidden='false' data-av_icon='\ue8f1' data-av_iconfont='entypo-fontello' title='' data-avia-related-tooltip='Compartir en Twitter' rel=\"noopener\"><span class='avia_hidden_link_text'>Compartir en Twitter<\/span><\/a><\/li><li class='av-share-link av-social-link-whatsapp' ><a target=\"_blank\" aria-label=\"Compartir en Whatsapp\" href='https:\/\/api.whatsapp.com\/send?text=https:\/\/radiorevelacionfm.cl\/?p=35397' aria-hidden='false' data-av_icon='\uf232' data-av_iconfont='entypo-fontello' title='' data-avia-related-tooltip='Compartir en Whatsapp' rel=\"noopener\"><span class='avia_hidden_link_text'>Compartir en Whatsapp<\/span><\/a><\/li><li class='av-share-link av-social-link-linkedin' ><a target=\"_blank\" aria-label=\"Compartir en LinkedIn\" href='https:\/\/linkedin.com\/shareArticle?mini=true&#038;title=UAys%C3%A9n%20realizar%C3%A1%20segunda%20Jornada%20Puertas%20Abiertas%20Admisi%C3%B3n%202024&#038;url=https:\/\/radiorevelacionfm.cl\/?p=35397' aria-hidden='false' data-av_icon='\ue8fc' data-av_iconfont='entypo-fontello' title='' data-avia-related-tooltip='Compartir en LinkedIn' rel=\"noopener\"><span class='avia_hidden_link_text'>Compartir en LinkedIn<\/span><\/a><\/li><li class='av-share-link av-social-link-mail' ><a  aria-label=\"Compartir por correo\" href='mailto:?subject=UAys%C3%A9n%20realizar%C3%A1%20segunda%20Jornada%20Puertas%20Abiertas%20Admisi%C3%B3n%202024&#038;body=https:\/\/radiorevelacionfm.cl\/?p=35397' aria-hidden='false' data-av_icon='\ue805' data-av_iconfont='entypo-fontello' title='' data-avia-related-tooltip='Compartir por correo'><span class='avia_hidden_link_text'>Compartir por correo<\/span><\/a><\/li><\/ul><\/div><\/div>\n<div  style='height:50px' class='hr hr-invisible   avia-builder-el-8  el_after_av_social_share  el_before_av_comments_list '><span class='hr-inner ' ><span class='hr-inner-style'><\/span><\/span><\/div>\n<div  class='av-buildercomment  av-blog-meta-html-info-disabled av-blog-meta-tag-disabled  '><\/div>\n","protected":false},"excerpt":{"rendered":"","protected":false},"author":1,"featured_media":33176,"comment_status":"open","ping_status":"open","sticky":false,"template":"","format":"standard","meta":{"footnotes":""},"categories":[49],"tags":[],"class_list":["post-35397","post","type-post","status-publish","format-standard","has-post-thumbnail","hentry","category-educacion"],"jetpack_featured_media_url":"https:\/\/radiorevelacionfm.cl\/wp-content\/uploads\/2023\/07\/0x9a5237-1_optimized-1_optimized-1.jpeg","_links":{"self":[{"href":"https:\/\/radiorevelacionfm.cl\/index.php?rest_route=\/wp\/v2\/posts\/35397","targetHints":{"allow":["GET"]}}],"collection":[{"href":"https:\/\/radiorevelacionfm.cl\/index.php?rest_route=\/wp\/v2\/posts"}],"about":[{"href":"https:\/\/radiorevelacionfm.cl\/index.php?rest_route=\/wp\/v2\/types\/post"}],"author":[{"embeddable":true,"href":"https:\/\/radiorevelacionfm.cl\/index.php?rest_route=\/wp\/v2\/users\/1"}],"replies":[{"embeddable":true,"href":"https:\/\/radiorevelacionfm.cl\/index.php?rest_route=%2Fwp%2Fv2%2Fcomments&post=35397"}],"version-history":[{"count":1,"href":"https:\/\/radiorevelacionfm.cl\/index.php?rest_route=\/wp\/v2\/posts\/35397\/revisions"}],"predecessor-version":[{"id":35398,"href":"https:\/\/radiorevelacionfm.cl\/index.php?rest_route=\/wp\/v2\/posts\/35397\/revisions\/35398"}],"wp:featuredmedia":[{"embeddable":true,"href":"https:\/\/radiorevelacionfm.cl\/index.php?rest_route=\/wp\/v2\/media\/33176"}],"wp:attachment":[{"href":"https:\/\/radiorevelacionfm.cl\/index.php?rest_route=%2Fwp%2Fv2%2Fmedia&parent=35397"}],"wp:term":[{"taxonomy":"category","embeddable":true,"href":"https:\/\/radiorevelacionfm.cl\/index.php?rest_route=%2Fwp%2Fv2%2Fcategories&post=35397"},{"taxonomy":"post_tag","embeddable":true,"href":"https:\/\/radiorevelacionfm.cl\/index.php?rest_route=%2Fwp%2Fv2%2Ftags&post=35397"}],"curies":[{"name":"wp","href":"https:\/\/api.w.org\/{rel}","templated":true}]}}