{"id":35387,"date":"2023-09-28T09:47:29","date_gmt":"2023-09-28T12:47:29","guid":{"rendered":"https:\/\/radiorevelacionfm.cl\/?p=35387"},"modified":"2023-09-28T09:47:29","modified_gmt":"2023-09-28T12:47:29","slug":"alcalde-de-aysen-se-reunio-con-subsecretaria-de-desarrollo-regional-para-avanzar-con-proyectos-pmu","status":"publish","type":"post","link":"https:\/\/radiorevelacionfm.cl\/?p=35387","title":{"rendered":"Alcalde de Ays\u00e9n se reuni\u00f3 con Subsecretaria de Desarrollo Regional para avanzar con proyectos PMU"},"content":{"rendered":"<div class=\"flex_column av_one_full  flex_column_div av-zero-column-padding first  avia-builder-el-0  el_before_av_one_full  avia-builder-el-first  \" style='border-radius:0px; '><div  class='avia-image-container  av-styling-    avia-builder-el-1  avia-builder-el-no-sibling  avia-align-center '  itemprop=\"image\" itemscope=\"itemscope\" itemtype=\"https:\/\/schema.org\/ImageObject\"  ><div class='avia-image-container-inner'><div class='avia-image-overlay-wrap'><img decoding=\"async\" class='wp-image-35388 avia-img-lazy-loading-not-35388 avia_image' src=\"https:\/\/radiorevelacionfm.cl\/wp-content\/uploads\/2023\/09\/REUNION-SUBSECRETARIA-1-1-1.jpeg\" alt='' title='REUNI\u00d3N SUBSECRETARIA 1 (1) (1)' height=\"600\" width=\"800\"  itemprop=\"thumbnailUrl\" srcset=\"https:\/\/radiorevelacionfm.cl\/wp-content\/uploads\/2023\/09\/REUNION-SUBSECRETARIA-1-1-1.jpeg 800w, https:\/\/radiorevelacionfm.cl\/wp-content\/uploads\/2023\/09\/REUNION-SUBSECRETARIA-1-1-1-300x225.jpeg 300w, https:\/\/radiorevelacionfm.cl\/wp-content\/uploads\/2023\/09\/REUNION-SUBSECRETARIA-1-1-1-768x576.jpeg 768w, https:\/\/radiorevelacionfm.cl\/wp-content\/uploads\/2023\/09\/REUNION-SUBSECRETARIA-1-1-1-705x529.jpeg 705w, https:\/\/radiorevelacionfm.cl\/wp-content\/uploads\/2023\/09\/REUNION-SUBSECRETARIA-1-1-1-450x338.jpeg 450w, https:\/\/radiorevelacionfm.cl\/wp-content\/uploads\/2023\/09\/REUNION-SUBSECRETARIA-1-1-1-600x450.jpeg 600w\" sizes=\"(max-width: 800px) 100vw, 800px\" \/><\/div><\/div><\/div><\/div><div class=\"flex_column av_one_full  flex_column_div av-zero-column-padding first  avia-builder-el-2  el_after_av_one_full  el_before_av_one_full  column-top-margin\" style='border-radius:0px; '><section class=\"av_textblock_section \"  itemscope=\"itemscope\" itemtype=\"https:\/\/schema.org\/BlogPosting\" itemprop=\"blogPost\" ><div class='avia_textblock  '   itemprop=\"text\" ><p style=\"text-align: center;\"><strong><span style=\"font-size: 18pt;\">Alcalde de Ays\u00e9n se reuni\u00f3 con Subsecretaria de Desarrollo Regional para avanzar con proyectos PMU<\/span><\/strong><\/p>\n<div id=\"gtx-trans\" style=\"position: absolute; left: -50px; top: 4.31534px;\">\n<div class=\"gtx-trans-icon\"><\/div>\n<\/div>\n<\/div><\/section><\/div><div class=\"flex_column av_one_full  flex_column_div av-zero-column-padding first  avia-builder-el-4  el_after_av_one_full  el_before_av_hr  column-top-margin\" style='border-radius:0px; '><section class=\"av_textblock_section \"  itemscope=\"itemscope\" itemtype=\"https:\/\/schema.org\/BlogPosting\" itemprop=\"blogPost\" ><div class='avia_textblock  '   itemprop=\"text\" ><p style=\"text-align: justify;\">Hasta la capital del pa\u00eds viaj\u00f3 el Alcalde de Ays\u00e9n, Julio Uribe, quien sostuvo una serie de encuentros con autoridades del nivel central para abordar cartera de proyectos de la comuna. Uno de estos encuentros fue con la Subsecretaria de Desarrollo Regional, Francisca Perales.<\/p>\n<p style=\"text-align: justify;\">En la reuni\u00f3n, el edil pudo plantear su preocupaci\u00f3n por la demora que han tenido algunos proyectos sobre todo aquellos del Programa de Mejoramiento Urbano, PMU, los cuales permiten entregar una fuente de trabajo a vecinos y vecinas de las distintas localidades de la comuna y los planteados a la Subsecretaria llevan esperando poder ser concretados desde el mes de abril de este a\u00f1o.<\/p>\n<p style=\"text-align: justify;\">\u201cDesde el mes de abril que hemos presentado nuestros proyectos PMU y que han venido con diferentes observaciones. Hubo un compromiso en poder avanzar en la revisi\u00f3n de los proyectos, para dar la prioridad a nuestras iniciativas PMU y tambi\u00e9n para otros proyectos que estaban aprobados t\u00e9cnicamente\u201d.<\/p>\n<p style=\"text-align: justify;\"><strong>Bono zonas extremas asistentes de la educaci\u00f3n <\/strong><\/p>\n<p style=\"text-align: justify;\">En la reuni\u00f3n con la Subsecretaria Perales, el Alcalde de la comuna de Ays\u00e9n, tambi\u00e9n present\u00f3 su preocupaci\u00f3n por el pago del bono zonas extremas de los asistentes de educaci\u00f3n.<\/p>\n<p style=\"text-align: justify;\">\u201cTambi\u00e9n planteamos sobre el bono zonas extremas de nuestros asistentes de la educaci\u00f3n, el cual es un compromiso que ese bono va a estar pagado antes del 30 de septiembre. As\u00ed es que, esperar que esos compromisos se cumplan y que no tengamos problemas con los diferentes gremios o entidades\u201d.<\/p>\n<p style=\"text-align: justify;\"><strong>Mejoramiento carpeta Polideportivo \u201c21 de abril\u201d<\/strong><\/p>\n<p style=\"text-align: justify;\">El Alcalde Julio Uribe, inform\u00f3 tambi\u00e9n que la Subsecretaria de Desarrollo Regional, Francisca Perales, le se\u00f1al\u00f3 que el proyecto para reparar la cubierta del Polideportivo \u201c21 de abril\u201d de Ays\u00e9n, cuenta con finamiento.<\/p>\n<p style=\"text-align: justify;\">\u201cNuestra Subsecretaria de Desarrollo Regional, indica ya la aprobaci\u00f3n del financiamiento de lo que es la reparaci\u00f3n de la cubierta del polideportivo, que era un segmento que no lo hab\u00eda cubierto el otro proyecto. As\u00ed es que, eso nos deja muy contentos porque vamos a poder seguir reparando este importante recinto deportivo\u201d.<\/p>\n<p style=\"text-align: justify;\">La m\u00e1xima autoridad de la comuna de Ays\u00e9n, enfatiz\u00f3 tambi\u00e9n que, \u201cen la reuni\u00f3n indic\u00e1bamos igual que, nos est\u00e1n observando muy al detalle y cada vez nos hacen m\u00e1s observaciones, por lo tanto, era algo que nos preocupaba y por eso vinimos a plante\u00e1rselo. En definitiva, quedaron claros sobre cu\u00e1les son nuestros proyectos prioritarios, as\u00ed es que, esperar que salgan a la brevedad. Tambi\u00e9n se\u00f1alar que, siempre hemos sido bien acogidos por las diferentes autoridades y esperar que esta ocasi\u00f3n no sea diferente\u201d.<\/p>\n<p style=\"text-align: justify;\">Por \u00faltimo, el Alcalde Julio Uribe, dijo que adem\u00e1s plantearon a la Subsecretaria, Francisca Peralta, la necesidad de aumentar el presupuesto para ciclov\u00edas y mantenci\u00f3n vial en \u00e1reas estudiantiles.<\/p>\n<\/div><\/section><\/div><div  style='height:50px' class='hr hr-invisible   avia-builder-el-6  el_after_av_one_full  el_before_av_social_share '><span class='hr-inner ' ><span class='hr-inner-style'><\/span><\/span><\/div><\/p>\n<div  class='av-social-sharing-box  avia-builder-el-7  el_after_av_hr  el_before_av_hr  '><div class='av-share-box'><h5 class='av-share-link-description av-no-toc '>Compartir esta noticia<\/h5><ul class='av-share-box-list noLightbox'><li class='av-share-link av-social-link-facebook' ><a target=\"_blank\" aria-label=\"Compartir en Facebook\" href='https:\/\/www.facebook.com\/sharer.php?u=https:\/\/radiorevelacionfm.cl\/?p=35387&#038;t=Alcalde%20de%20Ays%C3%A9n%20se%20reuni%C3%B3%20con%20Subsecretaria%20de%20Desarrollo%20Regional%20para%20avanzar%20con%20proyectos%20PMU' aria-hidden='false' data-av_icon='\ue8f3' data-av_iconfont='entypo-fontello' title='' data-avia-related-tooltip='Compartir en Facebook' rel=\"noopener\"><span class='avia_hidden_link_text'>Compartir en Facebook<\/span><\/a><\/li><li class='av-share-link av-social-link-twitter' ><a target=\"_blank\" aria-label=\"Compartir en Twitter\" href='https:\/\/twitter.com\/share?text=Alcalde%20de%20Ays%C3%A9n%20se%20reuni%C3%B3%20con%20Subsecretaria%20de%20Desarrollo%20Regional%20para%20avanzar%20con%20proyectos%20PMU&#038;url=https:\/\/radiorevelacionfm.cl\/?p=35387' aria-hidden='false' data-av_icon='\ue8f1' data-av_iconfont='entypo-fontello' title='' data-avia-related-tooltip='Compartir en Twitter' rel=\"noopener\"><span class='avia_hidden_link_text'>Compartir en Twitter<\/span><\/a><\/li><li class='av-share-link av-social-link-whatsapp' ><a target=\"_blank\" aria-label=\"Compartir en Whatsapp\" href='https:\/\/api.whatsapp.com\/send?text=https:\/\/radiorevelacionfm.cl\/?p=35387' aria-hidden='false' data-av_icon='\uf232' data-av_iconfont='entypo-fontello' title='' data-avia-related-tooltip='Compartir en Whatsapp' rel=\"noopener\"><span class='avia_hidden_link_text'>Compartir en Whatsapp<\/span><\/a><\/li><li class='av-share-link av-social-link-linkedin' ><a target=\"_blank\" aria-label=\"Compartir en LinkedIn\" href='https:\/\/linkedin.com\/shareArticle?mini=true&#038;title=Alcalde%20de%20Ays%C3%A9n%20se%20reuni%C3%B3%20con%20Subsecretaria%20de%20Desarrollo%20Regional%20para%20avanzar%20con%20proyectos%20PMU&#038;url=https:\/\/radiorevelacionfm.cl\/?p=35387' aria-hidden='false' data-av_icon='\ue8fc' data-av_iconfont='entypo-fontello' title='' data-avia-related-tooltip='Compartir en LinkedIn' rel=\"noopener\"><span class='avia_hidden_link_text'>Compartir en LinkedIn<\/span><\/a><\/li><li class='av-share-link av-social-link-mail' ><a  aria-label=\"Compartir por correo\" href='mailto:?subject=Alcalde%20de%20Ays%C3%A9n%20se%20reuni%C3%B3%20con%20Subsecretaria%20de%20Desarrollo%20Regional%20para%20avanzar%20con%20proyectos%20PMU&#038;body=https:\/\/radiorevelacionfm.cl\/?p=35387' aria-hidden='false' data-av_icon='\ue805' data-av_iconfont='entypo-fontello' title='' data-avia-related-tooltip='Compartir por correo'><span class='avia_hidden_link_text'>Compartir por correo<\/span><\/a><\/li><\/ul><\/div><\/div>\n<div  style='height:50px' class='hr hr-invisible   avia-builder-el-8  el_after_av_social_share  el_before_av_comments_list '><span class='hr-inner ' ><span class='hr-inner-style'><\/span><\/span><\/div>\n<div  class='av-buildercomment  av-blog-meta-html-info-disabled av-blog-meta-tag-disabled  '><\/div>\n","protected":false},"excerpt":{"rendered":"","protected":false},"author":1,"featured_media":35388,"comment_status":"open","ping_status":"open","sticky":false,"template":"","format":"standard","meta":{"footnotes":""},"categories":[38],"tags":[],"class_list":["post-35387","post","type-post","status-publish","format-standard","has-post-thumbnail","hentry","category-regional"],"jetpack_featured_media_url":"https:\/\/radiorevelacionfm.cl\/wp-content\/uploads\/2023\/09\/REUNION-SUBSECRETARIA-1-1-1.jpeg","_links":{"self":[{"href":"https:\/\/radiorevelacionfm.cl\/index.php?rest_route=\/wp\/v2\/posts\/35387","targetHints":{"allow":["GET"]}}],"collection":[{"href":"https:\/\/radiorevelacionfm.cl\/index.php?rest_route=\/wp\/v2\/posts"}],"about":[{"href":"https:\/\/radiorevelacionfm.cl\/index.php?rest_route=\/wp\/v2\/types\/post"}],"author":[{"embeddable":true,"href":"https:\/\/radiorevelacionfm.cl\/index.php?rest_route=\/wp\/v2\/users\/1"}],"replies":[{"embeddable":true,"href":"https:\/\/radiorevelacionfm.cl\/index.php?rest_route=%2Fwp%2Fv2%2Fcomments&post=35387"}],"version-history":[{"count":1,"href":"https:\/\/radiorevelacionfm.cl\/index.php?rest_route=\/wp\/v2\/posts\/35387\/revisions"}],"predecessor-version":[{"id":35389,"href":"https:\/\/radiorevelacionfm.cl\/index.php?rest_route=\/wp\/v2\/posts\/35387\/revisions\/35389"}],"wp:featuredmedia":[{"embeddable":true,"href":"https:\/\/radiorevelacionfm.cl\/index.php?rest_route=\/wp\/v2\/media\/35388"}],"wp:attachment":[{"href":"https:\/\/radiorevelacionfm.cl\/index.php?rest_route=%2Fwp%2Fv2%2Fmedia&parent=35387"}],"wp:term":[{"taxonomy":"category","embeddable":true,"href":"https:\/\/radiorevelacionfm.cl\/index.php?rest_route=%2Fwp%2Fv2%2Fcategories&post=35387"},{"taxonomy":"post_tag","embeddable":true,"href":"https:\/\/radiorevelacionfm.cl\/index.php?rest_route=%2Fwp%2Fv2%2Ftags&post=35387"}],"curies":[{"name":"wp","href":"https:\/\/api.w.org\/{rel}","templated":true}]}}