{"id":35384,"date":"2023-09-27T19:29:40","date_gmt":"2023-09-27T22:29:40","guid":{"rendered":"https:\/\/radiorevelacionfm.cl\/?p=35384"},"modified":"2023-09-27T19:29:40","modified_gmt":"2023-09-27T22:29:40","slug":"autoridades-reconocen-a-beneficiarios-que-obtienen-bono-graduacion-tras-culminar-su-ensenanza-media","status":"publish","type":"post","link":"https:\/\/radiorevelacionfm.cl\/?p=35384","title":{"rendered":"Autoridades reconocen a beneficiarios que obtienen bono graduaci\u00f3n tras culminar su ense\u00f1anza media"},"content":{"rendered":"<div class=\"flex_column av_one_full  flex_column_div av-zero-column-padding first  avia-builder-el-0  el_before_av_one_full  avia-builder-el-first  \" style='border-radius:0px; '><div  class='avia-image-container  av-styling-    avia-builder-el-1  avia-builder-el-no-sibling  avia-align-center '  itemprop=\"image\" itemscope=\"itemscope\" itemtype=\"https:\/\/schema.org\/ImageObject\"  ><div class='avia-image-container-inner'><div class='avia-image-overlay-wrap'><img decoding=\"async\" class='wp-image-35385 avia-img-lazy-loading-not-35385 avia_image' src=\"https:\/\/radiorevelacionfm.cl\/wp-content\/uploads\/2023\/09\/bonograduacion4-1_optimized-1.jpg\" alt='' title='bonograduacion4-(1)_optimized (1)' height=\"600\" width=\"1067\"  itemprop=\"thumbnailUrl\" srcset=\"https:\/\/radiorevelacionfm.cl\/wp-content\/uploads\/2023\/09\/bonograduacion4-1_optimized-1.jpg 1067w, https:\/\/radiorevelacionfm.cl\/wp-content\/uploads\/2023\/09\/bonograduacion4-1_optimized-1-300x169.jpg 300w, https:\/\/radiorevelacionfm.cl\/wp-content\/uploads\/2023\/09\/bonograduacion4-1_optimized-1-1030x579.jpg 1030w, https:\/\/radiorevelacionfm.cl\/wp-content\/uploads\/2023\/09\/bonograduacion4-1_optimized-1-768x432.jpg 768w, https:\/\/radiorevelacionfm.cl\/wp-content\/uploads\/2023\/09\/bonograduacion4-1_optimized-1-705x396.jpg 705w, https:\/\/radiorevelacionfm.cl\/wp-content\/uploads\/2023\/09\/bonograduacion4-1_optimized-1-450x253.jpg 450w, https:\/\/radiorevelacionfm.cl\/wp-content\/uploads\/2023\/09\/bonograduacion4-1_optimized-1-600x337.jpg 600w\" sizes=\"(max-width: 1067px) 100vw, 1067px\" \/><\/div><\/div><\/div><\/div><div class=\"flex_column av_one_full  flex_column_div av-zero-column-padding first  avia-builder-el-2  el_after_av_one_full  el_before_av_one_full  column-top-margin\" style='border-radius:0px; '><section class=\"av_textblock_section \"  itemscope=\"itemscope\" itemtype=\"https:\/\/schema.org\/BlogPosting\" itemprop=\"blogPost\" ><div class='avia_textblock  '   itemprop=\"text\" ><p style=\"text-align: center;\"><strong><span style=\"font-size: 18pt;\">Autoridades reconocen a beneficiarios que obtienen bono graduaci\u00f3n tras culminar su ense\u00f1anza media<\/span><\/strong><\/p>\n<div id=\"gtx-trans\" style=\"position: absolute; left: -50px; top: 4.31534px;\">\n<div class=\"gtx-trans-icon\"><\/div>\n<\/div>\n<\/div><\/section><\/div><div class=\"flex_column av_one_full  flex_column_div av-zero-column-padding first  avia-builder-el-4  el_after_av_one_full  el_before_av_hr  column-top-margin\" style='border-radius:0px; '><section class=\"av_textblock_section \"  itemscope=\"itemscope\" itemtype=\"https:\/\/schema.org\/BlogPosting\" itemprop=\"blogPost\" ><div class='avia_textblock  '   itemprop=\"text\" ><p class=\"v1MsoNormal\" style=\"text-align: justify;\">Con el objetivo de reconocer el esfuerzo que han llevado a cabo quienes concluyen exitosamente sus estudios de educaci\u00f3n media en modalidad educaci\u00f3n de adultos, es que la Seremi de Desarrollo Social y Familia entreg\u00f3 el bono por graduaci\u00f3n a 18 personas de las comunas de Cisnes, Ays\u00e9n, Lago Verde, Guaitecas, Coyhaique y Chile Chico.<\/p>\n<p class=\"v1MsoNormal\" style=\"text-align: justify;\">Este beneficio se entrega a los participantes mayores de 24 a\u00f1os del Subsistema de Seguridades y Oportunidades, al que no es necesario postular, ya que se entrega por \u00fanica vez la suma de 67.278 como un incentivo al esfuerzo con miras a que mejoren sus condiciones de empleabilidad y acceso al mundo laboral formal.<\/p>\n<p class=\"v1MsoNormal\" style=\"text-align: justify;\">As\u00ed lo describi\u00f3 Karina Acevedo Seremi de Desarrollo Social y Familia quien hizo la entrega del reconocimiento en Coyhaique y Puerto Ays\u00e9n a trav\u00e9s de un encuentro con algunos de los beneficiados \u00abFelicitamos este logro \u00a0y que se reconoce con este aporte monetario de alrededor de 70 mil pesos a \u00a0las personas de 24 a\u00f1os o m\u00e1s de edad, usuarias o integrantes de una familia de Seguridades y Oportunidades, que obtienen su licencia de Ense\u00f1anza Media y se encuentran activas en su proceso de Acompa\u00f1amiento Psicosocial. Es muy significativo para nosotros como gobierno y ministerio poder entregar estas posibilidades que abren nuevas ventanas a familias, en donde ellos nos expresan lo orgullosos que se sienten y las nuevas oportunidades que les llegan con el solo hecho de tener ense\u00f1anza media completa\u00bb.<\/p>\n<p class=\"v1MsoNormal\" style=\"text-align: justify;\">Desde Puerto Ays\u00e9n los beneficiarios valoraron este reconocimiento, as\u00ed lo expres\u00f3 Luisa Paredes \u00abEstoy orgullosa de m\u00ed, porque logr\u00e9 pasar un nivel que me permite seguir adelante, cuando una tiene hijos es muy dif\u00edcil poder surgir y yo veo que hay tantas personas que se quejan que no les alcanza, que el gobierno no les ayuda lo suficiente, pero yo creo que va en una, el poder dar pasos para crecer. En lo personal me ayud\u00f3 bastante y seguir\u00e9 adelante por mis hijos\u00bb.<\/p>\n<p class=\"v1MsoNormal\" style=\"text-align: justify;\">Por su lado el alcalde Julio Uribe agreg\u00f3 que \u00abComo municipio tenemos convenio con Desarrollo Social y Familia y abordamos este programa, creo que es un premio al esfuerzo a estas personas incluso una de ellas ya est\u00e1 estudiando en la Universidad, son personas muy esforzadas. Creo que la alianza que tenemos con el ministerio es muy fruct\u00edfero, es el camino para ayudar a nuestros vecinos a que tengan un mejor futuro\u00bb.<\/p>\n<p class=\"v1MsoNormal\" style=\"text-align: justify;\">Orgulloso de su logro, Mario Mu\u00f1oz Reyes de Coyhaique coment\u00f3 que tras terminar su ense\u00f1anza media se abrieron nuevas oportunidades, por lo que hizo un llamado \u00abPara mi es enriquecedor que el gobierno se pueda sumar a esto, a incentivar y reconocer, porque si bien uno culmina una etapa son a\u00f1os que uno ha postergado por distintas cosas porque cambian las prioridades y al momento que uno termina la etapa y que luego te la reconozcan es engrandecedor para uno. Cada persona tiene la posibilidad y les hago el llamado a cerrar ciclos, porque cada vez que uno termina algo, luego se te abren puertas como el poder seguir estudiando, as\u00ed que mi llamado es a que no nos posterguemos con los estudios, culminemos esa etapa\u00bb.<\/p>\n<p class=\"v1MsoNormal\" style=\"text-align: justify;\">De este reconocimiento al esfuerzo tambi\u00e9n participaron los delegados provinciales de Ays\u00e9n y presidencial, por lo que tanto Jorge D\u00edaz y Rodrigo Araya felicitaron la instancia y les motivaron a seguir adelante \u00ablo que est\u00e1 haciendo nuestro gobierno es generar oportunidades a quienes estaban rezagados por distintas razones, por tanto fue muy grato participar de esta conversaci\u00f3n, conocer sus vidas y sus planes\u00bb se\u00f1al\u00f3 Jorge D\u00edaz, agregando el delegado presidencial Rodrigo Araya que \u00abes tremendamente gratificante ver el apoyo que reciben y como hacen uso de este programa sacando un buen provecho, porque pueden ayudarlos a buscar herramientas y beneficios de los distintos servicios p\u00fablicos\u00bb.<\/p>\n<\/div><\/section><\/div><div  style='height:50px' class='hr hr-invisible   avia-builder-el-6  el_after_av_one_full  el_before_av_social_share '><span class='hr-inner ' ><span class='hr-inner-style'><\/span><\/span><\/div><\/p>\n<div  class='av-social-sharing-box  avia-builder-el-7  el_after_av_hr  el_before_av_hr  '><div class='av-share-box'><h5 class='av-share-link-description av-no-toc '>Compartir esta noticia<\/h5><ul class='av-share-box-list noLightbox'><li class='av-share-link av-social-link-facebook' ><a target=\"_blank\" aria-label=\"Compartir en Facebook\" href='https:\/\/www.facebook.com\/sharer.php?u=https:\/\/radiorevelacionfm.cl\/?p=35384&#038;t=Autoridades%20reconocen%20a%20beneficiarios%20que%20obtienen%20bono%20graduaci%C3%B3n%20tras%20culminar%20su%20ense%C3%B1anza%20media' aria-hidden='false' data-av_icon='\ue8f3' data-av_iconfont='entypo-fontello' title='' data-avia-related-tooltip='Compartir en Facebook' rel=\"noopener\"><span class='avia_hidden_link_text'>Compartir en Facebook<\/span><\/a><\/li><li class='av-share-link av-social-link-twitter' ><a target=\"_blank\" aria-label=\"Compartir en Twitter\" href='https:\/\/twitter.com\/share?text=Autoridades%20reconocen%20a%20beneficiarios%20que%20obtienen%20bono%20graduaci%C3%B3n%20tras%20culminar%20su%20ense%C3%B1anza%20media&#038;url=https:\/\/radiorevelacionfm.cl\/?p=35384' aria-hidden='false' data-av_icon='\ue8f1' data-av_iconfont='entypo-fontello' title='' data-avia-related-tooltip='Compartir en Twitter' rel=\"noopener\"><span class='avia_hidden_link_text'>Compartir en Twitter<\/span><\/a><\/li><li class='av-share-link av-social-link-whatsapp' ><a target=\"_blank\" aria-label=\"Compartir en Whatsapp\" href='https:\/\/api.whatsapp.com\/send?text=https:\/\/radiorevelacionfm.cl\/?p=35384' aria-hidden='false' data-av_icon='\uf232' data-av_iconfont='entypo-fontello' title='' data-avia-related-tooltip='Compartir en Whatsapp' rel=\"noopener\"><span class='avia_hidden_link_text'>Compartir en Whatsapp<\/span><\/a><\/li><li class='av-share-link av-social-link-linkedin' ><a target=\"_blank\" aria-label=\"Compartir en LinkedIn\" href='https:\/\/linkedin.com\/shareArticle?mini=true&#038;title=Autoridades%20reconocen%20a%20beneficiarios%20que%20obtienen%20bono%20graduaci%C3%B3n%20tras%20culminar%20su%20ense%C3%B1anza%20media&#038;url=https:\/\/radiorevelacionfm.cl\/?p=35384' aria-hidden='false' data-av_icon='\ue8fc' data-av_iconfont='entypo-fontello' title='' data-avia-related-tooltip='Compartir en LinkedIn' rel=\"noopener\"><span class='avia_hidden_link_text'>Compartir en LinkedIn<\/span><\/a><\/li><li class='av-share-link av-social-link-mail' ><a  aria-label=\"Compartir por correo\" href='mailto:?subject=Autoridades%20reconocen%20a%20beneficiarios%20que%20obtienen%20bono%20graduaci%C3%B3n%20tras%20culminar%20su%20ense%C3%B1anza%20media&#038;body=https:\/\/radiorevelacionfm.cl\/?p=35384' aria-hidden='false' data-av_icon='\ue805' data-av_iconfont='entypo-fontello' title='' data-avia-related-tooltip='Compartir por correo'><span class='avia_hidden_link_text'>Compartir por correo<\/span><\/a><\/li><\/ul><\/div><\/div>\n<div  style='height:50px' class='hr hr-invisible   avia-builder-el-8  el_after_av_social_share  el_before_av_comments_list '><span class='hr-inner ' ><span class='hr-inner-style'><\/span><\/span><\/div>\n<div  class='av-buildercomment  av-blog-meta-html-info-disabled av-blog-meta-tag-disabled  '><\/div>\n","protected":false},"excerpt":{"rendered":"","protected":false},"author":1,"featured_media":35385,"comment_status":"open","ping_status":"open","sticky":false,"template":"","format":"standard","meta":{"footnotes":""},"categories":[38],"tags":[],"class_list":["post-35384","post","type-post","status-publish","format-standard","has-post-thumbnail","hentry","category-regional"],"jetpack_featured_media_url":"https:\/\/radiorevelacionfm.cl\/wp-content\/uploads\/2023\/09\/bonograduacion4-1_optimized-1.jpg","_links":{"self":[{"href":"https:\/\/radiorevelacionfm.cl\/index.php?rest_route=\/wp\/v2\/posts\/35384","targetHints":{"allow":["GET"]}}],"collection":[{"href":"https:\/\/radiorevelacionfm.cl\/index.php?rest_route=\/wp\/v2\/posts"}],"about":[{"href":"https:\/\/radiorevelacionfm.cl\/index.php?rest_route=\/wp\/v2\/types\/post"}],"author":[{"embeddable":true,"href":"https:\/\/radiorevelacionfm.cl\/index.php?rest_route=\/wp\/v2\/users\/1"}],"replies":[{"embeddable":true,"href":"https:\/\/radiorevelacionfm.cl\/index.php?rest_route=%2Fwp%2Fv2%2Fcomments&post=35384"}],"version-history":[{"count":1,"href":"https:\/\/radiorevelacionfm.cl\/index.php?rest_route=\/wp\/v2\/posts\/35384\/revisions"}],"predecessor-version":[{"id":35386,"href":"https:\/\/radiorevelacionfm.cl\/index.php?rest_route=\/wp\/v2\/posts\/35384\/revisions\/35386"}],"wp:featuredmedia":[{"embeddable":true,"href":"https:\/\/radiorevelacionfm.cl\/index.php?rest_route=\/wp\/v2\/media\/35385"}],"wp:attachment":[{"href":"https:\/\/radiorevelacionfm.cl\/index.php?rest_route=%2Fwp%2Fv2%2Fmedia&parent=35384"}],"wp:term":[{"taxonomy":"category","embeddable":true,"href":"https:\/\/radiorevelacionfm.cl\/index.php?rest_route=%2Fwp%2Fv2%2Fcategories&post=35384"},{"taxonomy":"post_tag","embeddable":true,"href":"https:\/\/radiorevelacionfm.cl\/index.php?rest_route=%2Fwp%2Fv2%2Ftags&post=35384"}],"curies":[{"name":"wp","href":"https:\/\/api.w.org\/{rel}","templated":true}]}}