{"id":35381,"date":"2023-09-28T10:11:34","date_gmt":"2023-09-28T13:11:34","guid":{"rendered":"https:\/\/radiorevelacionfm.cl\/?p=35381"},"modified":"2023-09-28T10:11:34","modified_gmt":"2023-09-28T13:11:34","slug":"marcia-raphael-manifiesta-preocupacion-por-instructivo-del-ministerio-de-medio-ambiente-que-frena-concesiones-acuicolas-el-gobierno-sigue-con-su-obsesion-de-destruir-la-salmonicultura","status":"publish","type":"post","link":"https:\/\/radiorevelacionfm.cl\/?p=35381","title":{"rendered":"Marcia Raphael manifiesta preocupaci\u00f3n por instructivo del Ministerio de Medio Ambiente que frena concesiones acu\u00edcolas: \u201cEl gobierno sigue con su obsesi\u00f3n de destruir la salmonicultura\u201d"},"content":{"rendered":"<div class=\"flex_column av_one_full  flex_column_div av-zero-column-padding first  avia-builder-el-0  el_before_av_one_full  avia-builder-el-first  \" style='border-radius:0px; '><div  class='avia-image-container  av-styling-    avia-builder-el-1  avia-builder-el-no-sibling  avia-align-center '  itemprop=\"image\" itemscope=\"itemscope\" itemtype=\"https:\/\/schema.org\/ImageObject\"  ><div class='avia-image-container-inner'><div class='avia-image-overlay-wrap'><img decoding=\"async\" class='wp-image-35382 avia-img-lazy-loading-not-35382 avia_image' src=\"https:\/\/radiorevelacionfm.cl\/wp-content\/uploads\/2023\/09\/diputada-mrm-sept-1_optimized.jpeg\" alt='' title='diputada-mrm-sept-(1)_optimized' height=\"600\" width=\"1067\"  itemprop=\"thumbnailUrl\" srcset=\"https:\/\/radiorevelacionfm.cl\/wp-content\/uploads\/2023\/09\/diputada-mrm-sept-1_optimized.jpeg 1067w, https:\/\/radiorevelacionfm.cl\/wp-content\/uploads\/2023\/09\/diputada-mrm-sept-1_optimized-300x169.jpeg 300w, https:\/\/radiorevelacionfm.cl\/wp-content\/uploads\/2023\/09\/diputada-mrm-sept-1_optimized-1030x579.jpeg 1030w, https:\/\/radiorevelacionfm.cl\/wp-content\/uploads\/2023\/09\/diputada-mrm-sept-1_optimized-768x432.jpeg 768w, https:\/\/radiorevelacionfm.cl\/wp-content\/uploads\/2023\/09\/diputada-mrm-sept-1_optimized-705x396.jpeg 705w, https:\/\/radiorevelacionfm.cl\/wp-content\/uploads\/2023\/09\/diputada-mrm-sept-1_optimized-450x253.jpeg 450w, https:\/\/radiorevelacionfm.cl\/wp-content\/uploads\/2023\/09\/diputada-mrm-sept-1_optimized-600x337.jpeg 600w\" sizes=\"(max-width: 1067px) 100vw, 1067px\" \/><\/div><\/div><\/div><\/div><div class=\"flex_column av_one_full  flex_column_div av-zero-column-padding first  avia-builder-el-2  el_after_av_one_full  el_before_av_one_full  column-top-margin\" style='border-radius:0px; '><section class=\"av_textblock_section \"  itemscope=\"itemscope\" itemtype=\"https:\/\/schema.org\/BlogPosting\" itemprop=\"blogPost\" ><div class='avia_textblock  '   itemprop=\"text\" ><p style=\"text-align: center;\"><strong><span style=\"font-size: 18pt;\">Marcia Raphael manifiesta preocupaci\u00f3n por instructivo del Ministerio de Medio Ambiente que frena concesiones acu\u00edcolas: <em>\u201cEl gobierno sigue con su obsesi\u00f3n de destruir la salmonicultura\u201d<\/em><\/span><\/strong><\/p>\n<div id=\"gtx-trans\" style=\"position: absolute; left: -50px; top: 4.31534px;\">\n<div class=\"gtx-trans-icon\"><\/div>\n<\/div>\n<\/div><\/section><\/div><div class=\"flex_column av_one_full  flex_column_div av-zero-column-padding first  avia-builder-el-4  el_after_av_one_full  el_before_av_hr  column-top-margin\" style='border-radius:0px; '><section class=\"av_textblock_section \"  itemscope=\"itemscope\" itemtype=\"https:\/\/schema.org\/BlogPosting\" itemprop=\"blogPost\" ><div class='avia_textblock  '   itemprop=\"text\" ><p style=\"text-align: justify;\">Los diputados Marcia Raphael (RN) y Christian Matheson (IND), ambos parlamentarios del extremo sur del pa\u00eds, manifestaron su preocupaci\u00f3n por el instructivo emanado del Ministerio de Medio Ambiente que frena concesiones acu\u00edcolas, y que transgrede la ley 21.600 aprobada en el Congreso.<\/p>\n<p style=\"text-align: justify;\">El instructivo es id\u00e9ntico a una indicaci\u00f3n que fue rechazada en la comisi\u00f3n mixta tras una larga tramitaci\u00f3n, ante lo cual los diputados Raphael y Matheson est\u00e1n sorprendidos y molestos por la decisi\u00f3n del gobierno.<\/p>\n<p style=\"text-align: justify;\">La diputada Marcia Raphael se\u00f1ala que \u201cLamentablemente sale un oficio del Ejecutivo cuya materia es la suspensi\u00f3n de procedimientos de otorgamiento de concesiones en \u00e1reas protegidas que no cuenten con plan de manejo vigente y requerimiento de informe favorable previo al otorgamiento. Vale decir, nosotros hacemos una ley en el Congreso, una ley que rechaza esta indicaci\u00f3n de la ministra de Medio Ambiente y hoy un documento del ejecutivo dice lo contrario.\u201d<\/p>\n<p style=\"text-align: justify;\">Al respecto el diputado Christian Matheson, explic\u00f3 que \u201cnos hemos enterado que el d\u00eda 22 de septiembre el Ministerio de Medio Ambiente ha emitido un documento en que solicita a todas entidades gubernamentales no se otorguen m\u00e1s concesiones en \u00e1reas protegidas, esto hab\u00eda sido desechado en el proyecto de ley de Servicios de la Biodiversidad y \u00c1reas Protegidas\u201d.<\/p>\n<p style=\"text-align: justify;\">\u201cEn Magallanes, ya se ha reducido en 2 mil los trabajadores en este rubro, en esta industria y est\u00e1 provocando gran cesant\u00eda que se acrecentar\u00e1 si es que se destruye la actividad acu\u00edcola en la zona\u201d.<\/p>\n<p style=\"text-align: justify;\">Finalmente, la diputada Marcia Raphael dijo que: \u201cEn el caso de Ays\u00e9n la actividad salmonera representa m\u00e1s del 35% del PIB regional. La actividad salmonera en nuestro pa\u00eds es la segunda actividad productiva m\u00e1s importante, despu\u00e9s de la miner\u00eda y Chile es el segundo mayor productor del mundo despu\u00e9s de Noruega. En nuestra regi\u00f3n tambi\u00e9n tiene una gran incidencia en el desarrollo y empleo, por lo tanto, hacemos un llamado al ejecutivo que no borre con el codo lo que el Congreso aprob\u00f3. \u00a0Claramente esta es una vulneraci\u00f3n a la voluntad del congreso y por supuesto a la voluntad democr\u00e1tica de nuestro pa\u00eds.<\/p>\n<\/div><\/section><\/div><div  style='height:50px' class='hr hr-invisible   avia-builder-el-6  el_after_av_one_full  el_before_av_social_share '><span class='hr-inner ' ><span class='hr-inner-style'><\/span><\/span><\/div><\/p>\n<div  class='av-social-sharing-box  avia-builder-el-7  el_after_av_hr  el_before_av_hr  '><div class='av-share-box'><h5 class='av-share-link-description av-no-toc '>Compartir esta noticia<\/h5><ul class='av-share-box-list noLightbox'><li class='av-share-link av-social-link-facebook' ><a target=\"_blank\" aria-label=\"Compartir en Facebook\" href='https:\/\/www.facebook.com\/sharer.php?u=https:\/\/radiorevelacionfm.cl\/?p=35381&#038;t=Marcia%20Raphael%20manifiesta%20preocupaci%C3%B3n%20por%20instructivo%20del%20Ministerio%20de%20Medio%20Ambiente%20que%20frena%20concesiones%20acu%C3%ADcolas%3A%20%E2%80%9CEl%20gobierno%20sigue%20con%20su%20obsesi%C3%B3n%20de%20destruir%20la%20salmonicultura%E2%80%9D' aria-hidden='false' data-av_icon='\ue8f3' data-av_iconfont='entypo-fontello' title='' data-avia-related-tooltip='Compartir en Facebook' rel=\"noopener\"><span class='avia_hidden_link_text'>Compartir en Facebook<\/span><\/a><\/li><li class='av-share-link av-social-link-twitter' ><a target=\"_blank\" aria-label=\"Compartir en Twitter\" href='https:\/\/twitter.com\/share?text=Marcia%20Raphael%20manifiesta%20preocupaci%C3%B3n%20por%20instructivo%20del%20Ministerio%20de%20Medio%20Ambiente%20que%20frena%20concesiones%20acu%C3%ADcolas%3A%20%E2%80%9CEl%20gobierno%20sigue%20con%20su%20obsesi%C3%B3n%20de%20destruir%20la%20salmonicultura%E2%80%9D&#038;url=https:\/\/radiorevelacionfm.cl\/?p=35381' aria-hidden='false' data-av_icon='\ue8f1' data-av_iconfont='entypo-fontello' title='' data-avia-related-tooltip='Compartir en Twitter' rel=\"noopener\"><span class='avia_hidden_link_text'>Compartir en Twitter<\/span><\/a><\/li><li class='av-share-link av-social-link-whatsapp' ><a target=\"_blank\" aria-label=\"Compartir en Whatsapp\" href='https:\/\/api.whatsapp.com\/send?text=https:\/\/radiorevelacionfm.cl\/?p=35381' aria-hidden='false' data-av_icon='\uf232' data-av_iconfont='entypo-fontello' title='' data-avia-related-tooltip='Compartir en Whatsapp' rel=\"noopener\"><span class='avia_hidden_link_text'>Compartir en Whatsapp<\/span><\/a><\/li><li class='av-share-link av-social-link-linkedin' ><a target=\"_blank\" aria-label=\"Compartir en LinkedIn\" href='https:\/\/linkedin.com\/shareArticle?mini=true&#038;title=Marcia%20Raphael%20manifiesta%20preocupaci%C3%B3n%20por%20instructivo%20del%20Ministerio%20de%20Medio%20Ambiente%20que%20frena%20concesiones%20acu%C3%ADcolas%3A%20%E2%80%9CEl%20gobierno%20sigue%20con%20su%20obsesi%C3%B3n%20de%20destruir%20la%20salmonicultura%E2%80%9D&#038;url=https:\/\/radiorevelacionfm.cl\/?p=35381' aria-hidden='false' data-av_icon='\ue8fc' data-av_iconfont='entypo-fontello' title='' data-avia-related-tooltip='Compartir en LinkedIn' rel=\"noopener\"><span class='avia_hidden_link_text'>Compartir en LinkedIn<\/span><\/a><\/li><li class='av-share-link av-social-link-mail' ><a  aria-label=\"Compartir por correo\" href='mailto:?subject=Marcia%20Raphael%20manifiesta%20preocupaci%C3%B3n%20por%20instructivo%20del%20Ministerio%20de%20Medio%20Ambiente%20que%20frena%20concesiones%20acu%C3%ADcolas%3A%20%E2%80%9CEl%20gobierno%20sigue%20con%20su%20obsesi%C3%B3n%20de%20destruir%20la%20salmonicultura%E2%80%9D&#038;body=https:\/\/radiorevelacionfm.cl\/?p=35381' aria-hidden='false' data-av_icon='\ue805' data-av_iconfont='entypo-fontello' title='' data-avia-related-tooltip='Compartir por correo'><span class='avia_hidden_link_text'>Compartir por correo<\/span><\/a><\/li><\/ul><\/div><\/div>\n<div  style='height:50px' class='hr hr-invisible   avia-builder-el-8  el_after_av_social_share  el_before_av_comments_list '><span class='hr-inner ' ><span class='hr-inner-style'><\/span><\/span><\/div>\n<div  class='av-buildercomment  av-blog-meta-html-info-disabled av-blog-meta-tag-disabled  '><\/div>\n","protected":false},"excerpt":{"rendered":"","protected":false},"author":1,"featured_media":35382,"comment_status":"open","ping_status":"open","sticky":false,"template":"","format":"standard","meta":{"footnotes":""},"categories":[35],"tags":[],"class_list":["post-35381","post","type-post","status-publish","format-standard","has-post-thumbnail","hentry","category-politica"],"jetpack_featured_media_url":"https:\/\/radiorevelacionfm.cl\/wp-content\/uploads\/2023\/09\/diputada-mrm-sept-1_optimized.jpeg","_links":{"self":[{"href":"https:\/\/radiorevelacionfm.cl\/index.php?rest_route=\/wp\/v2\/posts\/35381","targetHints":{"allow":["GET"]}}],"collection":[{"href":"https:\/\/radiorevelacionfm.cl\/index.php?rest_route=\/wp\/v2\/posts"}],"about":[{"href":"https:\/\/radiorevelacionfm.cl\/index.php?rest_route=\/wp\/v2\/types\/post"}],"author":[{"embeddable":true,"href":"https:\/\/radiorevelacionfm.cl\/index.php?rest_route=\/wp\/v2\/users\/1"}],"replies":[{"embeddable":true,"href":"https:\/\/radiorevelacionfm.cl\/index.php?rest_route=%2Fwp%2Fv2%2Fcomments&post=35381"}],"version-history":[{"count":1,"href":"https:\/\/radiorevelacionfm.cl\/index.php?rest_route=\/wp\/v2\/posts\/35381\/revisions"}],"predecessor-version":[{"id":35383,"href":"https:\/\/radiorevelacionfm.cl\/index.php?rest_route=\/wp\/v2\/posts\/35381\/revisions\/35383"}],"wp:featuredmedia":[{"embeddable":true,"href":"https:\/\/radiorevelacionfm.cl\/index.php?rest_route=\/wp\/v2\/media\/35382"}],"wp:attachment":[{"href":"https:\/\/radiorevelacionfm.cl\/index.php?rest_route=%2Fwp%2Fv2%2Fmedia&parent=35381"}],"wp:term":[{"taxonomy":"category","embeddable":true,"href":"https:\/\/radiorevelacionfm.cl\/index.php?rest_route=%2Fwp%2Fv2%2Fcategories&post=35381"},{"taxonomy":"post_tag","embeddable":true,"href":"https:\/\/radiorevelacionfm.cl\/index.php?rest_route=%2Fwp%2Fv2%2Ftags&post=35381"}],"curies":[{"name":"wp","href":"https:\/\/api.w.org\/{rel}","templated":true}]}}