{"id":35377,"date":"2023-09-28T10:02:10","date_gmt":"2023-09-28T13:02:10","guid":{"rendered":"https:\/\/radiorevelacionfm.cl\/?p=35377"},"modified":"2023-09-28T10:07:45","modified_gmt":"2023-09-28T13:07:45","slug":"invitan-a-participar-de-concurso-laboratorio-ecoclimatico-en-regiones","status":"publish","type":"post","link":"https:\/\/radiorevelacionfm.cl\/?p=35377","title":{"rendered":"Invitan a participar de Concurso \u201cLaboratorio Ecoclim\u00e1tico en regiones\u201d"},"content":{"rendered":"<div class=\"flex_column av_one_full  flex_column_div av-zero-column-padding first  avia-builder-el-0  el_before_av_one_full  avia-builder-el-first  \" style='border-radius:0px; '><div  class='avia-image-container  av-styling-    avia-builder-el-1  avia-builder-el-no-sibling  avia-align-center '  itemprop=\"image\" itemscope=\"itemscope\" itemtype=\"https:\/\/schema.org\/ImageObject\"  ><div class='avia-image-container-inner'><div class='avia-image-overlay-wrap'><img decoding=\"async\" class='wp-image-35378 avia-img-lazy-loading-not-35378 avia_image' src=\"https:\/\/radiorevelacionfm.cl\/wp-content\/uploads\/2023\/09\/2-92_optimized.jpg\" alt='' title='2-(92)_optimized' height=\"600\" width=\"1200\"  itemprop=\"thumbnailUrl\" srcset=\"https:\/\/radiorevelacionfm.cl\/wp-content\/uploads\/2023\/09\/2-92_optimized.jpg 1200w, https:\/\/radiorevelacionfm.cl\/wp-content\/uploads\/2023\/09\/2-92_optimized-300x150.jpg 300w, https:\/\/radiorevelacionfm.cl\/wp-content\/uploads\/2023\/09\/2-92_optimized-1030x515.jpg 1030w, https:\/\/radiorevelacionfm.cl\/wp-content\/uploads\/2023\/09\/2-92_optimized-768x384.jpg 768w, https:\/\/radiorevelacionfm.cl\/wp-content\/uploads\/2023\/09\/2-92_optimized-705x353.jpg 705w, https:\/\/radiorevelacionfm.cl\/wp-content\/uploads\/2023\/09\/2-92_optimized-450x225.jpg 450w, https:\/\/radiorevelacionfm.cl\/wp-content\/uploads\/2023\/09\/2-92_optimized-600x300.jpg 600w\" sizes=\"(max-width: 1200px) 100vw, 1200px\" \/><\/div><\/div><\/div><\/div>\n<div class=\"flex_column av_one_full  flex_column_div av-zero-column-padding first  avia-builder-el-2  el_after_av_one_full  el_before_av_one_full  column-top-margin\" style='border-radius:0px; '><section class=\"av_textblock_section \"  itemscope=\"itemscope\" itemtype=\"https:\/\/schema.org\/BlogPosting\" itemprop=\"blogPost\" ><div class='avia_textblock  '   itemprop=\"text\" ><p style=\"text-align: center;\"><span style=\"font-size: 18pt;\"><strong>Invitan a participar de Concurso \u201cLaboratorio Ecoclim\u00e1tico en regiones\u201d<\/strong><\/span><\/p>\n<div id=\"gtx-trans\" style=\"position: absolute; left: -50px; top: 4.31534px;\">\n<div class=\"gtx-trans-icon\"><\/div>\n<\/div>\n<\/div><\/section><\/div><div class=\"flex_column av_one_full  flex_column_div av-zero-column-padding first  avia-builder-el-4  el_after_av_one_full  el_before_av_hr  column-top-margin\" style='border-radius:0px; '><section class=\"av_textblock_section \"  itemscope=\"itemscope\" itemtype=\"https:\/\/schema.org\/BlogPosting\" itemprop=\"blogPost\" ><div class='avia_textblock  '   itemprop=\"text\" ><p style=\"text-align: justify;\">El Ministerio del Medio Ambiente, a trav\u00e9s de la Divisi\u00f3n de Cambio Clim\u00e1tico convoca al concurso \u201cPiloto laboratorio de financiamiento clim\u00e1tico\u201d para el a\u00f1o 2023. La iniciativa tiene como objetivo apoyar el desarrollo local mediante la identificaci\u00f3n y b\u00fasqueda de financiamiento para proyectos de innovaci\u00f3n que contribuyan a acciones de mitigaci\u00f3n y\/o adaptaci\u00f3n al cambio clim\u00e1tico a nivel regional\/comunal.<\/p>\n<p style=\"text-align: justify;\">\u201cHacemos un llamado a los innovadores e innovadoras de nuestra regi\u00f3n que est\u00e9n desarrollando proyectos de acci\u00f3n clim\u00e1tica a no perderse esta oportunidad de financiamiento que hemos dispuesto como Ministerio para apoyar las iniciativas locales, donde adem\u00e1s vamos a entregarles nuevas herramientas de gesti\u00f3n para que se sostengan en el tiempo, quedan pocos d\u00edas as\u00ed que \u00a1a postular!\u201d invit\u00f3 el Seremi del Medio Ambiente, Yoal D\u00edaz<\/p>\n<p style=\"text-align: justify;\">Podr\u00e1n postular a este concurso, entidades p\u00fablicas y privadas, personas jur\u00eddicas, tales como: Municipalidades, agencias, academia, centros de investigaci\u00f3n, Startups, y otras que tengan caracteres similares, que representen y promuevan proyectos de innovaci\u00f3n clim\u00e1tica con pertinencia local, incluyendo ONG, Fundaciones y Corporaciones. Lo importante es que el proyecto presentando se encuentre en etapa de prototipado, y cuente con informaci\u00f3n relevante levantada para presentar en rondas de negocios.<\/p>\n<p style=\"text-align: justify;\">No podr\u00e1n postular a este Concurso: Instituciones\/organizaciones que no se dediquen a temas de desarrollo local, investigaci\u00f3n e innovaci\u00f3n, o que el proyecto a postular no se encuentre en etapa de prototipado y\/o que dicho proyecto no contribuya a combatir el cambio clim\u00e1tico a nivel de adaptaci\u00f3n o mitigaci\u00f3n.<\/p>\n<p style=\"text-align: justify;\">Las organizaciones interesadas en participar podr\u00e1n revisar las bases disponibles en el link <a href=\"https:\/\/bit.ly\/LabEcoClim\">https:\/\/bit.ly\/LabEcoClim<\/a> y efectuar consultas s\u00f3lo mediante el correo electr\u00f3nico <a href=\"mailto:musur@musurconsultores.com\">musur@musurconsultores.com<\/a>, y deber\u00e1n enviar su postulaci\u00f3n hasta el d\u00eda mi\u00e9rcoles 4 de octubre<\/p>\n<\/div><\/section><\/div><\/p>\n<div  style='height:50px' class='hr hr-invisible   avia-builder-el-6  el_after_av_one_full  el_before_av_social_share '><span class='hr-inner ' ><span class='hr-inner-style'><\/span><\/span><\/div>\n<div  class='av-social-sharing-box  avia-builder-el-7  el_after_av_hr  el_before_av_hr  '><div class='av-share-box'><h5 class='av-share-link-description av-no-toc '>Compartir esta noticia<\/h5><ul class='av-share-box-list noLightbox'><li class='av-share-link av-social-link-facebook' ><a target=\"_blank\" aria-label=\"Compartir en Facebook\" href='https:\/\/www.facebook.com\/sharer.php?u=https:\/\/radiorevelacionfm.cl\/?p=35377&#038;t=Invitan%20a%20participar%20de%20Concurso%20%E2%80%9CLaboratorio%20Ecoclim%C3%A1tico%20en%20regiones%E2%80%9D' aria-hidden='false' data-av_icon='\ue8f3' data-av_iconfont='entypo-fontello' title='' data-avia-related-tooltip='Compartir en Facebook' rel=\"noopener\"><span class='avia_hidden_link_text'>Compartir en Facebook<\/span><\/a><\/li><li class='av-share-link av-social-link-twitter' ><a target=\"_blank\" aria-label=\"Compartir en Twitter\" href='https:\/\/twitter.com\/share?text=Invitan%20a%20participar%20de%20Concurso%20%E2%80%9CLaboratorio%20Ecoclim%C3%A1tico%20en%20regiones%E2%80%9D&#038;url=https:\/\/radiorevelacionfm.cl\/?p=35377' aria-hidden='false' data-av_icon='\ue8f1' data-av_iconfont='entypo-fontello' title='' data-avia-related-tooltip='Compartir en Twitter' rel=\"noopener\"><span class='avia_hidden_link_text'>Compartir en Twitter<\/span><\/a><\/li><li class='av-share-link av-social-link-whatsapp' ><a target=\"_blank\" aria-label=\"Compartir en Whatsapp\" href='https:\/\/api.whatsapp.com\/send?text=https:\/\/radiorevelacionfm.cl\/?p=35377' aria-hidden='false' data-av_icon='\uf232' data-av_iconfont='entypo-fontello' title='' data-avia-related-tooltip='Compartir en Whatsapp' rel=\"noopener\"><span class='avia_hidden_link_text'>Compartir en Whatsapp<\/span><\/a><\/li><li class='av-share-link av-social-link-linkedin' ><a target=\"_blank\" aria-label=\"Compartir en LinkedIn\" href='https:\/\/linkedin.com\/shareArticle?mini=true&#038;title=Invitan%20a%20participar%20de%20Concurso%20%E2%80%9CLaboratorio%20Ecoclim%C3%A1tico%20en%20regiones%E2%80%9D&#038;url=https:\/\/radiorevelacionfm.cl\/?p=35377' aria-hidden='false' data-av_icon='\ue8fc' data-av_iconfont='entypo-fontello' title='' data-avia-related-tooltip='Compartir en LinkedIn' rel=\"noopener\"><span class='avia_hidden_link_text'>Compartir en LinkedIn<\/span><\/a><\/li><li class='av-share-link av-social-link-mail' ><a  aria-label=\"Compartir por correo\" href='mailto:?subject=Invitan%20a%20participar%20de%20Concurso%20%E2%80%9CLaboratorio%20Ecoclim%C3%A1tico%20en%20regiones%E2%80%9D&#038;body=https:\/\/radiorevelacionfm.cl\/?p=35377' aria-hidden='false' data-av_icon='\ue805' data-av_iconfont='entypo-fontello' title='' data-avia-related-tooltip='Compartir por correo'><span class='avia_hidden_link_text'>Compartir por correo<\/span><\/a><\/li><\/ul><\/div><\/div>\n<div  style='height:50px' class='hr hr-invisible   avia-builder-el-8  el_after_av_social_share  el_before_av_comments_list '><span class='hr-inner ' ><span class='hr-inner-style'><\/span><\/span><\/div>\n<div  class='av-buildercomment  av-blog-meta-html-info-disabled av-blog-meta-tag-disabled  '><\/div>\n","protected":false},"excerpt":{"rendered":"","protected":false},"author":1,"featured_media":35378,"comment_status":"open","ping_status":"open","sticky":false,"template":"","format":"standard","meta":{"footnotes":""},"categories":[39],"tags":[],"class_list":["post-35377","post","type-post","status-publish","format-standard","has-post-thumbnail","hentry","category-medio-ambiente"],"jetpack_featured_media_url":"https:\/\/radiorevelacionfm.cl\/wp-content\/uploads\/2023\/09\/2-92_optimized.jpg","_links":{"self":[{"href":"https:\/\/radiorevelacionfm.cl\/index.php?rest_route=\/wp\/v2\/posts\/35377","targetHints":{"allow":["GET"]}}],"collection":[{"href":"https:\/\/radiorevelacionfm.cl\/index.php?rest_route=\/wp\/v2\/posts"}],"about":[{"href":"https:\/\/radiorevelacionfm.cl\/index.php?rest_route=\/wp\/v2\/types\/post"}],"author":[{"embeddable":true,"href":"https:\/\/radiorevelacionfm.cl\/index.php?rest_route=\/wp\/v2\/users\/1"}],"replies":[{"embeddable":true,"href":"https:\/\/radiorevelacionfm.cl\/index.php?rest_route=%2Fwp%2Fv2%2Fcomments&post=35377"}],"version-history":[{"count":2,"href":"https:\/\/radiorevelacionfm.cl\/index.php?rest_route=\/wp\/v2\/posts\/35377\/revisions"}],"predecessor-version":[{"id":35393,"href":"https:\/\/radiorevelacionfm.cl\/index.php?rest_route=\/wp\/v2\/posts\/35377\/revisions\/35393"}],"wp:featuredmedia":[{"embeddable":true,"href":"https:\/\/radiorevelacionfm.cl\/index.php?rest_route=\/wp\/v2\/media\/35378"}],"wp:attachment":[{"href":"https:\/\/radiorevelacionfm.cl\/index.php?rest_route=%2Fwp%2Fv2%2Fmedia&parent=35377"}],"wp:term":[{"taxonomy":"category","embeddable":true,"href":"https:\/\/radiorevelacionfm.cl\/index.php?rest_route=%2Fwp%2Fv2%2Fcategories&post=35377"},{"taxonomy":"post_tag","embeddable":true,"href":"https:\/\/radiorevelacionfm.cl\/index.php?rest_route=%2Fwp%2Fv2%2Ftags&post=35377"}],"curies":[{"name":"wp","href":"https:\/\/api.w.org\/{rel}","templated":true}]}}