{"id":35374,"date":"2023-09-27T13:04:44","date_gmt":"2023-09-27T16:04:44","guid":{"rendered":"https:\/\/radiorevelacionfm.cl\/?p=35374"},"modified":"2023-09-27T13:04:44","modified_gmt":"2023-09-27T16:04:44","slug":"corte-confirma-prision-preventiva-de-imputada-por-delito-de-incendio-ocurrido-en-puerto-chacabuco","status":"publish","type":"post","link":"https:\/\/radiorevelacionfm.cl\/?p=35374","title":{"rendered":"Corte confirma prisi\u00f3n preventiva de imputada por delito de incendio ocurrido en Puerto Chacabuco"},"content":{"rendered":"<div class=\"flex_column av_one_full  flex_column_div av-zero-column-padding first  avia-builder-el-0  el_before_av_one_full  avia-builder-el-first  \" style='border-radius:0px; '><div  class='avia-image-container  av-styling-    avia-builder-el-1  avia-builder-el-no-sibling  avia-align-center '  itemprop=\"image\" itemscope=\"itemscope\" itemtype=\"https:\/\/schema.org\/ImageObject\"  ><div class='avia-image-container-inner'><div class='avia-image-overlay-wrap'><img decoding=\"async\" class='wp-image-35122 avia-img-lazy-loading-not-35122 avia_image' src=\"https:\/\/radiorevelacionfm.cl\/wp-content\/uploads\/2023\/09\/incendio-vehicular-chacabuco-1_optimized-1.jpg\" alt='' title='incendio-vehicular-chacabuco-(1)_optimized (1)' height=\"600\" width=\"754\"  itemprop=\"thumbnailUrl\" srcset=\"https:\/\/radiorevelacionfm.cl\/wp-content\/uploads\/2023\/09\/incendio-vehicular-chacabuco-1_optimized-1.jpg 754w, https:\/\/radiorevelacionfm.cl\/wp-content\/uploads\/2023\/09\/incendio-vehicular-chacabuco-1_optimized-1-300x239.jpg 300w, https:\/\/radiorevelacionfm.cl\/wp-content\/uploads\/2023\/09\/incendio-vehicular-chacabuco-1_optimized-1-705x561.jpg 705w, https:\/\/radiorevelacionfm.cl\/wp-content\/uploads\/2023\/09\/incendio-vehicular-chacabuco-1_optimized-1-450x358.jpg 450w, https:\/\/radiorevelacionfm.cl\/wp-content\/uploads\/2023\/09\/incendio-vehicular-chacabuco-1_optimized-1-600x477.jpg 600w\" sizes=\"(max-width: 754px) 100vw, 754px\" \/><\/div><\/div><\/div><\/div><div class=\"flex_column av_one_full  flex_column_div av-zero-column-padding first  avia-builder-el-2  el_after_av_one_full  el_before_av_one_full  column-top-margin\" style='border-radius:0px; '><section class=\"av_textblock_section \"  itemscope=\"itemscope\" itemtype=\"https:\/\/schema.org\/BlogPosting\" itemprop=\"blogPost\" ><div class='avia_textblock  '   itemprop=\"text\" ><p style=\"text-align: center;\"><strong><span style=\"font-size: 18pt;\">Corte confirma prisi\u00f3n preventiva de imputada por delito de incendio ocurrido en Puerto Chacabuco<\/span><\/strong><\/p>\n<div id=\"gtx-trans\" style=\"position: absolute; left: -50px; top: 4.31534px;\">\n<div class=\"gtx-trans-icon\"><\/div>\n<\/div>\n<\/div><\/section><\/div><div class=\"flex_column av_one_full  flex_column_div av-zero-column-padding first  avia-builder-el-4  el_after_av_one_full  el_before_av_hr  column-top-margin\" style='border-radius:0px; '><section class=\"av_textblock_section \"  itemscope=\"itemscope\" itemtype=\"https:\/\/schema.org\/BlogPosting\" itemprop=\"blogPost\" ><div class='avia_textblock  '   itemprop=\"text\" ><p class=\"v1MsoNormal\" style=\"text-align: justify;\">La Corte de Coyhaique rechaz\u00f3 hoy \u2013mi\u00e9rcoles 27 de septiembre\u2013 el recurso de apelaci\u00f3n presentado por la defensa y confirm\u00f3 la resoluci\u00f3n que dej\u00f3 en prisi\u00f3n preventiva a Ver\u00f3nica Yohana Olate Nahuelquen, imputada por el Ministerio P\u00fablico como autora del delito de incendio. Il\u00edcito perpetrado el pasado 17 de septiembre, en la localidad de Puerto Chacabuco.<\/p>\n<p class=\"v1MsoNormal\" style=\"text-align: justify;\">En fallo un\u00e1nime (causa rol 265-2023), la Primera Sala del tribunal de alzada \u2013integrada por los ministros Jos\u00e9 Ignacio Mora, Pedro Castro, Luis Aedo y Natalia Rencoret\u2013 confirm\u00f3 la resoluci\u00f3n apelada, dictada por el Juzgado de Garant\u00eda de Puerto Ays\u00e9n, al compartir que la libertad de la imputada constituye un peligro para la seguridad de la sociedad.<\/p>\n<p class=\"v1MsoNormal\" style=\"text-align: justify;\">\u00abAtendido el m\u00e9rito de los antecedentes que se conocen, alegaciones de los intervinientes, considerando que hasta ahora concurren elementos suficientes para justificar la existencia del delito investigado as\u00ed como la participaci\u00f3n de la encartada en calidad de autor; estim\u00e1ndose que su libertad constituye un peligro para la seguridad de la sociedad, en atenci\u00f3n a la pena asignada al delito, car\u00e1cter, circunstancias particulares de su comisi\u00f3n, as\u00ed como peligro para la seguridad de las v\u00edctimas y, conforme lo dispuesto en los art\u00edculos 122 y 140 del C\u00f3digo Procesal Penal, SE CONFIRMA la resoluci\u00f3n apelada de fecha 19 de septiembre del a\u00f1o 2023, en cuanto por ella se impuso la medida cautelar de prisi\u00f3n preventiva de la imputada Ver\u00f3nica Yohana Olate Nahuelquen\u00bb, consigna el fallo.<\/p>\n<p class=\"v1MsoNormal\" style=\"text-align: justify;\">Seg\u00fan el ente persecutor, el 17 de septiembre, aproximadamente a las 8:00 de la ma\u00f1ana, la imputada se dirigi\u00f3 al domicilio ubicado en la calle Santiago Amengual, de la localidad de Puerto Chacabuco. En el lugar, ingres\u00f3 al inmueble portando un elemento incendiario, que arroj\u00f3 al interior de un veh\u00edculo, rompiendo el vidrio del parabrisas trasero. Como resultado, se produjo un incendio que se propag\u00f3 hasta una estructura correspondiente a un galp\u00f3n, causando da\u00f1os en ambos. El autom\u00f3vil result\u00f3 afectado en un 100% debido al fuego\u00bb.<\/p>\n<div style=\"text-align: justify;\"><\/div>\n<\/div><\/section><\/div><div  style='height:50px' class='hr hr-invisible   avia-builder-el-6  el_after_av_one_full  el_before_av_social_share '><span class='hr-inner ' ><span class='hr-inner-style'><\/span><\/span><\/div><\/p>\n<div  class='av-social-sharing-box  avia-builder-el-7  el_after_av_hr  el_before_av_hr  '><div class='av-share-box'><h5 class='av-share-link-description av-no-toc '>Compartir esta noticia<\/h5><ul class='av-share-box-list noLightbox'><li class='av-share-link av-social-link-facebook' ><a target=\"_blank\" aria-label=\"Compartir en Facebook\" href='https:\/\/www.facebook.com\/sharer.php?u=https:\/\/radiorevelacionfm.cl\/?p=35374&#038;t=Corte%20confirma%20prisi%C3%B3n%20preventiva%20de%20imputada%20por%20delito%20de%20incendio%20ocurrido%20en%20Puerto%20Chacabuco' aria-hidden='false' data-av_icon='\ue8f3' data-av_iconfont='entypo-fontello' title='' data-avia-related-tooltip='Compartir en Facebook' rel=\"noopener\"><span class='avia_hidden_link_text'>Compartir en Facebook<\/span><\/a><\/li><li class='av-share-link av-social-link-twitter' ><a target=\"_blank\" aria-label=\"Compartir en Twitter\" href='https:\/\/twitter.com\/share?text=Corte%20confirma%20prisi%C3%B3n%20preventiva%20de%20imputada%20por%20delito%20de%20incendio%20ocurrido%20en%20Puerto%20Chacabuco&#038;url=https:\/\/radiorevelacionfm.cl\/?p=35374' aria-hidden='false' data-av_icon='\ue8f1' data-av_iconfont='entypo-fontello' title='' data-avia-related-tooltip='Compartir en Twitter' rel=\"noopener\"><span class='avia_hidden_link_text'>Compartir en Twitter<\/span><\/a><\/li><li class='av-share-link av-social-link-whatsapp' ><a target=\"_blank\" aria-label=\"Compartir en Whatsapp\" href='https:\/\/api.whatsapp.com\/send?text=https:\/\/radiorevelacionfm.cl\/?p=35374' aria-hidden='false' data-av_icon='\uf232' data-av_iconfont='entypo-fontello' title='' data-avia-related-tooltip='Compartir en Whatsapp' rel=\"noopener\"><span class='avia_hidden_link_text'>Compartir en Whatsapp<\/span><\/a><\/li><li class='av-share-link av-social-link-linkedin' ><a target=\"_blank\" aria-label=\"Compartir en LinkedIn\" href='https:\/\/linkedin.com\/shareArticle?mini=true&#038;title=Corte%20confirma%20prisi%C3%B3n%20preventiva%20de%20imputada%20por%20delito%20de%20incendio%20ocurrido%20en%20Puerto%20Chacabuco&#038;url=https:\/\/radiorevelacionfm.cl\/?p=35374' aria-hidden='false' data-av_icon='\ue8fc' data-av_iconfont='entypo-fontello' title='' data-avia-related-tooltip='Compartir en LinkedIn' rel=\"noopener\"><span class='avia_hidden_link_text'>Compartir en LinkedIn<\/span><\/a><\/li><li class='av-share-link av-social-link-mail' ><a  aria-label=\"Compartir por correo\" href='mailto:?subject=Corte%20confirma%20prisi%C3%B3n%20preventiva%20de%20imputada%20por%20delito%20de%20incendio%20ocurrido%20en%20Puerto%20Chacabuco&#038;body=https:\/\/radiorevelacionfm.cl\/?p=35374' aria-hidden='false' data-av_icon='\ue805' data-av_iconfont='entypo-fontello' title='' data-avia-related-tooltip='Compartir por correo'><span class='avia_hidden_link_text'>Compartir por correo<\/span><\/a><\/li><\/ul><\/div><\/div>\n<div  style='height:50px' class='hr hr-invisible   avia-builder-el-8  el_after_av_social_share  el_before_av_comments_list '><span class='hr-inner ' ><span class='hr-inner-style'><\/span><\/span><\/div>\n<div  class='av-buildercomment  av-blog-meta-html-info-disabled av-blog-meta-tag-disabled  '><\/div>\n","protected":false},"excerpt":{"rendered":"","protected":false},"author":1,"featured_media":35122,"comment_status":"open","ping_status":"open","sticky":false,"template":"","format":"standard","meta":{"footnotes":""},"categories":[55],"tags":[],"class_list":["post-35374","post","type-post","status-publish","format-standard","has-post-thumbnail","hentry","category-justicia"],"jetpack_featured_media_url":"https:\/\/radiorevelacionfm.cl\/wp-content\/uploads\/2023\/09\/incendio-vehicular-chacabuco-1_optimized-1.jpg","_links":{"self":[{"href":"https:\/\/radiorevelacionfm.cl\/index.php?rest_route=\/wp\/v2\/posts\/35374","targetHints":{"allow":["GET"]}}],"collection":[{"href":"https:\/\/radiorevelacionfm.cl\/index.php?rest_route=\/wp\/v2\/posts"}],"about":[{"href":"https:\/\/radiorevelacionfm.cl\/index.php?rest_route=\/wp\/v2\/types\/post"}],"author":[{"embeddable":true,"href":"https:\/\/radiorevelacionfm.cl\/index.php?rest_route=\/wp\/v2\/users\/1"}],"replies":[{"embeddable":true,"href":"https:\/\/radiorevelacionfm.cl\/index.php?rest_route=%2Fwp%2Fv2%2Fcomments&post=35374"}],"version-history":[{"count":1,"href":"https:\/\/radiorevelacionfm.cl\/index.php?rest_route=\/wp\/v2\/posts\/35374\/revisions"}],"predecessor-version":[{"id":35375,"href":"https:\/\/radiorevelacionfm.cl\/index.php?rest_route=\/wp\/v2\/posts\/35374\/revisions\/35375"}],"wp:featuredmedia":[{"embeddable":true,"href":"https:\/\/radiorevelacionfm.cl\/index.php?rest_route=\/wp\/v2\/media\/35122"}],"wp:attachment":[{"href":"https:\/\/radiorevelacionfm.cl\/index.php?rest_route=%2Fwp%2Fv2%2Fmedia&parent=35374"}],"wp:term":[{"taxonomy":"category","embeddable":true,"href":"https:\/\/radiorevelacionfm.cl\/index.php?rest_route=%2Fwp%2Fv2%2Fcategories&post=35374"},{"taxonomy":"post_tag","embeddable":true,"href":"https:\/\/radiorevelacionfm.cl\/index.php?rest_route=%2Fwp%2Fv2%2Ftags&post=35374"}],"curies":[{"name":"wp","href":"https:\/\/api.w.org\/{rel}","templated":true}]}}