{"id":35371,"date":"2023-09-27T17:00:41","date_gmt":"2023-09-27T20:00:41","guid":{"rendered":"https:\/\/radiorevelacionfm.cl\/?p=35371"},"modified":"2023-09-27T17:00:41","modified_gmt":"2023-09-27T20:00:41","slug":"dos-proyectos-ganan-el-fondo-innova-region-de-corfo-aysen-para-impulsar-la-economia-local","status":"publish","type":"post","link":"https:\/\/radiorevelacionfm.cl\/?p=35371","title":{"rendered":"Dos proyectos ganan el fondo Innova Regi\u00f3n de Corfo Ays\u00e9n para impulsar la econom\u00eda local"},"content":{"rendered":"<div class=\"flex_column av_one_full  flex_column_div av-zero-column-padding first  avia-builder-el-0  el_before_av_one_full  avia-builder-el-first  \" style='border-radius:0px; '><div  class='avia-image-container  av-styling-    avia-builder-el-1  avia-builder-el-no-sibling  avia-align-center '  itemprop=\"image\" itemscope=\"itemscope\" itemtype=\"https:\/\/schema.org\/ImageObject\"  ><div class='avia-image-container-inner'><div class='avia-image-overlay-wrap'><img decoding=\"async\" class='wp-image-35372 avia-img-lazy-loading-not-35372 avia_image' src=\"https:\/\/radiorevelacionfm.cl\/wp-content\/uploads\/2023\/09\/dsc06815-scaled-1_optimized.jpg\" alt='' title='dsc06815-scaled-(1)_optimized' height=\"600\" width=\"1067\"  itemprop=\"thumbnailUrl\" srcset=\"https:\/\/radiorevelacionfm.cl\/wp-content\/uploads\/2023\/09\/dsc06815-scaled-1_optimized.jpg 1067w, https:\/\/radiorevelacionfm.cl\/wp-content\/uploads\/2023\/09\/dsc06815-scaled-1_optimized-300x169.jpg 300w, https:\/\/radiorevelacionfm.cl\/wp-content\/uploads\/2023\/09\/dsc06815-scaled-1_optimized-1030x579.jpg 1030w, https:\/\/radiorevelacionfm.cl\/wp-content\/uploads\/2023\/09\/dsc06815-scaled-1_optimized-768x432.jpg 768w, https:\/\/radiorevelacionfm.cl\/wp-content\/uploads\/2023\/09\/dsc06815-scaled-1_optimized-705x396.jpg 705w, https:\/\/radiorevelacionfm.cl\/wp-content\/uploads\/2023\/09\/dsc06815-scaled-1_optimized-450x253.jpg 450w, https:\/\/radiorevelacionfm.cl\/wp-content\/uploads\/2023\/09\/dsc06815-scaled-1_optimized-600x337.jpg 600w\" sizes=\"(max-width: 1067px) 100vw, 1067px\" \/><\/div><\/div><\/div><\/div><div class=\"flex_column av_one_full  flex_column_div av-zero-column-padding first  avia-builder-el-2  el_after_av_one_full  el_before_av_one_full  column-top-margin\" style='border-radius:0px; '><section class=\"av_textblock_section \"  itemscope=\"itemscope\" itemtype=\"https:\/\/schema.org\/BlogPosting\" itemprop=\"blogPost\" ><div class='avia_textblock  '   itemprop=\"text\" ><p style=\"text-align: center;\"><span style=\"font-size: 18pt;\"><b><span lang=\"es-419\">Dos proyectos ganan el fondo Innova Regi\u00f3n de Corfo Ays\u00e9n para impulsar la econom\u00eda local<\/span><\/b><\/span><\/p>\n<div id=\"gtx-trans\" style=\"position: absolute; left: -50px; top: 4.31534px;\">\n<div class=\"gtx-trans-icon\"><\/div>\n<\/div>\n<\/div><\/section><\/div><div class=\"flex_column av_one_full  flex_column_div av-zero-column-padding first  avia-builder-el-4  el_after_av_one_full  el_before_av_hr  column-top-margin\" style='border-radius:0px; '><section class=\"av_textblock_section \"  itemscope=\"itemscope\" itemtype=\"https:\/\/schema.org\/BlogPosting\" itemprop=\"blogPost\" ><div class='avia_textblock  '   itemprop=\"text\" ><p style=\"font-weight: 400; text-align: justify;\">Corfo Ays\u00e9n dio a conocer los dos proyectos ganadores del programa Innova Regi\u00f3n, que tiene como objetivo impulsar la econom\u00eda local y fortalecer la capacidad de innovaci\u00f3n de las empresas en la regi\u00f3n. Los proyectos seleccionados destacan por su enfoque en la sostenibilidad y la creaci\u00f3n de soluciones eficientes en diferentes sectores.<\/p>\n<p style=\"font-weight: 400; text-align: justify;\">Fernando Johnson Dur\u00e1n, director (s) de Corfo Ays\u00e9n, destac\u00f3 la importancia de este programa para el desarrollo econ\u00f3mico y social de la regi\u00f3n. \u00abDesde Corfo buscamos financiar emprendimientos innovadores con el prop\u00f3sito de fomentar el desarrollo econ\u00f3mico y social del pa\u00eds. Al apoyar proyectos de esta naturaleza, se impulsa la creaci\u00f3n de empleo, se promueve la generaci\u00f3n de conocimiento y se estimula la competitividad de las empresas, contribuyendo as\u00ed al crecimiento y la diversificaci\u00f3n de la econom\u00eda\u201d.<\/p>\n<p style=\"font-weight: 400; text-align: justify;\">En relaci\u00f3n con los proyectos apoyados, Johnson inform\u00f3 que en esta convocatoria se respaldaron dos iniciativas: \u00abGreen Pack Patagonia\u00bb que se enfoca en la creaci\u00f3n de un envase reciclable para jugos naturales, con el objetivo de promover la producci\u00f3n y distribuci\u00f3n sostenible en \u00e1reas remotas. Y \u00abBiolana\u00bb, iniciativa que ofrece una soluci\u00f3n eficiente y sostenible para la agricultura intensiva y viveros, utilizando pellets de lana de oveja en lugar de sustratos tradicionales, lo que mejora los suelos y reduce la necesidad de riego.<\/p>\n<p style=\"font-weight: 400; text-align: justify;\">Finalmente, se\u00f1al\u00f3 que \u201cel financiamiento de emprendimientos innovadores fortalece el ecosistema emprendedor y posiciona al pa\u00eds como l\u00edder en innovaci\u00f3n a nivel nacional e internacional. Desde Corfo Ays\u00e9n sabemos que apoyar proyectos innovadores fortalece la econom\u00eda y la capacidad de innovaci\u00f3n de las empresas en la regi\u00f3n, buscando soluciones sostenibles y eficientes en diversos sectores\u201d.<\/p>\n<p style=\"font-weight: 400; text-align: justify;\"><strong>PROYECTOS<\/strong><\/p>\n<p style=\"font-weight: 400; text-align: justify;\">Green Pack Patagonia es un proyecto que busca desarrollar un envase de l\u00edquidos\u00a0reciclable para la producci\u00f3n y distribuci\u00f3n sostenible de jugos naturales en lugares remotos. El objetivo es reducir costos, mejorar la recuperaci\u00f3n y reciclaje, y garantizar la calidad del l\u00edquido. Impulsado por\u00a0<a href=\"https:\/\/www.uapa.cl\/\" data-saferedirecturl=\"https:\/\/www.google.com\/url?q=https:\/\/www.uapa.cl\/&amp;source=gmail&amp;ust=1695912939023000&amp;usg=AOvVaw3Qd32XlDuB4of8yhHSYvae\">UAPA<\/a>\u00a0y liderado por Cristian Sald\u00eda, este proyecto promueve la sostenibilidad y el desarrollo en la regi\u00f3n de Ays\u00e9n.<\/p>\n<p style=\"font-weight: 400; text-align: justify;\">Biolana, proyecto ejecutado por\u00a0<a href=\"https:\/\/www.friendlywool.com\/\" data-saferedirecturl=\"https:\/\/www.google.com\/url?q=https:\/\/www.friendlywool.com\/&amp;source=gmail&amp;ust=1695912939023000&amp;usg=AOvVaw0CNWHrJQyArEgpRxNWb_60\">FriendlyWool<\/a>, ofrece una soluci\u00f3n sostenible y eficiente para la agricultura intensiva y viveros. Mediante pellets de lana de oveja, se reemplazan sustratos tradicionales como la turba, mejorando los suelos y reduciendo la necesidad de riego. Adem\u00e1s, se aborda el problema del sobre stock de lana cruda y se contribuye a frenar la destrucci\u00f3n de las turberas, enfrentando los efectos del cambio clim\u00e1tico en la agricultura.<\/p>\n<\/div><\/section><\/div><div  style='height:50px' class='hr hr-invisible   avia-builder-el-6  el_after_av_one_full  el_before_av_social_share '><span class='hr-inner ' ><span class='hr-inner-style'><\/span><\/span><\/div><\/p>\n<div  class='av-social-sharing-box  avia-builder-el-7  el_after_av_hr  el_before_av_hr  '><div class='av-share-box'><h5 class='av-share-link-description av-no-toc '>Compartir esta noticia<\/h5><ul class='av-share-box-list noLightbox'><li class='av-share-link av-social-link-facebook' ><a target=\"_blank\" aria-label=\"Compartir en Facebook\" href='https:\/\/www.facebook.com\/sharer.php?u=https:\/\/radiorevelacionfm.cl\/?p=35371&#038;t=Dos%20proyectos%20ganan%20el%20fondo%20Innova%20Regi%C3%B3n%20de%20Corfo%20Ays%C3%A9n%20para%20impulsar%20la%20econom%C3%ADa%20local' aria-hidden='false' data-av_icon='\ue8f3' data-av_iconfont='entypo-fontello' title='' data-avia-related-tooltip='Compartir en Facebook' rel=\"noopener\"><span class='avia_hidden_link_text'>Compartir en Facebook<\/span><\/a><\/li><li class='av-share-link av-social-link-twitter' ><a target=\"_blank\" aria-label=\"Compartir en Twitter\" href='https:\/\/twitter.com\/share?text=Dos%20proyectos%20ganan%20el%20fondo%20Innova%20Regi%C3%B3n%20de%20Corfo%20Ays%C3%A9n%20para%20impulsar%20la%20econom%C3%ADa%20local&#038;url=https:\/\/radiorevelacionfm.cl\/?p=35371' aria-hidden='false' data-av_icon='\ue8f1' data-av_iconfont='entypo-fontello' title='' data-avia-related-tooltip='Compartir en Twitter' rel=\"noopener\"><span class='avia_hidden_link_text'>Compartir en Twitter<\/span><\/a><\/li><li class='av-share-link av-social-link-whatsapp' ><a target=\"_blank\" aria-label=\"Compartir en Whatsapp\" href='https:\/\/api.whatsapp.com\/send?text=https:\/\/radiorevelacionfm.cl\/?p=35371' aria-hidden='false' data-av_icon='\uf232' data-av_iconfont='entypo-fontello' title='' data-avia-related-tooltip='Compartir en Whatsapp' rel=\"noopener\"><span class='avia_hidden_link_text'>Compartir en Whatsapp<\/span><\/a><\/li><li class='av-share-link av-social-link-linkedin' ><a target=\"_blank\" aria-label=\"Compartir en LinkedIn\" href='https:\/\/linkedin.com\/shareArticle?mini=true&#038;title=Dos%20proyectos%20ganan%20el%20fondo%20Innova%20Regi%C3%B3n%20de%20Corfo%20Ays%C3%A9n%20para%20impulsar%20la%20econom%C3%ADa%20local&#038;url=https:\/\/radiorevelacionfm.cl\/?p=35371' aria-hidden='false' data-av_icon='\ue8fc' data-av_iconfont='entypo-fontello' title='' data-avia-related-tooltip='Compartir en LinkedIn' rel=\"noopener\"><span class='avia_hidden_link_text'>Compartir en LinkedIn<\/span><\/a><\/li><li class='av-share-link av-social-link-mail' ><a  aria-label=\"Compartir por correo\" href='mailto:?subject=Dos%20proyectos%20ganan%20el%20fondo%20Innova%20Regi%C3%B3n%20de%20Corfo%20Ays%C3%A9n%20para%20impulsar%20la%20econom%C3%ADa%20local&#038;body=https:\/\/radiorevelacionfm.cl\/?p=35371' aria-hidden='false' data-av_icon='\ue805' data-av_iconfont='entypo-fontello' title='' data-avia-related-tooltip='Compartir por correo'><span class='avia_hidden_link_text'>Compartir por correo<\/span><\/a><\/li><\/ul><\/div><\/div>\n<div  style='height:50px' class='hr hr-invisible   avia-builder-el-8  el_after_av_social_share  el_before_av_comments_list '><span class='hr-inner ' ><span class='hr-inner-style'><\/span><\/span><\/div>\n<div  class='av-buildercomment  av-blog-meta-html-info-disabled av-blog-meta-tag-disabled  '><\/div>\n","protected":false},"excerpt":{"rendered":"","protected":false},"author":1,"featured_media":35372,"comment_status":"open","ping_status":"open","sticky":false,"template":"","format":"standard","meta":{"footnotes":""},"categories":[38],"tags":[],"class_list":["post-35371","post","type-post","status-publish","format-standard","has-post-thumbnail","hentry","category-regional"],"jetpack_featured_media_url":"https:\/\/radiorevelacionfm.cl\/wp-content\/uploads\/2023\/09\/dsc06815-scaled-1_optimized.jpg","_links":{"self":[{"href":"https:\/\/radiorevelacionfm.cl\/index.php?rest_route=\/wp\/v2\/posts\/35371","targetHints":{"allow":["GET"]}}],"collection":[{"href":"https:\/\/radiorevelacionfm.cl\/index.php?rest_route=\/wp\/v2\/posts"}],"about":[{"href":"https:\/\/radiorevelacionfm.cl\/index.php?rest_route=\/wp\/v2\/types\/post"}],"author":[{"embeddable":true,"href":"https:\/\/radiorevelacionfm.cl\/index.php?rest_route=\/wp\/v2\/users\/1"}],"replies":[{"embeddable":true,"href":"https:\/\/radiorevelacionfm.cl\/index.php?rest_route=%2Fwp%2Fv2%2Fcomments&post=35371"}],"version-history":[{"count":1,"href":"https:\/\/radiorevelacionfm.cl\/index.php?rest_route=\/wp\/v2\/posts\/35371\/revisions"}],"predecessor-version":[{"id":35373,"href":"https:\/\/radiorevelacionfm.cl\/index.php?rest_route=\/wp\/v2\/posts\/35371\/revisions\/35373"}],"wp:featuredmedia":[{"embeddable":true,"href":"https:\/\/radiorevelacionfm.cl\/index.php?rest_route=\/wp\/v2\/media\/35372"}],"wp:attachment":[{"href":"https:\/\/radiorevelacionfm.cl\/index.php?rest_route=%2Fwp%2Fv2%2Fmedia&parent=35371"}],"wp:term":[{"taxonomy":"category","embeddable":true,"href":"https:\/\/radiorevelacionfm.cl\/index.php?rest_route=%2Fwp%2Fv2%2Fcategories&post=35371"},{"taxonomy":"post_tag","embeddable":true,"href":"https:\/\/radiorevelacionfm.cl\/index.php?rest_route=%2Fwp%2Fv2%2Ftags&post=35371"}],"curies":[{"name":"wp","href":"https:\/\/api.w.org\/{rel}","templated":true}]}}