{"id":35368,"date":"2023-09-27T15:32:48","date_gmt":"2023-09-27T18:32:48","guid":{"rendered":"https:\/\/radiorevelacionfm.cl\/?p=35368"},"modified":"2023-09-27T15:32:48","modified_gmt":"2023-09-27T18:32:48","slug":"agrupaysen-y-mowi-chile-unen-fuerzas-para-impulsar-la-sustentabilidad-y-desarrollo-economico-local-en-aysen","status":"publish","type":"post","link":"https:\/\/radiorevelacionfm.cl\/?p=35368","title":{"rendered":"AgrupAysen y Mowi Chile unen fuerzas para impulsar la sustentabilidad y desarrollo econ\u00f3mico local en Ays\u00e9n"},"content":{"rendered":"<div class=\"flex_column av_one_full  flex_column_div av-zero-column-padding first  avia-builder-el-0  el_before_av_one_full  avia-builder-el-first  \" style='border-radius:0px; '><div  class='avia-image-container  av-styling-    avia-builder-el-1  avia-builder-el-no-sibling  avia-align-center '  itemprop=\"image\" itemscope=\"itemscope\" itemtype=\"https:\/\/schema.org\/ImageObject\"  ><div class='avia-image-container-inner'><div class='avia-image-overlay-wrap'><img decoding=\"async\" class='wp-image-35369 avia-img-lazy-loading-not-35369 avia_image' src=\"https:\/\/radiorevelacionfm.cl\/wp-content\/uploads\/2023\/09\/O1-1-1.jpeg\" alt='' title='O1 (1) (1)' height=\"600\" width=\"800\"  itemprop=\"thumbnailUrl\" srcset=\"https:\/\/radiorevelacionfm.cl\/wp-content\/uploads\/2023\/09\/O1-1-1.jpeg 800w, https:\/\/radiorevelacionfm.cl\/wp-content\/uploads\/2023\/09\/O1-1-1-300x225.jpeg 300w, https:\/\/radiorevelacionfm.cl\/wp-content\/uploads\/2023\/09\/O1-1-1-768x576.jpeg 768w, https:\/\/radiorevelacionfm.cl\/wp-content\/uploads\/2023\/09\/O1-1-1-705x529.jpeg 705w, https:\/\/radiorevelacionfm.cl\/wp-content\/uploads\/2023\/09\/O1-1-1-450x338.jpeg 450w, https:\/\/radiorevelacionfm.cl\/wp-content\/uploads\/2023\/09\/O1-1-1-600x450.jpeg 600w\" sizes=\"(max-width: 800px) 100vw, 800px\" \/><\/div><\/div><\/div><\/div>\n<div class=\"flex_column av_one_full  flex_column_div av-zero-column-padding first  avia-builder-el-2  el_after_av_one_full  el_before_av_one_full  column-top-margin\" style='border-radius:0px; '><section class=\"av_textblock_section \"  itemscope=\"itemscope\" itemtype=\"https:\/\/schema.org\/BlogPosting\" itemprop=\"blogPost\" ><div class='avia_textblock  '   itemprop=\"text\" ><p style=\"text-align: center;\"><strong><span style=\"font-size: 18pt;\">AgrupAysen y Mowi Chile unen fuerzas para impulsar la sustentabilidad y desarrollo econ\u00f3mico local en Ays\u00e9n<\/span><\/strong><\/p>\n<div id=\"gtx-trans\" style=\"position: absolute; left: -50px; top: 4.31534px;\">\n<div class=\"gtx-trans-icon\"><\/div>\n<\/div>\n<\/div><\/section><\/div><div class=\"flex_column av_one_full  flex_column_div av-zero-column-padding first  avia-builder-el-4  el_after_av_one_full  el_before_av_hr  column-top-margin\" style='border-radius:0px; '><section class=\"av_textblock_section \"  itemscope=\"itemscope\" itemtype=\"https:\/\/schema.org\/BlogPosting\" itemprop=\"blogPost\" ><div class='avia_textblock  '   itemprop=\"text\" ><p style=\"text-align: justify;\">Como parte de una mesa de trabajo entre la industria y la comunidad, se dio cita a un significativo encuentro para el desarrollo sostenible y el fortalecimiento de la econom\u00eda local, la directiva de la asociaci\u00f3n gremial de Prestadores de Servicios Acu\u00edcolas, AgrupAysen, se reuni\u00f3 con Mowi Chile, representada por su gerente de Sustentabilidad y Asuntos P\u00fablicos, \u00c1lvaro P\u00e9rez. Dicha reuni\u00f3n se centr\u00f3 en compartir la nueva estructura de relacionamiento con el medio de Mowi Chile y su Estrategia de Sustentabilidad, con el fin de consolidar la relaci\u00f3n entre la empresa y la comunidad regional de Ays\u00e9n.<\/p>\n<p style=\"text-align: justify;\">\u00c1lvaro P\u00e9rez, de Mowi Chile, expres\u00f3: \u201cHoy tuvimos la oportunidad de reunirnos con AgrupAysen, para manifestarles nuestro inter\u00e9s en fortalecer la vinculaci\u00f3n de nuestra empresa con la comunidad regional. Estamos comprometidos en avanzar juntos en el desarrollo de Ays\u00e9n, abordando temas vitales como el fomento del empleo local y alternativas de capacitaci\u00f3n y educaci\u00f3n\u201d.<\/p>\n<p style=\"text-align: justify;\">La reci\u00e9n formada AgrupAysen, busca ser un pilar en el fortalecimiento de la econom\u00eda local, promoviendo la contrataci\u00f3n local y la formaci\u00f3n de alianzas s\u00f3lidas con actores clave en la regi\u00f3n. Con 25 socios, entre los que se incluyen armadores de embarcaciones, transportistas, empresas de servicios y laboratorios, la asociaci\u00f3n apunta a convertir la actividad acu\u00edcola en un polo de desarrollo y crecimiento para Ays\u00e9n.<\/p>\n<p style=\"text-align: justify;\">El director de AgrupAysen, Giovanni Rosso, profundiz\u00f3 \u00a0la relevancia de esta uni\u00f3n: \u201cpara AgrupAysen era imperativo entablar un di\u00e1logo sincero y efectivo con la industria, generando una mesa de trabajo con objetivos claros a corto y largo plazo. Es crucial abordar las tem\u00e1ticas laborales que impactan a los prestadores de servicios acu\u00edcolas locales. A pesar de que contamos con equipamiento y experiencia comparable, o incluso superior, a profesionales de otras regiones, hist\u00f3ricamente hemos visto c\u00f3mo se ha preferido la contrataci\u00f3n de proveedores de servicios de otras regiones o latitudes. Es hora de revertir esa tendencia.\u201d<\/p>\n<p style=\"text-align: justify;\">Finalmente cabe se\u00f1alar, que tanto AgrupAysen como Mowi Chile est\u00e1n alineados en su visi\u00f3n: trabajar en uni\u00f3n para fomentar el desarrollo sostenible y garantizar que la actividad acu\u00edcola redunde en beneficio integral para la comunidad de Ays\u00e9n. Con la mirada en el horizonte, ambas entidades buscan garantizar que Ays\u00e9n no solo prospere econ\u00f3micamente, sino que sus habitantes sean los principales beneficiarios de este crecimiento.<\/p>\n<\/div><\/section><\/div><\/p>\n<div  style='height:50px' class='hr hr-invisible   avia-builder-el-6  el_after_av_one_full  el_before_av_social_share '><span class='hr-inner ' ><span class='hr-inner-style'><\/span><\/span><\/div>\n<div  class='av-social-sharing-box  avia-builder-el-7  el_after_av_hr  el_before_av_hr  '><div class='av-share-box'><h5 class='av-share-link-description av-no-toc '>Compartir esta noticia<\/h5><ul class='av-share-box-list noLightbox'><li class='av-share-link av-social-link-facebook' ><a target=\"_blank\" aria-label=\"Compartir en Facebook\" href='https:\/\/www.facebook.com\/sharer.php?u=https:\/\/radiorevelacionfm.cl\/?p=35368&#038;t=AgrupAysen%20y%20Mowi%20Chile%20unen%20fuerzas%20para%20impulsar%20la%20sustentabilidad%20y%20desarrollo%20econ%C3%B3mico%20local%20en%20Ays%C3%A9n' aria-hidden='false' data-av_icon='\ue8f3' data-av_iconfont='entypo-fontello' title='' data-avia-related-tooltip='Compartir en Facebook' rel=\"noopener\"><span class='avia_hidden_link_text'>Compartir en Facebook<\/span><\/a><\/li><li class='av-share-link av-social-link-twitter' ><a target=\"_blank\" aria-label=\"Compartir en Twitter\" href='https:\/\/twitter.com\/share?text=AgrupAysen%20y%20Mowi%20Chile%20unen%20fuerzas%20para%20impulsar%20la%20sustentabilidad%20y%20desarrollo%20econ%C3%B3mico%20local%20en%20Ays%C3%A9n&#038;url=https:\/\/radiorevelacionfm.cl\/?p=35368' aria-hidden='false' data-av_icon='\ue8f1' data-av_iconfont='entypo-fontello' title='' data-avia-related-tooltip='Compartir en Twitter' rel=\"noopener\"><span class='avia_hidden_link_text'>Compartir en Twitter<\/span><\/a><\/li><li class='av-share-link av-social-link-whatsapp' ><a target=\"_blank\" aria-label=\"Compartir en Whatsapp\" href='https:\/\/api.whatsapp.com\/send?text=https:\/\/radiorevelacionfm.cl\/?p=35368' aria-hidden='false' data-av_icon='\uf232' data-av_iconfont='entypo-fontello' title='' data-avia-related-tooltip='Compartir en Whatsapp' rel=\"noopener\"><span class='avia_hidden_link_text'>Compartir en Whatsapp<\/span><\/a><\/li><li class='av-share-link av-social-link-linkedin' ><a target=\"_blank\" aria-label=\"Compartir en LinkedIn\" href='https:\/\/linkedin.com\/shareArticle?mini=true&#038;title=AgrupAysen%20y%20Mowi%20Chile%20unen%20fuerzas%20para%20impulsar%20la%20sustentabilidad%20y%20desarrollo%20econ%C3%B3mico%20local%20en%20Ays%C3%A9n&#038;url=https:\/\/radiorevelacionfm.cl\/?p=35368' aria-hidden='false' data-av_icon='\ue8fc' data-av_iconfont='entypo-fontello' title='' data-avia-related-tooltip='Compartir en LinkedIn' rel=\"noopener\"><span class='avia_hidden_link_text'>Compartir en LinkedIn<\/span><\/a><\/li><li class='av-share-link av-social-link-mail' ><a  aria-label=\"Compartir por correo\" href='mailto:?subject=AgrupAysen%20y%20Mowi%20Chile%20unen%20fuerzas%20para%20impulsar%20la%20sustentabilidad%20y%20desarrollo%20econ%C3%B3mico%20local%20en%20Ays%C3%A9n&#038;body=https:\/\/radiorevelacionfm.cl\/?p=35368' aria-hidden='false' data-av_icon='\ue805' data-av_iconfont='entypo-fontello' title='' data-avia-related-tooltip='Compartir por correo'><span class='avia_hidden_link_text'>Compartir por correo<\/span><\/a><\/li><\/ul><\/div><\/div>\n<div  style='height:50px' class='hr hr-invisible   avia-builder-el-8  el_after_av_social_share  el_before_av_comments_list '><span class='hr-inner ' ><span class='hr-inner-style'><\/span><\/span><\/div>\n<div  class='av-buildercomment  av-blog-meta-html-info-disabled av-blog-meta-tag-disabled  '><\/div>\n","protected":false},"excerpt":{"rendered":"","protected":false},"author":1,"featured_media":35369,"comment_status":"open","ping_status":"open","sticky":false,"template":"","format":"standard","meta":{"footnotes":""},"categories":[38],"tags":[],"class_list":["post-35368","post","type-post","status-publish","format-standard","has-post-thumbnail","hentry","category-regional"],"jetpack_featured_media_url":"https:\/\/radiorevelacionfm.cl\/wp-content\/uploads\/2023\/09\/O1-1-1.jpeg","_links":{"self":[{"href":"https:\/\/radiorevelacionfm.cl\/index.php?rest_route=\/wp\/v2\/posts\/35368","targetHints":{"allow":["GET"]}}],"collection":[{"href":"https:\/\/radiorevelacionfm.cl\/index.php?rest_route=\/wp\/v2\/posts"}],"about":[{"href":"https:\/\/radiorevelacionfm.cl\/index.php?rest_route=\/wp\/v2\/types\/post"}],"author":[{"embeddable":true,"href":"https:\/\/radiorevelacionfm.cl\/index.php?rest_route=\/wp\/v2\/users\/1"}],"replies":[{"embeddable":true,"href":"https:\/\/radiorevelacionfm.cl\/index.php?rest_route=%2Fwp%2Fv2%2Fcomments&post=35368"}],"version-history":[{"count":2,"href":"https:\/\/radiorevelacionfm.cl\/index.php?rest_route=\/wp\/v2\/posts\/35368\/revisions"}],"predecessor-version":[{"id":35380,"href":"https:\/\/radiorevelacionfm.cl\/index.php?rest_route=\/wp\/v2\/posts\/35368\/revisions\/35380"}],"wp:featuredmedia":[{"embeddable":true,"href":"https:\/\/radiorevelacionfm.cl\/index.php?rest_route=\/wp\/v2\/media\/35369"}],"wp:attachment":[{"href":"https:\/\/radiorevelacionfm.cl\/index.php?rest_route=%2Fwp%2Fv2%2Fmedia&parent=35368"}],"wp:term":[{"taxonomy":"category","embeddable":true,"href":"https:\/\/radiorevelacionfm.cl\/index.php?rest_route=%2Fwp%2Fv2%2Fcategories&post=35368"},{"taxonomy":"post_tag","embeddable":true,"href":"https:\/\/radiorevelacionfm.cl\/index.php?rest_route=%2Fwp%2Fv2%2Ftags&post=35368"}],"curies":[{"name":"wp","href":"https:\/\/api.w.org\/{rel}","templated":true}]}}