{"id":35365,"date":"2023-09-27T09:52:09","date_gmt":"2023-09-27T12:52:09","guid":{"rendered":"https:\/\/radiorevelacionfm.cl\/?p=35365"},"modified":"2023-09-27T09:52:09","modified_gmt":"2023-09-27T12:52:09","slug":"novela-basada-en-el-caso-aysen-tendra-presentacion-de-edicion-conmemorativa-este-miercoles-27-en-puerto-aysen","status":"publish","type":"post","link":"https:\/\/radiorevelacionfm.cl\/?p=35365","title":{"rendered":"Novela basada en el \u201cCaso Ays\u00e9n\u201d tendr\u00e1 presentaci\u00f3n de edici\u00f3n conmemorativa este mi\u00e9rcoles 27 en Puerto Ays\u00e9n"},"content":{"rendered":"<div class=\"flex_column av_one_full  flex_column_div av-zero-column-padding first  avia-builder-el-0  el_before_av_one_full  avia-builder-el-first  \" style='border-radius:0px; '><div  class='avia-image-container  av-styling-    avia-builder-el-1  avia-builder-el-no-sibling  avia-align-center '  itemprop=\"image\" itemscope=\"itemscope\" itemtype=\"https:\/\/schema.org\/ImageObject\"  ><div class='avia-image-container-inner'><div class='avia-image-overlay-wrap'><img decoding=\"async\" class='wp-image-35366 avia-img-lazy-loading-not-35366 avia_image' src=\"https:\/\/radiorevelacionfm.cl\/wp-content\/uploads\/2023\/09\/imagen-biblioteca-1_optimized.jpg\" alt='' title='imagen-biblioteca-(1)_optimized' height=\"600\" width=\"1067\"  itemprop=\"thumbnailUrl\" srcset=\"https:\/\/radiorevelacionfm.cl\/wp-content\/uploads\/2023\/09\/imagen-biblioteca-1_optimized.jpg 1067w, https:\/\/radiorevelacionfm.cl\/wp-content\/uploads\/2023\/09\/imagen-biblioteca-1_optimized-300x169.jpg 300w, https:\/\/radiorevelacionfm.cl\/wp-content\/uploads\/2023\/09\/imagen-biblioteca-1_optimized-1030x579.jpg 1030w, https:\/\/radiorevelacionfm.cl\/wp-content\/uploads\/2023\/09\/imagen-biblioteca-1_optimized-768x432.jpg 768w, https:\/\/radiorevelacionfm.cl\/wp-content\/uploads\/2023\/09\/imagen-biblioteca-1_optimized-705x396.jpg 705w, https:\/\/radiorevelacionfm.cl\/wp-content\/uploads\/2023\/09\/imagen-biblioteca-1_optimized-450x253.jpg 450w, https:\/\/radiorevelacionfm.cl\/wp-content\/uploads\/2023\/09\/imagen-biblioteca-1_optimized-600x337.jpg 600w\" sizes=\"(max-width: 1067px) 100vw, 1067px\" \/><\/div><\/div><\/div><\/div><div class=\"flex_column av_one_full  flex_column_div av-zero-column-padding first  avia-builder-el-2  el_after_av_one_full  el_before_av_one_full  column-top-margin\" style='border-radius:0px; '><section class=\"av_textblock_section \"  itemscope=\"itemscope\" itemtype=\"https:\/\/schema.org\/BlogPosting\" itemprop=\"blogPost\" ><div class='avia_textblock  '   itemprop=\"text\" ><p style=\"text-align: center;\"><strong><span style=\"font-size: 18pt;\">Novela basada en el \u201cCaso Ays\u00e9n\u201d tendr\u00e1 presentaci\u00f3n de edici\u00f3n conmemorativa este mi\u00e9rcoles 27 en Puerto Ays\u00e9n<\/span><\/strong><\/p>\n<div id=\"gtx-trans\" style=\"position: absolute; left: -50px; top: 4.31534px;\">\n<div class=\"gtx-trans-icon\"><\/div>\n<\/div>\n<\/div><\/section><\/div><div class=\"flex_column av_one_full  flex_column_div av-zero-column-padding first  avia-builder-el-4  el_after_av_one_full  el_before_av_hr  column-top-margin\" style='border-radius:0px; '><section class=\"av_textblock_section \"  itemscope=\"itemscope\" itemtype=\"https:\/\/schema.org\/BlogPosting\" itemprop=\"blogPost\" ><div class='avia_textblock  '   itemprop=\"text\" ><p style=\"text-align: justify;\">Desde la Biblioteca P\u00fablica de Ays\u00e9n con la colaboraci\u00f3n de la Editorial \u00d1ire Negro y la Librer\u00eda \u201cPuerto Libro\u201d se efectuar\u00e1 desde las 18:00 horas una presentaci\u00f3n destinada a exponer en la comunidad aysenina la cuarta edici\u00f3n del libro \u201cAlmas en R\u00edo\u201d del escritor Eleodoro Sanhueza Ram\u00edrez. Esto, tras 10 a\u00f1os de la primera publicaci\u00f3n de la novela que se basa en los hechos policiales acontecidos en la capital de la comuna porte\u00f1a a mediados de la d\u00e9cada del 90 y principios del 2000 denominado como \u201cCaso Ays\u00e9n\u201d. La cita, adem\u00e1s, estar\u00e1 acompa\u00f1ada de actividades previas en el contexto del Programa Di\u00e1logos en Movimiento de la Seremi de la Cultura, las Artes y el Patrimonio.<\/p>\n<p style=\"text-align: justify;\">Al respecto, el autor de la novela y profesor, Eleodoro Sanhueza Ram\u00edrez, junto con invitar a la comunidad aysenina al encuentro destac\u00f3 que \u201cexisten personajes y tramas que est\u00e1n relacionadas con lo que es la ficci\u00f3n literaria.\u00a0 Es un libro que a 10 a\u00f1os a\u00fan asombra, forma parte de las lecturas de la carrera de Periodismo y principalmente en los talleres de investigaci\u00f3n period\u00edstica de la Universidad de Chile y es lectura complementaria y obligatoria en algunos establecimientos de nuestra Regi\u00f3n\u201d.<\/p>\n<p style=\"text-align: justify;\">Adem\u00e1s, el escritor, se refiri\u00f3 al encuentro que sostendr\u00e1 con estudiantes del Colegio Sagrada Familia desde las 15:30 horas como parte de las actividades el programa \u201cDi\u00e1logos en Movimiento\u201d. El cual busca a trav\u00e9s de la integraci\u00f3n del Ministerio de las Culturas, las Artes y el Patrimonio fomentar la lectura en j\u00f3venes. Instancia que tambi\u00e9n se replicar\u00e1 pr\u00f3ximamente para alumnos del Liceo San Jos\u00e9 U.R en Puerto Ays\u00e9n.<\/p>\n<p style=\"text-align: justify;\">Finalmente, Sanhueza Ram\u00edrez, agradeci\u00f3 la colaboraci\u00f3n de distintos actores involucrados para generar esta instancia en la zona \u201ccreo que la literatura y el arte tienen que ver mucho con la colaboraci\u00f3n de las personas. Por ejemplo, en esta actividad que se realizar\u00e1 hoy 27 de septiembre hay distintas personas colaborando. Si bien es cierto es un libro que trata de un tema delicado, complejo, tr\u00e1gico para muchas familias tambi\u00e9n es una literatura de la Regi\u00f3n de Ays\u00e9n. Por lo tanto, dejo a todos cordialmente invitados para esta actividad\u201d, sentenci\u00f3 el reconocido escritor nacional.<\/p>\n<\/div><\/section><\/div><div  style='height:50px' class='hr hr-invisible   avia-builder-el-6  el_after_av_one_full  el_before_av_social_share '><span class='hr-inner ' ><span class='hr-inner-style'><\/span><\/span><\/div><\/p>\n<div  class='av-social-sharing-box  avia-builder-el-7  el_after_av_hr  el_before_av_hr  '><div class='av-share-box'><h5 class='av-share-link-description av-no-toc '>Compartir esta noticia<\/h5><ul class='av-share-box-list noLightbox'><li class='av-share-link av-social-link-facebook' ><a target=\"_blank\" aria-label=\"Compartir en Facebook\" href='https:\/\/www.facebook.com\/sharer.php?u=https:\/\/radiorevelacionfm.cl\/?p=35365&#038;t=Novela%20basada%20en%20el%20%E2%80%9CCaso%20Ays%C3%A9n%E2%80%9D%20tendr%C3%A1%20presentaci%C3%B3n%20de%20edici%C3%B3n%20conmemorativa%20este%20mi%C3%A9rcoles%2027%20en%20Puerto%20Ays%C3%A9n' aria-hidden='false' data-av_icon='\ue8f3' data-av_iconfont='entypo-fontello' title='' data-avia-related-tooltip='Compartir en Facebook' rel=\"noopener\"><span class='avia_hidden_link_text'>Compartir en Facebook<\/span><\/a><\/li><li class='av-share-link av-social-link-twitter' ><a target=\"_blank\" aria-label=\"Compartir en Twitter\" href='https:\/\/twitter.com\/share?text=Novela%20basada%20en%20el%20%E2%80%9CCaso%20Ays%C3%A9n%E2%80%9D%20tendr%C3%A1%20presentaci%C3%B3n%20de%20edici%C3%B3n%20conmemorativa%20este%20mi%C3%A9rcoles%2027%20en%20Puerto%20Ays%C3%A9n&#038;url=https:\/\/radiorevelacionfm.cl\/?p=35365' aria-hidden='false' data-av_icon='\ue8f1' data-av_iconfont='entypo-fontello' title='' data-avia-related-tooltip='Compartir en Twitter' rel=\"noopener\"><span class='avia_hidden_link_text'>Compartir en Twitter<\/span><\/a><\/li><li class='av-share-link av-social-link-whatsapp' ><a target=\"_blank\" aria-label=\"Compartir en Whatsapp\" href='https:\/\/api.whatsapp.com\/send?text=https:\/\/radiorevelacionfm.cl\/?p=35365' aria-hidden='false' data-av_icon='\uf232' data-av_iconfont='entypo-fontello' title='' data-avia-related-tooltip='Compartir en Whatsapp' rel=\"noopener\"><span class='avia_hidden_link_text'>Compartir en Whatsapp<\/span><\/a><\/li><li class='av-share-link av-social-link-linkedin' ><a target=\"_blank\" aria-label=\"Compartir en LinkedIn\" href='https:\/\/linkedin.com\/shareArticle?mini=true&#038;title=Novela%20basada%20en%20el%20%E2%80%9CCaso%20Ays%C3%A9n%E2%80%9D%20tendr%C3%A1%20presentaci%C3%B3n%20de%20edici%C3%B3n%20conmemorativa%20este%20mi%C3%A9rcoles%2027%20en%20Puerto%20Ays%C3%A9n&#038;url=https:\/\/radiorevelacionfm.cl\/?p=35365' aria-hidden='false' data-av_icon='\ue8fc' data-av_iconfont='entypo-fontello' title='' data-avia-related-tooltip='Compartir en LinkedIn' rel=\"noopener\"><span class='avia_hidden_link_text'>Compartir en LinkedIn<\/span><\/a><\/li><li class='av-share-link av-social-link-mail' ><a  aria-label=\"Compartir por correo\" href='mailto:?subject=Novela%20basada%20en%20el%20%E2%80%9CCaso%20Ays%C3%A9n%E2%80%9D%20tendr%C3%A1%20presentaci%C3%B3n%20de%20edici%C3%B3n%20conmemorativa%20este%20mi%C3%A9rcoles%2027%20en%20Puerto%20Ays%C3%A9n&#038;body=https:\/\/radiorevelacionfm.cl\/?p=35365' aria-hidden='false' data-av_icon='\ue805' data-av_iconfont='entypo-fontello' title='' data-avia-related-tooltip='Compartir por correo'><span class='avia_hidden_link_text'>Compartir por correo<\/span><\/a><\/li><\/ul><\/div><\/div>\n<div  style='height:50px' class='hr hr-invisible   avia-builder-el-8  el_after_av_social_share  el_before_av_comments_list '><span class='hr-inner ' ><span class='hr-inner-style'><\/span><\/span><\/div>\n<div  class='av-buildercomment  av-blog-meta-html-info-disabled av-blog-meta-tag-disabled  '><\/div>\n","protected":false},"excerpt":{"rendered":"","protected":false},"author":1,"featured_media":35366,"comment_status":"open","ping_status":"open","sticky":false,"template":"","format":"standard","meta":{"footnotes":""},"categories":[38],"tags":[],"class_list":["post-35365","post","type-post","status-publish","format-standard","has-post-thumbnail","hentry","category-regional"],"jetpack_featured_media_url":"https:\/\/radiorevelacionfm.cl\/wp-content\/uploads\/2023\/09\/imagen-biblioteca-1_optimized.jpg","_links":{"self":[{"href":"https:\/\/radiorevelacionfm.cl\/index.php?rest_route=\/wp\/v2\/posts\/35365","targetHints":{"allow":["GET"]}}],"collection":[{"href":"https:\/\/radiorevelacionfm.cl\/index.php?rest_route=\/wp\/v2\/posts"}],"about":[{"href":"https:\/\/radiorevelacionfm.cl\/index.php?rest_route=\/wp\/v2\/types\/post"}],"author":[{"embeddable":true,"href":"https:\/\/radiorevelacionfm.cl\/index.php?rest_route=\/wp\/v2\/users\/1"}],"replies":[{"embeddable":true,"href":"https:\/\/radiorevelacionfm.cl\/index.php?rest_route=%2Fwp%2Fv2%2Fcomments&post=35365"}],"version-history":[{"count":1,"href":"https:\/\/radiorevelacionfm.cl\/index.php?rest_route=\/wp\/v2\/posts\/35365\/revisions"}],"predecessor-version":[{"id":35367,"href":"https:\/\/radiorevelacionfm.cl\/index.php?rest_route=\/wp\/v2\/posts\/35365\/revisions\/35367"}],"wp:featuredmedia":[{"embeddable":true,"href":"https:\/\/radiorevelacionfm.cl\/index.php?rest_route=\/wp\/v2\/media\/35366"}],"wp:attachment":[{"href":"https:\/\/radiorevelacionfm.cl\/index.php?rest_route=%2Fwp%2Fv2%2Fmedia&parent=35365"}],"wp:term":[{"taxonomy":"category","embeddable":true,"href":"https:\/\/radiorevelacionfm.cl\/index.php?rest_route=%2Fwp%2Fv2%2Fcategories&post=35365"},{"taxonomy":"post_tag","embeddable":true,"href":"https:\/\/radiorevelacionfm.cl\/index.php?rest_route=%2Fwp%2Fv2%2Ftags&post=35365"}],"curies":[{"name":"wp","href":"https:\/\/api.w.org\/{rel}","templated":true}]}}