{"id":35362,"date":"2023-09-26T20:35:39","date_gmt":"2023-09-26T23:35:39","guid":{"rendered":"https:\/\/radiorevelacionfm.cl\/?p=35362"},"modified":"2023-09-26T20:35:39","modified_gmt":"2023-09-26T23:35:39","slug":"carabineros-ha-detenido-desde-enero-a-la-fecha-a-447-profugos-de-la-justicia-en-la-region-de-aysen","status":"publish","type":"post","link":"https:\/\/radiorevelacionfm.cl\/?p=35362","title":{"rendered":"Carabineros ha detenido desde enero a la fecha a 447 pr\u00f3fugos de la justicia en la regi\u00f3n de Ays\u00e9n"},"content":{"rendered":"<div class=\"flex_column av_one_full  flex_column_div av-zero-column-padding first  avia-builder-el-0  el_before_av_one_full  avia-builder-el-first  \" style='border-radius:0px; '><div  class='avia-image-container  av-styling-    avia-builder-el-1  avia-builder-el-no-sibling  avia-align-center '  itemprop=\"image\" itemscope=\"itemscope\" itemtype=\"https:\/\/schema.org\/ImageObject\"  ><div class='avia-image-container-inner'><div class='avia-image-overlay-wrap'><img decoding=\"async\" class='wp-image-35363 avia-img-lazy-loading-not-35363 avia_image' src=\"https:\/\/radiorevelacionfm.cl\/wp-content\/uploads\/2023\/09\/18b95896-e57a-4566-8f48-0939617a60a1-1_optimized-1.jpg\" alt='' title='18b95896-e57a-4566-8f48-0939617a60a1-(1)_optimized (1)' height=\"650\" width=\"802\"  itemprop=\"thumbnailUrl\" srcset=\"https:\/\/radiorevelacionfm.cl\/wp-content\/uploads\/2023\/09\/18b95896-e57a-4566-8f48-0939617a60a1-1_optimized-1.jpg 802w, https:\/\/radiorevelacionfm.cl\/wp-content\/uploads\/2023\/09\/18b95896-e57a-4566-8f48-0939617a60a1-1_optimized-1-300x243.jpg 300w, https:\/\/radiorevelacionfm.cl\/wp-content\/uploads\/2023\/09\/18b95896-e57a-4566-8f48-0939617a60a1-1_optimized-1-768x622.jpg 768w, https:\/\/radiorevelacionfm.cl\/wp-content\/uploads\/2023\/09\/18b95896-e57a-4566-8f48-0939617a60a1-1_optimized-1-495x400.jpg 495w, https:\/\/radiorevelacionfm.cl\/wp-content\/uploads\/2023\/09\/18b95896-e57a-4566-8f48-0939617a60a1-1_optimized-1-705x571.jpg 705w, https:\/\/radiorevelacionfm.cl\/wp-content\/uploads\/2023\/09\/18b95896-e57a-4566-8f48-0939617a60a1-1_optimized-1-450x365.jpg 450w, https:\/\/radiorevelacionfm.cl\/wp-content\/uploads\/2023\/09\/18b95896-e57a-4566-8f48-0939617a60a1-1_optimized-1-600x486.jpg 600w\" sizes=\"(max-width: 802px) 100vw, 802px\" \/><\/div><\/div><\/div><\/div><div class=\"flex_column av_one_full  flex_column_div av-zero-column-padding first  avia-builder-el-2  el_after_av_one_full  el_before_av_one_full  column-top-margin\" style='border-radius:0px; '><section class=\"av_textblock_section \"  itemscope=\"itemscope\" itemtype=\"https:\/\/schema.org\/BlogPosting\" itemprop=\"blogPost\" ><div class='avia_textblock  '   itemprop=\"text\" ><p style=\"text-align: center;\"><span style=\"font-size: 18pt;\"><b>Carabineros ha detenido desde enero a la fecha a 447 pr\u00f3fugos de la justicia en la regi\u00f3n de Ays\u00e9n<\/b><\/span><\/p>\n<div id=\"gtx-trans\" style=\"position: absolute; left: -50px; top: 4.31534px;\">\n<div class=\"gtx-trans-icon\"><\/div>\n<\/div>\n<\/div><\/section><\/div><div class=\"flex_column av_one_full  flex_column_div av-zero-column-padding first  avia-builder-el-4  el_after_av_one_full  el_before_av_hr  column-top-margin\" style='border-radius:0px; '><section class=\"av_textblock_section \"  itemscope=\"itemscope\" itemtype=\"https:\/\/schema.org\/BlogPosting\" itemprop=\"blogPost\" ><div class='avia_textblock  '   itemprop=\"text\" ><p class=\"v1MsoNormal\" style=\"text-align: justify;\">Al trabajo diario de prevenci\u00f3n, control de personas y veh\u00edculos, fiscalizaci\u00f3n al comercio, entidades bancarias, drogas -entre otras- control de la ley de armas y explosivos se suman las \u00f3rdenes judiciales, materia sobre la cual 447 pr\u00f3fugos de la justicia han sido detenidos por Carabineros desde el mes de enero al 24 de septiembre del presente a\u00f1o en la regi\u00f3n de Ays\u00e9n.<\/p>\n<p class=\"v1MsoNormal\" style=\"text-align: justify;\">El Jefe de Zona de Carabineros, General Patricio Javier Santos Poblete, es enf\u00e1tico en se\u00f1alar que \u00abCarabineros previene controlando\u00bb y uno de los \u00e9nfasis del programa Calles sin Violencia, apunta a la capacidad -en funci\u00f3n de los controles preventivos e investigativos- de poder detectar a personas que mantienen \u00f3rdenes de arresto pendientes emanadas desde los \u00f3rganos jurisdiccionales.<\/p>\n<p class=\"v1MsoNormal\" style=\"text-align: justify;\">\u00abEs un trabajo que hacemos en forma permanente, no es casual que a la fecha llevamos cerca de 447 personas detenidas por \u00f3rdenes judiciales. Todas estas personas tienen un importante compromiso delictual\u00bb, expres\u00f3 el Oficial General.<\/p>\n<p class=\"v1MsoNormal\" style=\"text-align: justify;\">El 77,5% de los aprehendidos por \u00f3rdenes judiciales han sido detenidos por la comisi\u00f3n de delitos o faltas, el 22,5% restante tiene que ver con pensi\u00f3n alimenticia.<\/p>\n<p class=\"v1MsoNormal\" style=\"text-align: justify;\">De ese universo de 77,5%, el 50% corresponde a pr\u00f3fugos de la justicia por conducci\u00f3n bajo la influencia de alcohol o drogas, lesiones, amenazas, entre otros, en tanto que un 28,5% restante dice relaci\u00f3n con sujetos requeridos por causas referidas a materias de drogas, robos, da\u00f1os, entre otras.<\/p>\n<p class=\"v1MsoNormal\" style=\"text-align: justify;\">\u00abLas personas que cometen desviaciones sociales que son tipificadas como delitos, tienen que responder ante la justicia. Como Carabineros estamos para hacer cumplir la ley y no vamos a claudicar en la funci\u00f3n de control que hacemos en el territorio\u00bb, complement\u00f3 el Jefe de Zona.<\/p>\n<p class=\"v1MsoNormal\" style=\"text-align: justify;\"><b>146 mil procedimientos<\/b><\/p>\n<p class=\"v1MsoNormal\" style=\"text-align: justify;\">Por otra parte, en este mismo periodo (entre enero y el 24 de septiembre) Carabineros ha registrado cerca de 146 mil procedimientos policiales, es decir, a raz\u00f3n de cerca de 23 procedimientos por hora<\/p>\n<p class=\"v1MsoNormal\" style=\"text-align: justify;\">\u00abA la fecha mantenemos 3.642 personas detenidas en lo que va transcurrido del presente a\u00f1o. Asimismo, hemos desarticulado cerca de 56 bandas delictuales, recuperado 242 armas y, en torno a los controles, Carabineros ha realizado en estas 39 semanas 132 mil controles en la regi\u00f3n\u00bb, detall\u00f3 el General Santos.<\/p>\n<p class=\"v1MsoNormal\" style=\"text-align: justify;\">Asimismo, han sido desarrollados 54 allanamientos, en tanto que cerca de 14 kg de droga han sido decomisados, impidiendo que estas lleguen a potenciales consumidores, a los barrios, a las poblaciones o los menores de edad donde tanto da\u00f1o generan.<\/p>\n<p style=\"text-align: justify;\">El Jefe de Zona Ays\u00e9n, a\u00f1adi\u00f3 que la Instituci\u00f3n continuar\u00e1 el despliegue de acciones orientadas a brindar m\u00e1s seguridad y protecci\u00f3n a la comunidad, toda vez que \u00abm\u00e1s control es m\u00e1s prevenci\u00f3n y m\u00e1s prevenci\u00f3n es m\u00e1s seguridad y tranquilidad para las personas que viven en la regi\u00f3n\u00bb.<\/p>\n<\/div><\/section><\/div><div  style='height:50px' class='hr hr-invisible   avia-builder-el-6  el_after_av_one_full  el_before_av_social_share '><span class='hr-inner ' ><span class='hr-inner-style'><\/span><\/span><\/div><\/p>\n<div  class='av-social-sharing-box  avia-builder-el-7  el_after_av_hr  el_before_av_hr  '><div class='av-share-box'><h5 class='av-share-link-description av-no-toc '>Compartir esta noticia<\/h5><ul class='av-share-box-list noLightbox'><li class='av-share-link av-social-link-facebook' ><a target=\"_blank\" aria-label=\"Compartir en Facebook\" href='https:\/\/www.facebook.com\/sharer.php?u=https:\/\/radiorevelacionfm.cl\/?p=35362&#038;t=Carabineros%20ha%20detenido%20desde%20enero%20a%20la%20fecha%20a%20447%20pr%C3%B3fugos%20de%20la%20justicia%20en%20la%20regi%C3%B3n%20de%20Ays%C3%A9n' aria-hidden='false' data-av_icon='\ue8f3' data-av_iconfont='entypo-fontello' title='' data-avia-related-tooltip='Compartir en Facebook' rel=\"noopener\"><span class='avia_hidden_link_text'>Compartir en Facebook<\/span><\/a><\/li><li class='av-share-link av-social-link-twitter' ><a target=\"_blank\" aria-label=\"Compartir en Twitter\" href='https:\/\/twitter.com\/share?text=Carabineros%20ha%20detenido%20desde%20enero%20a%20la%20fecha%20a%20447%20pr%C3%B3fugos%20de%20la%20justicia%20en%20la%20regi%C3%B3n%20de%20Ays%C3%A9n&#038;url=https:\/\/radiorevelacionfm.cl\/?p=35362' aria-hidden='false' data-av_icon='\ue8f1' data-av_iconfont='entypo-fontello' title='' data-avia-related-tooltip='Compartir en Twitter' rel=\"noopener\"><span class='avia_hidden_link_text'>Compartir en Twitter<\/span><\/a><\/li><li class='av-share-link av-social-link-whatsapp' ><a target=\"_blank\" aria-label=\"Compartir en Whatsapp\" href='https:\/\/api.whatsapp.com\/send?text=https:\/\/radiorevelacionfm.cl\/?p=35362' aria-hidden='false' data-av_icon='\uf232' data-av_iconfont='entypo-fontello' title='' data-avia-related-tooltip='Compartir en Whatsapp' rel=\"noopener\"><span class='avia_hidden_link_text'>Compartir en Whatsapp<\/span><\/a><\/li><li class='av-share-link av-social-link-linkedin' ><a target=\"_blank\" aria-label=\"Compartir en LinkedIn\" href='https:\/\/linkedin.com\/shareArticle?mini=true&#038;title=Carabineros%20ha%20detenido%20desde%20enero%20a%20la%20fecha%20a%20447%20pr%C3%B3fugos%20de%20la%20justicia%20en%20la%20regi%C3%B3n%20de%20Ays%C3%A9n&#038;url=https:\/\/radiorevelacionfm.cl\/?p=35362' aria-hidden='false' data-av_icon='\ue8fc' data-av_iconfont='entypo-fontello' title='' data-avia-related-tooltip='Compartir en LinkedIn' rel=\"noopener\"><span class='avia_hidden_link_text'>Compartir en LinkedIn<\/span><\/a><\/li><li class='av-share-link av-social-link-mail' ><a  aria-label=\"Compartir por correo\" href='mailto:?subject=Carabineros%20ha%20detenido%20desde%20enero%20a%20la%20fecha%20a%20447%20pr%C3%B3fugos%20de%20la%20justicia%20en%20la%20regi%C3%B3n%20de%20Ays%C3%A9n&#038;body=https:\/\/radiorevelacionfm.cl\/?p=35362' aria-hidden='false' data-av_icon='\ue805' data-av_iconfont='entypo-fontello' title='' data-avia-related-tooltip='Compartir por correo'><span class='avia_hidden_link_text'>Compartir por correo<\/span><\/a><\/li><\/ul><\/div><\/div>\n<div  style='height:50px' class='hr hr-invisible   avia-builder-el-8  el_after_av_social_share  el_before_av_comments_list '><span class='hr-inner ' ><span class='hr-inner-style'><\/span><\/span><\/div>\n<div  class='av-buildercomment  av-blog-meta-html-info-disabled av-blog-meta-tag-disabled  '><\/div>\n","protected":false},"excerpt":{"rendered":"","protected":false},"author":1,"featured_media":35363,"comment_status":"open","ping_status":"open","sticky":false,"template":"","format":"standard","meta":{"footnotes":""},"categories":[36],"tags":[],"class_list":["post-35362","post","type-post","status-publish","format-standard","has-post-thumbnail","hentry","category-policial"],"jetpack_featured_media_url":"https:\/\/radiorevelacionfm.cl\/wp-content\/uploads\/2023\/09\/18b95896-e57a-4566-8f48-0939617a60a1-1_optimized-1.jpg","_links":{"self":[{"href":"https:\/\/radiorevelacionfm.cl\/index.php?rest_route=\/wp\/v2\/posts\/35362","targetHints":{"allow":["GET"]}}],"collection":[{"href":"https:\/\/radiorevelacionfm.cl\/index.php?rest_route=\/wp\/v2\/posts"}],"about":[{"href":"https:\/\/radiorevelacionfm.cl\/index.php?rest_route=\/wp\/v2\/types\/post"}],"author":[{"embeddable":true,"href":"https:\/\/radiorevelacionfm.cl\/index.php?rest_route=\/wp\/v2\/users\/1"}],"replies":[{"embeddable":true,"href":"https:\/\/radiorevelacionfm.cl\/index.php?rest_route=%2Fwp%2Fv2%2Fcomments&post=35362"}],"version-history":[{"count":1,"href":"https:\/\/radiorevelacionfm.cl\/index.php?rest_route=\/wp\/v2\/posts\/35362\/revisions"}],"predecessor-version":[{"id":35364,"href":"https:\/\/radiorevelacionfm.cl\/index.php?rest_route=\/wp\/v2\/posts\/35362\/revisions\/35364"}],"wp:featuredmedia":[{"embeddable":true,"href":"https:\/\/radiorevelacionfm.cl\/index.php?rest_route=\/wp\/v2\/media\/35363"}],"wp:attachment":[{"href":"https:\/\/radiorevelacionfm.cl\/index.php?rest_route=%2Fwp%2Fv2%2Fmedia&parent=35362"}],"wp:term":[{"taxonomy":"category","embeddable":true,"href":"https:\/\/radiorevelacionfm.cl\/index.php?rest_route=%2Fwp%2Fv2%2Fcategories&post=35362"},{"taxonomy":"post_tag","embeddable":true,"href":"https:\/\/radiorevelacionfm.cl\/index.php?rest_route=%2Fwp%2Fv2%2Ftags&post=35362"}],"curies":[{"name":"wp","href":"https:\/\/api.w.org\/{rel}","templated":true}]}}