{"id":35357,"date":"2023-09-27T09:41:52","date_gmt":"2023-09-27T12:41:52","guid":{"rendered":"https:\/\/radiorevelacionfm.cl\/?p=35357"},"modified":"2023-09-27T09:41:52","modified_gmt":"2023-09-27T12:41:52","slug":"cientifica-de-aysen-realizo-proyecto-para-aportar-valor-a-la-apicultura","status":"publish","type":"post","link":"https:\/\/radiorevelacionfm.cl\/?p=35357","title":{"rendered":"Cient\u00edfica de Ays\u00e9n realiz\u00f3 proyecto para aportar valor a la apicultura"},"content":{"rendered":"<div class=\"flex_column av_one_full  flex_column_div av-zero-column-padding first  avia-builder-el-0  el_before_av_one_full  avia-builder-el-first  \" style='border-radius:0px; '><div  class='avia-image-container  av-styling-    avia-builder-el-1  avia-builder-el-no-sibling  avia-align-center '  itemprop=\"image\" itemscope=\"itemscope\" itemtype=\"https:\/\/schema.org\/ImageObject\"  ><div class='avia-image-container-inner'><div class='avia-image-overlay-wrap'><img decoding=\"async\" class='wp-image-35358 avia-img-lazy-loading-not-35358 avia_image' src=\"https:\/\/radiorevelacionfm.cl\/wp-content\/uploads\/2023\/09\/apicultura-2023-1.jpg\" alt='' title='apicultura - 2023 (1)' height=\"700\" width=\"805\"  itemprop=\"thumbnailUrl\" srcset=\"https:\/\/radiorevelacionfm.cl\/wp-content\/uploads\/2023\/09\/apicultura-2023-1.jpg 805w, https:\/\/radiorevelacionfm.cl\/wp-content\/uploads\/2023\/09\/apicultura-2023-1-300x261.jpg 300w, https:\/\/radiorevelacionfm.cl\/wp-content\/uploads\/2023\/09\/apicultura-2023-1-768x668.jpg 768w, https:\/\/radiorevelacionfm.cl\/wp-content\/uploads\/2023\/09\/apicultura-2023-1-705x613.jpg 705w, https:\/\/radiorevelacionfm.cl\/wp-content\/uploads\/2023\/09\/apicultura-2023-1-450x391.jpg 450w, https:\/\/radiorevelacionfm.cl\/wp-content\/uploads\/2023\/09\/apicultura-2023-1-600x522.jpg 600w\" sizes=\"(max-width: 805px) 100vw, 805px\" \/><\/div><\/div><\/div><\/div><div class=\"flex_column av_one_full  flex_column_div av-zero-column-padding first  avia-builder-el-2  el_after_av_one_full  el_before_av_one_full  column-top-margin\" style='border-radius:0px; '><section class=\"av_textblock_section \"  itemscope=\"itemscope\" itemtype=\"https:\/\/schema.org\/BlogPosting\" itemprop=\"blogPost\" ><div class='avia_textblock  '   itemprop=\"text\" ><p style=\"text-align: center;\"><strong><span style=\"font-size: 18pt;\">Cient\u00edfica de Ays\u00e9n realiz\u00f3 proyecto para aportar valor a la apicultura <\/span><\/strong><\/p>\n<div id=\"gtx-trans\" style=\"position: absolute; left: -50px; top: 4.31534px;\">\n<div class=\"gtx-trans-icon\"><\/div>\n<\/div>\n<\/div><\/section><\/div><div class=\"flex_column av_one_full  flex_column_div av-zero-column-padding first  avia-builder-el-4  el_after_av_one_full  el_before_av_hr  column-top-margin\" style='border-radius:0px; '><section class=\"av_textblock_section \"  itemscope=\"itemscope\" itemtype=\"https:\/\/schema.org\/BlogPosting\" itemprop=\"blogPost\" ><div class='avia_textblock  '   itemprop=\"text\" ><p class=\"v1MsoNormal\" style=\"text-align: justify;\"><i><span class=\"v1ContentPasted0\">El origen bot\u00e1nico de la miel es uno de los par\u00e1metros de calidad m\u00e1s importante para diferenciar y agregar valor a su comercializaci\u00f3n, por ello este proyecto de investigaci\u00f3n analiz\u00f3 los productos de diversos apicultores de la regi\u00f3n de Ays\u00e9n.\u00a0<\/span><\/i><i>\u00a0<\/i><\/p>\n<p class=\"v1MsoNormal\" style=\"text-align: justify;\" align=\"justify\"><span class=\"v1ContentPasted0\">La Dra. en Ecolog\u00eda y Biodiversidad Valentina \u00c1lvarez, quien gracias a un proyecto semilla, financiado por el programa de fortalecimiento del Centro de Investigaci\u00f3n en Ecosistemas de la Patagonia (CIEP), financiado por ANID, enfoc\u00f3 sus esfuerzos en comprender los v\u00ednculos entre el rubro ap\u00edcola, el clima y la influencia humana, con lo que adem\u00e1s es posible aportar informaci\u00f3n relevante para la comercializaci\u00f3n de las mieles que se producen en la Regi\u00f3n de Ays\u00e9n.\u00a0<\/span><\/p>\n<p class=\"v1MsoNormal\" style=\"text-align: justify;\" align=\"justify\"><span class=\"v1ContentPasted0\" style=\"font-family: Calibri;\">\u00abConocer el origen bot\u00e1nico de la miel permite determinar la importancia de la flora presente como recurso forrajero para\u00a0<\/span><i><span class=\"v115 v1ContentPasted0\">Apis mellifera,\u00a0<\/span><\/i><span class=\"v115 v1ContentPasted0\">por lo tanto, obtener informaci\u00f3n cient\u00edfica sobre la flora de su preferencia permite a las y los apicultores caracterizar bot\u00e1nicamente la miel que producen y de esta manera, obtener un par\u00e1metro de calidad que puede ser transformado en un valor agregado al producto\u00bb detalla la investigadora.<\/span><span class=\"v115\">\u00a0<\/span><\/p>\n<p class=\"v1MsoNormal\" style=\"text-align: justify;\" align=\"justify\"><span class=\"v115\">\u00a0<\/span><b><span class=\"v115 v1ContentPasted0\">Resultados, \u00bfCu\u00e1l era el origen bot\u00e1nico de las mieles analizadas?<\/span><\/b><b><span class=\"v115\">\u00a0<\/span><\/b><\/p>\n<p class=\"v1MsoNormal\" style=\"text-align: justify;\" align=\"justify\"><span class=\"v115\">\u00a0<\/span><span class=\"v115 v1ContentPasted0\">Los resultados indican marcadas diferencias geogr\u00e1ficas en cuanto a las preferencias florales de\u00a0<\/span><i><span class=\"v115 v1ContentPasted0\">Apis mellifera<\/span><\/i><span class=\"v115 v1ContentPasted0\">. En la zona norte de la regi\u00f3n de Ays\u00e9n, espec\u00edficamente en localidad de La Junta, las mieles en su mayor\u00eda son monoflorales nativas, ya sea de Tineo (<\/span><i><span class=\"v115 v1ContentPasted0\">Weinmannia trichosperma<\/span><\/i><span class=\"v115 v1ContentPasted0\">) o Tiaca (<\/span><i><span class=\"v115 v1ContentPasted0\">Caldcluvia paniculata<\/span><\/i><span class=\"v115 v1ContentPasted0\">). En la zona alrededor de Coyhaique en cambio, las mieles son poliflorales no nativas, es decir, la flora identificada a trav\u00e9s del polen contenido en las mieles de esta zona, est\u00e1n compuestas de varias especies introducidas como por ejemplo el Diente de le\u00f3n o el Tr\u00e9bol blanco, como tambi\u00e9n el llamado \u00abyuyo\u00bb u otras plantas de uso forrajero. Finalmente, en la zona alrededor del Lago General Carrera las mieles son m\u00e1s bien poliflorales mixtas, esto es, con presencia de polen de plantas nativas (Neneo, Mait\u00e9n, Tineo) junto con plantas introducidas como el Tr\u00e9bol, Diente de le\u00f3n, Alfalfa, entre otros.<\/span><span class=\"v115\">\u00a0<\/span><\/p>\n<p class=\"v1MsoNormal\" style=\"text-align: justify;\" align=\"justify\"><span class=\"v115 v1ContentPasted0\">En cuanto a los apicultores y apicultoras que han donado un poco de la miel que producen sus abejas han estado muy entusiasmados con los resultados. Valoran el proyecto en el sentido que es una informaci\u00f3n que les aporta directamente a ellos. Saber las preferencias florales de sus colmenas les ha ayudado a descartar o reforzar sus propias intuiciones en cuanto a las plantas que visitan las abejas.<\/span><span class=\"v115\">\u00a0<\/span><\/p>\n<p class=\"v1MsoNormal\" style=\"text-align: justify;\" align=\"justify\"><span class=\"v115 v1ContentPasted0\">Para Cristina Benav<\/span><span class=\"v115 v1ContentPasted0\">ides Nielsen<\/span><span class=\"v115 v1ContentPasted0\">, campesina y apicultora de Bah\u00eda Murta, desde que escuch\u00f3 en la radio local sobre este proyecto le pareci\u00f3 muy interesante. \u00abPrincipalmente porque viene desde la ciencia, si bien uno lee o busca informaci\u00f3n, en esta zona hay muy pocas abejas por lo que toda informaci\u00f3n de la regi\u00f3n nos sirve para saber c\u00f3mo se comportan. Nosotros tenemos abejas porque somos campesinos y nos interesa nuestro ecosistema, nuestro lugar, criamos nuestros animales, cultivamos la tierra, tenemos huerto, frutales, bosque nativo y nos interesa que se complemente. Las abejas las utilizamos para polinizar y mejorar nuestro ecosistema y aumentar con ello el nivel de productividad del huerto\u00bb.<\/span><span class=\"v115\">\u00a0<\/span><\/p>\n<p class=\"v1MsoNormal\" style=\"text-align: justify;\" align=\"justify\"><span class=\"v115 v1ContentPasted0\">Valetina \u00c1lvarez, destaca \u00abEs evidente que zonas con mayor impacto en relaci\u00f3n con el uso del suelo, ya sea praderas con fines agr\u00edcolas o ganaderas influyen en la composici\u00f3n bot\u00e1nica de las mieles que se producen aleda\u00f1as a esas zonas, ya que es justamente en praderas donde vemos Tr\u00e9bol, Alfalfa o Diente de le\u00f3n, por ejemplo. Sin embargo, esto no es un factor negativo, al contrario. En mercados internacionales, este tipo de mieles es muy cotizada y al final, todo es cuesti\u00f3n de gustos\u00bb.<\/span><span class=\"v115\">\u00a0<\/span><\/p>\n<p class=\"v1MsoNormal\" style=\"text-align: justify;\" align=\"justify\"><span class=\"v115 v1ContentPasted0\">Sobre los efectos del cambio clim\u00e1tico en el rubro ap\u00edcola, \u00e9ste influye por una parte en las variaciones de estacionalidad de la floraci\u00f3n de las plantas, es decir, qu\u00e9 flores y cu\u00e1ndo estar\u00e1n disponibles para las abejas en determinados momentos de la temporada de primavera. Para la Dra. \u00c1lvarez \u00abesto ya se observa en muestras de mieles de distintos a\u00f1os de cosecha que hemos recibido de un mismo productor<\/span><span class=\"v115 v1ContentPasted0\">,<\/span><span class=\"v115 v1ContentPasted0\">\u00a0donde se observan cambios desde una miel polifloral a una monofloral o monofloral a bifloral. Por otro lado, el cambio clim\u00e1tico afecta los reg\u00edmenes de precipitaci\u00f3n y adem\u00e1s las temporadas de verano son mucho m\u00e1s secas que antes, siendo un factor clave en la ignici\u00f3n y expansi\u00f3n de incendios, afectando la vegetaci\u00f3n presente y por lo tanto, influyendo en la regeneraci\u00f3n o no de plantas con valor mel\u00edfero\u00bb.<\/span><span class=\"v115\">\u00a0<\/span><\/p>\n<p class=\"v1MsoNormal\" style=\"text-align: justify;\" align=\"justify\"><span class=\"v115\"><span class=\"v1ContentPasted0\" style=\"font-family: Calibri;\">\u00ab<\/span><\/span><span class=\"v115 v1ContentPasted0\">El estudio de Valentina demostr\u00f3 que la miel de nuestras abejas es de 66% de flor de Tineo. Si bien lo vemos con nuestros ojos y reflexionamos, la ciencia nos da certeza con respecto a las abejas que es s\u00faper interesante. Adem\u00e1s, a trav\u00e9s del polen podemos tener informaci\u00f3n de la flora que hab\u00eda hace miles de a\u00f1os atr\u00e1s y me pareci\u00f3 muy interesante, uno dice \u00bfc\u00f3mo a trav\u00e9s de la miel podemos tener informaci\u00f3n de la vegetaci\u00f3n que ten\u00edamos hace tiempo atr\u00e1s, si bien lo o\u00edmos en la historia es bonito saberlo a ciencia cierta y eso es el an\u00e1lisis que hace el CIEP y hace Valentina y que nos datos cient\u00edficos acerca de lo que hacemos\u00bb, agrega Cristina Benavides, beneficiaria del proyecto.<\/span><span class=\"v115\">\u00a0<\/span><\/p>\n<p class=\"v1MsoNormal\" style=\"text-align: justify;\" align=\"justify\"><span class=\"v115 v1ContentPasted0\">Hay flora que es dominante y caracter\u00edstica de ciertas zonas geogr\u00e1ficas y eso es el sello distintivo principal. Con estos resultados las y los apicultores ahora cuentan con la informaci\u00f3n precisa sobre el origen bot\u00e1nico de sus mieles y es un valor cualitativo y cuantitativo adicional a este producto proveniente de la Regi\u00f3n de Ays\u00e9n, Patagonia chilena.<\/span><span class=\"v115\">\u00a0<\/span><\/p>\n<\/div><\/section><\/div><div  style='height:50px' class='hr hr-invisible   avia-builder-el-6  el_after_av_one_full  el_before_av_social_share '><span class='hr-inner ' ><span class='hr-inner-style'><\/span><\/span><\/div><\/p>\n<div  class='av-social-sharing-box  avia-builder-el-7  el_after_av_hr  el_before_av_hr  '><div class='av-share-box'><h5 class='av-share-link-description av-no-toc '>Compartir esta noticia<\/h5><ul class='av-share-box-list noLightbox'><li class='av-share-link av-social-link-facebook' ><a target=\"_blank\" aria-label=\"Compartir en Facebook\" href='https:\/\/www.facebook.com\/sharer.php?u=https:\/\/radiorevelacionfm.cl\/?p=35357&#038;t=Cient%C3%ADfica%20de%20Ays%C3%A9n%20realiz%C3%B3%20proyecto%20para%20aportar%20valor%20a%20la%20apicultura' aria-hidden='false' data-av_icon='\ue8f3' data-av_iconfont='entypo-fontello' title='' data-avia-related-tooltip='Compartir en Facebook' rel=\"noopener\"><span class='avia_hidden_link_text'>Compartir en Facebook<\/span><\/a><\/li><li class='av-share-link av-social-link-twitter' ><a target=\"_blank\" aria-label=\"Compartir en Twitter\" href='https:\/\/twitter.com\/share?text=Cient%C3%ADfica%20de%20Ays%C3%A9n%20realiz%C3%B3%20proyecto%20para%20aportar%20valor%20a%20la%20apicultura&#038;url=https:\/\/radiorevelacionfm.cl\/?p=35357' aria-hidden='false' data-av_icon='\ue8f1' data-av_iconfont='entypo-fontello' title='' data-avia-related-tooltip='Compartir en Twitter' rel=\"noopener\"><span class='avia_hidden_link_text'>Compartir en Twitter<\/span><\/a><\/li><li class='av-share-link av-social-link-whatsapp' ><a target=\"_blank\" aria-label=\"Compartir en Whatsapp\" href='https:\/\/api.whatsapp.com\/send?text=https:\/\/radiorevelacionfm.cl\/?p=35357' aria-hidden='false' data-av_icon='\uf232' data-av_iconfont='entypo-fontello' title='' data-avia-related-tooltip='Compartir en Whatsapp' rel=\"noopener\"><span class='avia_hidden_link_text'>Compartir en Whatsapp<\/span><\/a><\/li><li class='av-share-link av-social-link-linkedin' ><a target=\"_blank\" aria-label=\"Compartir en LinkedIn\" href='https:\/\/linkedin.com\/shareArticle?mini=true&#038;title=Cient%C3%ADfica%20de%20Ays%C3%A9n%20realiz%C3%B3%20proyecto%20para%20aportar%20valor%20a%20la%20apicultura&#038;url=https:\/\/radiorevelacionfm.cl\/?p=35357' aria-hidden='false' data-av_icon='\ue8fc' data-av_iconfont='entypo-fontello' title='' data-avia-related-tooltip='Compartir en LinkedIn' rel=\"noopener\"><span class='avia_hidden_link_text'>Compartir en LinkedIn<\/span><\/a><\/li><li class='av-share-link av-social-link-mail' ><a  aria-label=\"Compartir por correo\" href='mailto:?subject=Cient%C3%ADfica%20de%20Ays%C3%A9n%20realiz%C3%B3%20proyecto%20para%20aportar%20valor%20a%20la%20apicultura&#038;body=https:\/\/radiorevelacionfm.cl\/?p=35357' aria-hidden='false' data-av_icon='\ue805' data-av_iconfont='entypo-fontello' title='' data-avia-related-tooltip='Compartir por correo'><span class='avia_hidden_link_text'>Compartir por correo<\/span><\/a><\/li><\/ul><\/div><\/div>\n<div  style='height:50px' class='hr hr-invisible   avia-builder-el-8  el_after_av_social_share  el_before_av_comments_list '><span class='hr-inner ' ><span class='hr-inner-style'><\/span><\/span><\/div>\n<div  class='av-buildercomment  av-blog-meta-html-info-disabled av-blog-meta-tag-disabled  '><\/div>\n","protected":false},"excerpt":{"rendered":"","protected":false},"author":1,"featured_media":35358,"comment_status":"open","ping_status":"open","sticky":false,"template":"","format":"standard","meta":{"footnotes":""},"categories":[38],"tags":[],"class_list":["post-35357","post","type-post","status-publish","format-standard","has-post-thumbnail","hentry","category-regional"],"jetpack_featured_media_url":"https:\/\/radiorevelacionfm.cl\/wp-content\/uploads\/2023\/09\/apicultura-2023-1.jpg","_links":{"self":[{"href":"https:\/\/radiorevelacionfm.cl\/index.php?rest_route=\/wp\/v2\/posts\/35357","targetHints":{"allow":["GET"]}}],"collection":[{"href":"https:\/\/radiorevelacionfm.cl\/index.php?rest_route=\/wp\/v2\/posts"}],"about":[{"href":"https:\/\/radiorevelacionfm.cl\/index.php?rest_route=\/wp\/v2\/types\/post"}],"author":[{"embeddable":true,"href":"https:\/\/radiorevelacionfm.cl\/index.php?rest_route=\/wp\/v2\/users\/1"}],"replies":[{"embeddable":true,"href":"https:\/\/radiorevelacionfm.cl\/index.php?rest_route=%2Fwp%2Fv2%2Fcomments&post=35357"}],"version-history":[{"count":1,"href":"https:\/\/radiorevelacionfm.cl\/index.php?rest_route=\/wp\/v2\/posts\/35357\/revisions"}],"predecessor-version":[{"id":35359,"href":"https:\/\/radiorevelacionfm.cl\/index.php?rest_route=\/wp\/v2\/posts\/35357\/revisions\/35359"}],"wp:featuredmedia":[{"embeddable":true,"href":"https:\/\/radiorevelacionfm.cl\/index.php?rest_route=\/wp\/v2\/media\/35358"}],"wp:attachment":[{"href":"https:\/\/radiorevelacionfm.cl\/index.php?rest_route=%2Fwp%2Fv2%2Fmedia&parent=35357"}],"wp:term":[{"taxonomy":"category","embeddable":true,"href":"https:\/\/radiorevelacionfm.cl\/index.php?rest_route=%2Fwp%2Fv2%2Fcategories&post=35357"},{"taxonomy":"post_tag","embeddable":true,"href":"https:\/\/radiorevelacionfm.cl\/index.php?rest_route=%2Fwp%2Fv2%2Ftags&post=35357"}],"curies":[{"name":"wp","href":"https:\/\/api.w.org\/{rel}","templated":true}]}}