{"id":35345,"date":"2023-09-27T11:49:55","date_gmt":"2023-09-27T14:49:55","guid":{"rendered":"https:\/\/radiorevelacionfm.cl\/?p=35345"},"modified":"2023-09-27T11:49:55","modified_gmt":"2023-09-27T14:49:55","slug":"mas-de-200-pacientes-en-lista-de-espera-seran-atendidos-en-operativo-de-especialistas-en-hospital-de-cochrane","status":"publish","type":"post","link":"https:\/\/radiorevelacionfm.cl\/?p=35345","title":{"rendered":"M\u00e1s de 200 pacientes en lista de espera ser\u00e1n atendidos en operativo de especialistas en Hospital de Cochrane"},"content":{"rendered":"<div class=\"flex_column av_one_full  flex_column_div av-zero-column-padding first  avia-builder-el-0  el_before_av_one_full  avia-builder-el-first  \" style='border-radius:0px; '><div  class='avia-image-container  av-styling-    avia-builder-el-1  avia-builder-el-no-sibling  avia-align-center '  itemprop=\"image\" itemscope=\"itemscope\" itemtype=\"https:\/\/schema.org\/ImageObject\"  ><div class='avia-image-container-inner'><div class='avia-image-overlay-wrap'><img decoding=\"async\" class='wp-image-35346 avia-img-lazy-loading-not-35346 avia_image' src=\"https:\/\/radiorevelacionfm.cl\/wp-content\/uploads\/2023\/09\/OP-COCHRANE-3-1-1.jpeg\" alt='' title='OP COCHRANE (3) (1) (1)' height=\"600\" width=\"800\"  itemprop=\"thumbnailUrl\" srcset=\"https:\/\/radiorevelacionfm.cl\/wp-content\/uploads\/2023\/09\/OP-COCHRANE-3-1-1.jpeg 800w, https:\/\/radiorevelacionfm.cl\/wp-content\/uploads\/2023\/09\/OP-COCHRANE-3-1-1-300x225.jpeg 300w, https:\/\/radiorevelacionfm.cl\/wp-content\/uploads\/2023\/09\/OP-COCHRANE-3-1-1-768x576.jpeg 768w, https:\/\/radiorevelacionfm.cl\/wp-content\/uploads\/2023\/09\/OP-COCHRANE-3-1-1-705x529.jpeg 705w, https:\/\/radiorevelacionfm.cl\/wp-content\/uploads\/2023\/09\/OP-COCHRANE-3-1-1-450x338.jpeg 450w, https:\/\/radiorevelacionfm.cl\/wp-content\/uploads\/2023\/09\/OP-COCHRANE-3-1-1-600x450.jpeg 600w\" sizes=\"(max-width: 800px) 100vw, 800px\" \/><\/div><\/div><\/div><\/div><div class=\"flex_column av_one_full  flex_column_div av-zero-column-padding first  avia-builder-el-2  el_after_av_one_full  el_before_av_one_full  column-top-margin\" style='border-radius:0px; '><section class=\"av_textblock_section \"  itemscope=\"itemscope\" itemtype=\"https:\/\/schema.org\/BlogPosting\" itemprop=\"blogPost\" ><div class='avia_textblock  '   itemprop=\"text\" ><p style=\"text-align: center;\"><span style=\"font-size: 18pt;\"><strong>M\u00e1s de 200 pacientes en lista de espera ser\u00e1n atendidos en operativo de especialistas en Hospital de Cochrane<\/strong><\/span><\/p>\n<div id=\"gtx-trans\" style=\"position: absolute; left: -50px; top: 4.31534px;\">\n<div class=\"gtx-trans-icon\"><\/div>\n<\/div>\n<\/div><\/section><\/div><div class=\"flex_column av_one_full  flex_column_div av-zero-column-padding first  avia-builder-el-4  el_after_av_one_full  el_before_av_hr  column-top-margin\" style='border-radius:0px; '><section class=\"av_textblock_section \"  itemscope=\"itemscope\" itemtype=\"https:\/\/schema.org\/BlogPosting\" itemprop=\"blogPost\" ><div class='avia_textblock  '   itemprop=\"text\" ><p class=\"v1MsoNormal\" style=\"text-align: justify;\">M\u00e1s de 200 pacientes que se encontraban en lista de espera de especialista, recibir\u00e1n atenci\u00f3n gratuita en el operativo de especialidades m\u00e9dicas realizado en el Hospital de Cochrane, recinto con cobertura en las provincias de Capit\u00e1n Prat y sur de General Carrera.<\/p>\n<p class=\"v1MsoNormal\" style=\"text-align: justify;\">Las y los usuarios se mostraron felices de poder acceder a atenciones sin la necesidad de desplazarse hacia Coyhaique.<\/p>\n<p class=\"v1MsoNormal\" style=\"text-align: justify;\">\u00abMuy contento con la visita de doctores y doctoras, as\u00ed no estamos tan abandonados los adultos mayores. Estamos muy agradecidos, porque nos cuesta mucho ir a Coyhaique, tengo artrosis de los huesos, estoy operado de una pierna y cuando llego all\u00e1 tienen que bajarme del bus\u00bb, se\u00f1al\u00f3 don Jos\u00e9 M\u00e1rquez, quien se atendi\u00f3 con ur\u00f3logo.<\/p>\n<p class=\"v1MsoNormal\" style=\"text-align: justify;\">Esta estrategia se concret\u00f3 tras varias reuniones entre los directivos del Servicio de Salud, Hospital de Cochrane y la comunidad, buscando generar oportunidades para acercar la atenci\u00f3n de especialidades m\u00e9dicas y odontol\u00f3gicas, tanto en consulta nueva, como controles, procedimientos y cirug\u00edas.<\/p>\n<p class=\"v1MsoNormal\" style=\"text-align: justify;\">La delegada provincial, Marta Montiel, destac\u00f3 el operativo explicando que \u00abno ha sido f\u00e1cil, es una tarea que parte hoy, esto viene a resolver las necesidades de nuestros vecinos y vecinas no solo de Cochrane, sino de la Provincia Capit\u00e1n Prat y el sur de General Carrera. Muy contentos por aquello. Cumplimos\u00bb.<\/p>\n<p class=\"v1MsoNormal\" style=\"text-align: justify;\">En esa misma l\u00ednea el Sub Director de Gesti\u00f3n Asistencial, doctor Rodrigo Verdugo, tambi\u00e9n agradeci\u00f3 a la comunidad, Consejo Consultivo, los alcaldes, la delegaci\u00f3n presidencial y a la direcci\u00f3n del hospital local por el esfuerzo mancomunado y la suma de voluntades.<\/p>\n<p class=\"v1MsoNormal\" style=\"text-align: justify;\">\u00abEstamos atendiendo urolog\u00eda, otorrinolaringolog\u00eda, cirug\u00eda infantil, medicina familiar y muchos ex\u00e1menes de tecn\u00f3logo m\u00e9dico de o\u00eddos y esto es el inicio de la presencia semanal de uno o dos especialistas cada semana en esta provincia. El pr\u00f3ximo mes continuamos con Cisnes y Chile Chico, queremos estar en toda la regi\u00f3n y acercar la atenci\u00f3n a la comunidad\u00bb.<\/p>\n<p class=\"v1MsoNormal\" style=\"text-align: justify;\">Con esto se proyecta disminuir los tiempos espera y la resoluci\u00f3n del 75% de la lista de espera de Garant\u00edas Expl\u00edcitas en Salud (GES) y no GES de especialidades m\u00e9dicas y odontol\u00f3gicas de los hospitales comunitarios de Cochrane, Chile Chico y Cisnes.<\/p>\n<p class=\"v1MsoNormal\" style=\"text-align: justify;\">\u00abAgradecemos la voluntad del Servicio de Salud Ays\u00e9n para escuchar las demandas de la comunidad de Cochrane. Esto es un tema de a\u00f1os que pedimos desde las localidades apartadas, mejorar la atenci\u00f3n en salud y esperamos con los doctores ac\u00e1 construir y con las autoridades un sistema que d\u00e9 cuenta de las demandas de la localidad, entendiendo que esta es una de las m\u00e1s aisladas del pa\u00eds\u00bb, agreg\u00f3 Claudio Manzur, presidente del consejo de desarrollo del Hospital de Cochrane.<\/p>\n<p class=\"v1MsoNormal\" style=\"text-align: justify;\">Por \u00faltimo, la directora del hospital de Cochrane, Miriam Navarrete, tambi\u00e9n tuvo palabras de agradecimiento para todos los equipos que montaron este operativo desde el Servicio de Salud hasta la propia comunidad y funcionarios y funcionarias del Hospital.<\/p>\n<p class=\"v1MsoNormal\" style=\"text-align: justify;\">\u00abAgradecer a todos quienes prepararon esto, los que hicieron posible que esta necesidad se pudiera concretar en una soluci\u00f3n real, para acercar a los especialistas a la comunidad de Cochrane, donde es tan dif\u00edcil acceder a la capital regional. La mejor palabra para definir mi sentir es gratitud\u00bb, finaliz\u00f3.<\/p>\n<p class=\"v1MsoNormal\" style=\"text-align: justify;\">Durante las pr\u00f3ximas semanas uno o dos especialistas atender\u00e1n semanalmente en el Hospital de Cochrane en \u00e1reas como implantolog\u00eda, traumatolog\u00eda, neurolog\u00eda adulta, endodoncia, cirug\u00eda m\u00e1xilofacial, entre otras y a fines de octubre la estrategia se replicar\u00e1 en hospitales de Puerto Cisnes y en noviembre Chile Chico.<\/p>\n<\/div><\/section><\/div><div  style='height:50px' class='hr hr-invisible   avia-builder-el-6  el_after_av_one_full  el_before_av_social_share '><span class='hr-inner ' ><span class='hr-inner-style'><\/span><\/span><\/div><\/p>\n<div  class='av-social-sharing-box  avia-builder-el-7  el_after_av_hr  el_before_av_hr  '><div class='av-share-box'><h5 class='av-share-link-description av-no-toc '>Compartir esta noticia<\/h5><ul class='av-share-box-list noLightbox'><li class='av-share-link av-social-link-facebook' ><a target=\"_blank\" aria-label=\"Compartir en Facebook\" href='https:\/\/www.facebook.com\/sharer.php?u=https:\/\/radiorevelacionfm.cl\/?p=35345&#038;t=M%C3%A1s%20de%20200%20pacientes%20en%20lista%20de%20espera%20ser%C3%A1n%20atendidos%20en%20operativo%20de%20especialistas%20en%20Hospital%20de%20Cochrane' aria-hidden='false' data-av_icon='\ue8f3' data-av_iconfont='entypo-fontello' title='' data-avia-related-tooltip='Compartir en Facebook' rel=\"noopener\"><span class='avia_hidden_link_text'>Compartir en Facebook<\/span><\/a><\/li><li class='av-share-link av-social-link-twitter' ><a target=\"_blank\" aria-label=\"Compartir en Twitter\" href='https:\/\/twitter.com\/share?text=M%C3%A1s%20de%20200%20pacientes%20en%20lista%20de%20espera%20ser%C3%A1n%20atendidos%20en%20operativo%20de%20especialistas%20en%20Hospital%20de%20Cochrane&#038;url=https:\/\/radiorevelacionfm.cl\/?p=35345' aria-hidden='false' data-av_icon='\ue8f1' data-av_iconfont='entypo-fontello' title='' data-avia-related-tooltip='Compartir en Twitter' rel=\"noopener\"><span class='avia_hidden_link_text'>Compartir en Twitter<\/span><\/a><\/li><li class='av-share-link av-social-link-whatsapp' ><a target=\"_blank\" aria-label=\"Compartir en Whatsapp\" href='https:\/\/api.whatsapp.com\/send?text=https:\/\/radiorevelacionfm.cl\/?p=35345' aria-hidden='false' data-av_icon='\uf232' data-av_iconfont='entypo-fontello' title='' data-avia-related-tooltip='Compartir en Whatsapp' rel=\"noopener\"><span class='avia_hidden_link_text'>Compartir en Whatsapp<\/span><\/a><\/li><li class='av-share-link av-social-link-linkedin' ><a target=\"_blank\" aria-label=\"Compartir en LinkedIn\" href='https:\/\/linkedin.com\/shareArticle?mini=true&#038;title=M%C3%A1s%20de%20200%20pacientes%20en%20lista%20de%20espera%20ser%C3%A1n%20atendidos%20en%20operativo%20de%20especialistas%20en%20Hospital%20de%20Cochrane&#038;url=https:\/\/radiorevelacionfm.cl\/?p=35345' aria-hidden='false' data-av_icon='\ue8fc' data-av_iconfont='entypo-fontello' title='' data-avia-related-tooltip='Compartir en LinkedIn' rel=\"noopener\"><span class='avia_hidden_link_text'>Compartir en LinkedIn<\/span><\/a><\/li><li class='av-share-link av-social-link-mail' ><a  aria-label=\"Compartir por correo\" href='mailto:?subject=M%C3%A1s%20de%20200%20pacientes%20en%20lista%20de%20espera%20ser%C3%A1n%20atendidos%20en%20operativo%20de%20especialistas%20en%20Hospital%20de%20Cochrane&#038;body=https:\/\/radiorevelacionfm.cl\/?p=35345' aria-hidden='false' data-av_icon='\ue805' data-av_iconfont='entypo-fontello' title='' data-avia-related-tooltip='Compartir por correo'><span class='avia_hidden_link_text'>Compartir por correo<\/span><\/a><\/li><\/ul><\/div><\/div>\n<div  style='height:50px' class='hr hr-invisible   avia-builder-el-8  el_after_av_social_share  el_before_av_comments_list '><span class='hr-inner ' ><span class='hr-inner-style'><\/span><\/span><\/div>\n<div  class='av-buildercomment  av-blog-meta-html-info-disabled av-blog-meta-tag-disabled  '><\/div>\n","protected":false},"excerpt":{"rendered":"","protected":false},"author":1,"featured_media":35346,"comment_status":"open","ping_status":"open","sticky":false,"template":"","format":"standard","meta":{"footnotes":""},"categories":[46],"tags":[],"class_list":["post-35345","post","type-post","status-publish","format-standard","has-post-thumbnail","hentry","category-salud"],"jetpack_featured_media_url":"https:\/\/radiorevelacionfm.cl\/wp-content\/uploads\/2023\/09\/OP-COCHRANE-3-1-1.jpeg","_links":{"self":[{"href":"https:\/\/radiorevelacionfm.cl\/index.php?rest_route=\/wp\/v2\/posts\/35345","targetHints":{"allow":["GET"]}}],"collection":[{"href":"https:\/\/radiorevelacionfm.cl\/index.php?rest_route=\/wp\/v2\/posts"}],"about":[{"href":"https:\/\/radiorevelacionfm.cl\/index.php?rest_route=\/wp\/v2\/types\/post"}],"author":[{"embeddable":true,"href":"https:\/\/radiorevelacionfm.cl\/index.php?rest_route=\/wp\/v2\/users\/1"}],"replies":[{"embeddable":true,"href":"https:\/\/radiorevelacionfm.cl\/index.php?rest_route=%2Fwp%2Fv2%2Fcomments&post=35345"}],"version-history":[{"count":1,"href":"https:\/\/radiorevelacionfm.cl\/index.php?rest_route=\/wp\/v2\/posts\/35345\/revisions"}],"predecessor-version":[{"id":35347,"href":"https:\/\/radiorevelacionfm.cl\/index.php?rest_route=\/wp\/v2\/posts\/35345\/revisions\/35347"}],"wp:featuredmedia":[{"embeddable":true,"href":"https:\/\/radiorevelacionfm.cl\/index.php?rest_route=\/wp\/v2\/media\/35346"}],"wp:attachment":[{"href":"https:\/\/radiorevelacionfm.cl\/index.php?rest_route=%2Fwp%2Fv2%2Fmedia&parent=35345"}],"wp:term":[{"taxonomy":"category","embeddable":true,"href":"https:\/\/radiorevelacionfm.cl\/index.php?rest_route=%2Fwp%2Fv2%2Fcategories&post=35345"},{"taxonomy":"post_tag","embeddable":true,"href":"https:\/\/radiorevelacionfm.cl\/index.php?rest_route=%2Fwp%2Fv2%2Ftags&post=35345"}],"curies":[{"name":"wp","href":"https:\/\/api.w.org\/{rel}","templated":true}]}}