{"id":35343,"date":"2023-09-27T18:15:35","date_gmt":"2023-09-27T21:15:35","guid":{"rendered":"https:\/\/radiorevelacionfm.cl\/?p=35343"},"modified":"2023-09-27T18:15:35","modified_gmt":"2023-09-27T21:15:35","slug":"ultimos-dias-para-participar-en-el-congreso-pedagogico-y-curricular","status":"publish","type":"post","link":"https:\/\/radiorevelacionfm.cl\/?p=35343","title":{"rendered":"\u00a1\u00daltimos d\u00edas para participar en el Congreso Pedag\u00f3gico y Curricular!"},"content":{"rendered":"<div class=\"flex_column av_one_full  flex_column_div av-zero-column-padding first  avia-builder-el-0  el_before_av_one_full  avia-builder-el-first  \" style='border-radius:0px; '><div  class='avia-image-container  av-styling-    avia-builder-el-1  avia-builder-el-no-sibling  avia-align-center '  itemprop=\"image\" itemscope=\"itemscope\" itemtype=\"https:\/\/schema.org\/ImageObject\"  ><div class='avia-image-container-inner'><div class='avia-image-overlay-wrap'><img decoding=\"async\" class='wp-image-35031 avia-img-lazy-loading-not-35031 avia_image' src=\"https:\/\/radiorevelacionfm.cl\/wp-content\/uploads\/2023\/09\/img_2498-1_optimized.jpg\" alt='' title='img_2498-(1)_optimized' height=\"600\" width=\"800\"  itemprop=\"thumbnailUrl\" srcset=\"https:\/\/radiorevelacionfm.cl\/wp-content\/uploads\/2023\/09\/img_2498-1_optimized.jpg 800w, https:\/\/radiorevelacionfm.cl\/wp-content\/uploads\/2023\/09\/img_2498-1_optimized-300x225.jpg 300w, https:\/\/radiorevelacionfm.cl\/wp-content\/uploads\/2023\/09\/img_2498-1_optimized-768x576.jpg 768w, https:\/\/radiorevelacionfm.cl\/wp-content\/uploads\/2023\/09\/img_2498-1_optimized-705x529.jpg 705w, https:\/\/radiorevelacionfm.cl\/wp-content\/uploads\/2023\/09\/img_2498-1_optimized-450x338.jpg 450w, https:\/\/radiorevelacionfm.cl\/wp-content\/uploads\/2023\/09\/img_2498-1_optimized-600x450.jpg 600w\" sizes=\"(max-width: 800px) 100vw, 800px\" \/><\/div><\/div><\/div><\/div>\n<div class=\"flex_column av_one_full  flex_column_div av-zero-column-padding first  avia-builder-el-2  el_after_av_one_full  el_before_av_one_full  column-top-margin\" style='border-radius:0px; '><section class=\"av_textblock_section \"  itemscope=\"itemscope\" itemtype=\"https:\/\/schema.org\/BlogPosting\" itemprop=\"blogPost\" ><div class='avia_textblock  '   itemprop=\"text\" ><h1 style=\"text-align: center;\" align=\"center\"><span style=\"font-size: 18pt;\"><b><span lang=\"ES\">\u00a1\u00daltimos d\u00edas para participar en el Congreso Pedag\u00f3gico y Curricular!<\/span><\/b><\/span><\/h1>\n<div id=\"gtx-trans\" style=\"position: absolute; left: -50px; top: 4.31534px;\">\n<div class=\"gtx-trans-icon\"><\/div>\n<\/div>\n<\/div><\/section><\/div>\n<div class=\"flex_column av_one_full  flex_column_div av-zero-column-padding first  avia-builder-el-4  el_after_av_one_full  el_before_av_hr  column-top-margin\" style='border-radius:0px; '><section class=\"av_textblock_section \"  itemscope=\"itemscope\" itemtype=\"https:\/\/schema.org\/BlogPosting\" itemprop=\"blogPost\" ><div class='avia_textblock  '   itemprop=\"text\" ><p class=\"v1MsoNormal\" style=\"text-align: justify;\"><span lang=\"ES\">La Seremi de Educaci\u00f3n de Ays\u00e9n Isabel Garrido hizo un llamado a sumarse al hito nacional que entregar\u00e1 los insumos bases para el desarrollo de la actualizaci\u00f3n del curr\u00edculum nacional de 1\u00b0 b\u00e1sico a II medio. Todos los integrantes de las comunidades educativas y la ciudadan\u00eda en general pueden participar.<\/span><\/p>\n<p class=\"v1MsoNormal\" style=\"text-align: justify;\"><span lang=\"ES\">El \u00abCongreso Pedag\u00f3gico y Curricular: La Educaci\u00f3n es el tema\u00bb se encuentra en su fase final de participaci\u00f3n. Hasta el 30 de septiembre las comunidades educativas y los organismos de la sociedad civil que organizaron encuentros pueden cargar sus actas en\u00a0<a href=\"https:\/\/congresopedagogico.mineduc.cl\/\" target=\"_blank\" rel=\"noopener noreferrer\">https:\/\/congresopedagogico.mineduc.cl\/.<\/a>\u00a0Las personas que decidan participar de manera independiente tambi\u00e9n podr\u00e1n responder la consulta individual disponible en la misma p\u00e1gina web.<\/span><\/p>\n<p class=\"v1MsoNormal\" style=\"text-align: justify;\"><span lang=\"ES\">\u201cEste hito participativo es promovido por el Ministerio de Educaci\u00f3n junto a la oficina Regional de Educaci\u00f3n para Am\u00e9rica Latina y el Caribe (OREALC\/UNESCO Santiago) con la finalidad de promover la participaci\u00f3n ciudadana como mecanismo fundamental en la construcci\u00f3n de pol\u00edticas p\u00fablicas. De esta manera, las personas pueden entregar su opini\u00f3n sobre qu\u00e9, c\u00f3mo, cu\u00e1ndo y d\u00f3nde aprender, reflexiones que nutrir\u00e1n la pol\u00edtica curricular que formar\u00e1 a las futuras generaciones\u201d.<\/span><\/p>\n<p class=\"v1MsoNormal\" style=\"text-align: justify;\"><span lang=\"ES\">La iniciativa ha sido recibida de manera positiva por parte de las comunidades educativas de todo el pa\u00eds. Desde el comienzo del mes de agosto hasta la actualidad, m\u00e1s de 5 mil comunidades educativas han organizado jornadas de di\u00e1logo gracias a las cuales se ha contabilizado una participaci\u00f3n superior a las 540 mil personas a nivel nacional.\u00a0<\/span><\/p>\n<p class=\"v1MsoNormal\" style=\"text-align: justify;\"><b><span lang=\"ES\">\u00bfC\u00f3mo preparar un encuentro?<\/span><\/b><\/p>\n<p class=\"v1MsoNormal\" style=\"text-align: justify;\"><span lang=\"ES\">Las comunidades educativas y la ciudadan\u00eda podr\u00e1n participar a trav\u00e9s de grupos de conversaci\u00f3n que se autoconvocar\u00e1n o se realizar\u00e1n en cada escuela, liceo o jard\u00edn infantil hasta fines de septiembre. En estas instancias el rol del facilitador o facilitadora ser\u00e1 muy importante, ya que ser\u00e1 la persona encargada de guiar el encuentro y registrar\u00e1 la informaci\u00f3n que emane del espacio de conversaci\u00f3n. En la web oficial del congreso se pueden descargar las gu\u00edas de apoyo, material creado para orientar a quienes quieran participar.<\/span><\/p>\n<p class=\"v1MsoNormal\" style=\"text-align: justify;\"><b><span lang=\"ES\">\u00bfC\u00f3mo cargar la informaci\u00f3n?<\/span><\/b><\/p>\n<p class=\"v1MsoNormal\" style=\"text-align: justify;\"><span lang=\"ES\">La carga de actas en la p\u00e1gina web es el cierre del proceso y un requisito obligatorio para la participaci\u00f3n exitosa en el Congreso Pedag\u00f3gico y Curricular. Para ello, las personas que fueron designadas como facilitadoras deben ingresar a\u00a0<a href=\"https:\/\/congresopedagogico.mineduc.cl\/\" target=\"_blank\" rel=\"noopener noreferrer\">https:\/\/congresopedagogico.mineduc.cl<\/a>\u00a0y seleccionar el enlace que corresponda (comunidades educativas o sociedad civil).<\/span><\/p>\n<p class=\"v1MsoNormal\" style=\"text-align: justify;\"><span lang=\"ES\">Luego, deben completar los tres campos identificatorios: caracterizaci\u00f3n de usuario, caracterizaci\u00f3n del establecimiento educativo u organismo de la sociedad civil y caracterizaci\u00f3n del grupo (acta con acuerdos y disensos). El proceso finaliza de manera exitosa cuando se recibe el mensaje de agradecimiento por tu participaci\u00f3n. No olvides notificar a tu grupo cuando hayas finalizado el registro.<\/span><\/p>\n<p class=\"v1MsoNormal\" style=\"text-align: justify;\"><span lang=\"ES\">\u00a1No te quedes fuera! Tienes hasta el 30 de septiembre para participar.<\/span><\/p>\n<p class=\"v1MsoNormal\" style=\"text-align: justify;\"><span lang=\"ES\">M\u00e1s informaci\u00f3n en\u00a0<a href=\"https:\/\/congresopedagogico.mineduc.cl\/\" target=\"_blank\" rel=\"noopener noreferrer\"><b>https:\/\/congresopedagogico.mineduc.cl<\/b><\/a><\/span><\/p>\n<p class=\"v1MsoNormal\" style=\"text-align: justify;\"><span lang=\"ES\">\u00a0<\/span><\/p>\n<\/div><\/section><\/div><div  style='height:50px' class='hr hr-invisible   avia-builder-el-6  el_after_av_one_full  el_before_av_social_share '><span class='hr-inner ' ><span class='hr-inner-style'><\/span><\/span><\/div><\/p>\n<div  class='av-social-sharing-box  avia-builder-el-7  el_after_av_hr  el_before_av_hr  '><div class='av-share-box'><h5 class='av-share-link-description av-no-toc '>Compartir esta noticia<\/h5><ul class='av-share-box-list noLightbox'><li class='av-share-link av-social-link-facebook' ><a target=\"_blank\" aria-label=\"Compartir en Facebook\" href='https:\/\/www.facebook.com\/sharer.php?u=https:\/\/radiorevelacionfm.cl\/?p=35343&#038;t=%C2%A1%C3%9Altimos%20d%C3%ADas%20para%20participar%20en%20el%20Congreso%20Pedag%C3%B3gico%20y%20Curricular%21' aria-hidden='false' data-av_icon='\ue8f3' data-av_iconfont='entypo-fontello' title='' data-avia-related-tooltip='Compartir en Facebook' rel=\"noopener\"><span class='avia_hidden_link_text'>Compartir en Facebook<\/span><\/a><\/li><li class='av-share-link av-social-link-twitter' ><a target=\"_blank\" aria-label=\"Compartir en Twitter\" href='https:\/\/twitter.com\/share?text=%C2%A1%C3%9Altimos%20d%C3%ADas%20para%20participar%20en%20el%20Congreso%20Pedag%C3%B3gico%20y%20Curricular%21&#038;url=https:\/\/radiorevelacionfm.cl\/?p=35343' aria-hidden='false' data-av_icon='\ue8f1' data-av_iconfont='entypo-fontello' title='' data-avia-related-tooltip='Compartir en Twitter' rel=\"noopener\"><span class='avia_hidden_link_text'>Compartir en Twitter<\/span><\/a><\/li><li class='av-share-link av-social-link-whatsapp' ><a target=\"_blank\" aria-label=\"Compartir en Whatsapp\" href='https:\/\/api.whatsapp.com\/send?text=https:\/\/radiorevelacionfm.cl\/?p=35343' aria-hidden='false' data-av_icon='\uf232' data-av_iconfont='entypo-fontello' title='' data-avia-related-tooltip='Compartir en Whatsapp' rel=\"noopener\"><span class='avia_hidden_link_text'>Compartir en Whatsapp<\/span><\/a><\/li><li class='av-share-link av-social-link-linkedin' ><a target=\"_blank\" aria-label=\"Compartir en LinkedIn\" href='https:\/\/linkedin.com\/shareArticle?mini=true&#038;title=%C2%A1%C3%9Altimos%20d%C3%ADas%20para%20participar%20en%20el%20Congreso%20Pedag%C3%B3gico%20y%20Curricular%21&#038;url=https:\/\/radiorevelacionfm.cl\/?p=35343' aria-hidden='false' data-av_icon='\ue8fc' data-av_iconfont='entypo-fontello' title='' data-avia-related-tooltip='Compartir en LinkedIn' rel=\"noopener\"><span class='avia_hidden_link_text'>Compartir en LinkedIn<\/span><\/a><\/li><li class='av-share-link av-social-link-mail' ><a  aria-label=\"Compartir por correo\" href='mailto:?subject=%C2%A1%C3%9Altimos%20d%C3%ADas%20para%20participar%20en%20el%20Congreso%20Pedag%C3%B3gico%20y%20Curricular%21&#038;body=https:\/\/radiorevelacionfm.cl\/?p=35343' aria-hidden='false' data-av_icon='\ue805' data-av_iconfont='entypo-fontello' title='' data-avia-related-tooltip='Compartir por correo'><span class='avia_hidden_link_text'>Compartir por correo<\/span><\/a><\/li><\/ul><\/div><\/div>\n<div  style='height:50px' class='hr hr-invisible   avia-builder-el-8  el_after_av_social_share  el_before_av_comments_list '><span class='hr-inner ' ><span class='hr-inner-style'><\/span><\/span><\/div>\n<div  class='av-buildercomment  av-blog-meta-html-info-disabled av-blog-meta-tag-disabled  '><\/div>\n","protected":false},"excerpt":{"rendered":"","protected":false},"author":1,"featured_media":35031,"comment_status":"open","ping_status":"open","sticky":false,"template":"","format":"standard","meta":{"footnotes":""},"categories":[49],"tags":[],"class_list":["post-35343","post","type-post","status-publish","format-standard","has-post-thumbnail","hentry","category-educacion"],"jetpack_featured_media_url":"https:\/\/radiorevelacionfm.cl\/wp-content\/uploads\/2023\/09\/img_2498-1_optimized.jpg","_links":{"self":[{"href":"https:\/\/radiorevelacionfm.cl\/index.php?rest_route=\/wp\/v2\/posts\/35343","targetHints":{"allow":["GET"]}}],"collection":[{"href":"https:\/\/radiorevelacionfm.cl\/index.php?rest_route=\/wp\/v2\/posts"}],"about":[{"href":"https:\/\/radiorevelacionfm.cl\/index.php?rest_route=\/wp\/v2\/types\/post"}],"author":[{"embeddable":true,"href":"https:\/\/radiorevelacionfm.cl\/index.php?rest_route=\/wp\/v2\/users\/1"}],"replies":[{"embeddable":true,"href":"https:\/\/radiorevelacionfm.cl\/index.php?rest_route=%2Fwp%2Fv2%2Fcomments&post=35343"}],"version-history":[{"count":2,"href":"https:\/\/radiorevelacionfm.cl\/index.php?rest_route=\/wp\/v2\/posts\/35343\/revisions"}],"predecessor-version":[{"id":35376,"href":"https:\/\/radiorevelacionfm.cl\/index.php?rest_route=\/wp\/v2\/posts\/35343\/revisions\/35376"}],"wp:featuredmedia":[{"embeddable":true,"href":"https:\/\/radiorevelacionfm.cl\/index.php?rest_route=\/wp\/v2\/media\/35031"}],"wp:attachment":[{"href":"https:\/\/radiorevelacionfm.cl\/index.php?rest_route=%2Fwp%2Fv2%2Fmedia&parent=35343"}],"wp:term":[{"taxonomy":"category","embeddable":true,"href":"https:\/\/radiorevelacionfm.cl\/index.php?rest_route=%2Fwp%2Fv2%2Fcategories&post=35343"},{"taxonomy":"post_tag","embeddable":true,"href":"https:\/\/radiorevelacionfm.cl\/index.php?rest_route=%2Fwp%2Fv2%2Ftags&post=35343"}],"curies":[{"name":"wp","href":"https:\/\/api.w.org\/{rel}","templated":true}]}}