{"id":35340,"date":"2023-09-27T11:01:26","date_gmt":"2023-09-27T14:01:26","guid":{"rendered":"https:\/\/radiorevelacionfm.cl\/?p=35340"},"modified":"2023-09-27T11:01:26","modified_gmt":"2023-09-27T14:01:26","slug":"raphael-oficia-a-ministra-de-la-mujer-por-incumplimientos-en-la-ley-de-pago-efectivo-de-pensiones-de-alimentos","status":"publish","type":"post","link":"https:\/\/radiorevelacionfm.cl\/?p=35340","title":{"rendered":"Raphael oficia a ministra de la Mujer por incumplimientos en la Ley de pago efectivo de pensiones de alimentos"},"content":{"rendered":"<div class=\"flex_column av_one_full  flex_column_div av-zero-column-padding first  avia-builder-el-0  el_before_av_one_full  avia-builder-el-first  \" style='border-radius:0px; '><div  class='avia-image-container  av-styling-    avia-builder-el-1  avia-builder-el-no-sibling  avia-align-center '  itemprop=\"image\" itemscope=\"itemscope\" itemtype=\"https:\/\/schema.org\/ImageObject\"  ><div class='avia-image-container-inner'><div class='avia-image-overlay-wrap'><img decoding=\"async\" class='wp-image-35341 avia-img-lazy-loading-not-35341 avia_image' src=\"https:\/\/radiorevelacionfm.cl\/wp-content\/uploads\/2023\/09\/Marcia-Rapahel-2023-09-26-at-15.37.08-1-1.jpeg\" alt='' title='Marcia Rapahel 2023-09-26 at 15.37.08 (1) (1)' height=\"600\" width=\"900\"  itemprop=\"thumbnailUrl\" srcset=\"https:\/\/radiorevelacionfm.cl\/wp-content\/uploads\/2023\/09\/Marcia-Rapahel-2023-09-26-at-15.37.08-1-1.jpeg 900w, https:\/\/radiorevelacionfm.cl\/wp-content\/uploads\/2023\/09\/Marcia-Rapahel-2023-09-26-at-15.37.08-1-1-300x200.jpeg 300w, https:\/\/radiorevelacionfm.cl\/wp-content\/uploads\/2023\/09\/Marcia-Rapahel-2023-09-26-at-15.37.08-1-1-768x512.jpeg 768w, https:\/\/radiorevelacionfm.cl\/wp-content\/uploads\/2023\/09\/Marcia-Rapahel-2023-09-26-at-15.37.08-1-1-705x470.jpeg 705w, https:\/\/radiorevelacionfm.cl\/wp-content\/uploads\/2023\/09\/Marcia-Rapahel-2023-09-26-at-15.37.08-1-1-450x300.jpeg 450w, https:\/\/radiorevelacionfm.cl\/wp-content\/uploads\/2023\/09\/Marcia-Rapahel-2023-09-26-at-15.37.08-1-1-600x400.jpeg 600w\" sizes=\"(max-width: 900px) 100vw, 900px\" \/><\/div><\/div><\/div><\/div><div class=\"flex_column av_one_full  flex_column_div av-zero-column-padding first  avia-builder-el-2  el_after_av_one_full  el_before_av_one_full  column-top-margin\" style='border-radius:0px; '><section class=\"av_textblock_section \"  itemscope=\"itemscope\" itemtype=\"https:\/\/schema.org\/BlogPosting\" itemprop=\"blogPost\" ><div class='avia_textblock  '   itemprop=\"text\" ><p style=\"text-align: center;\"><span style=\"font-size: 18pt;\"><strong>Raphael oficia a ministra de la Mujer por incumplimientos en la Ley de pago efectivo de pensiones de alimentos<\/strong><\/span><\/p>\n<div id=\"gtx-trans\" style=\"position: absolute; left: -50px; top: 4.31534px;\">\n<div class=\"gtx-trans-icon\"><\/div>\n<\/div>\n<\/div><\/section><\/div><div class=\"flex_column av_one_full  flex_column_div av-zero-column-padding first  avia-builder-el-4  el_after_av_one_full  el_before_av_hr  column-top-margin\" style='border-radius:0px; '><section class=\"av_textblock_section \"  itemscope=\"itemscope\" itemtype=\"https:\/\/schema.org\/BlogPosting\" itemprop=\"blogPost\" ><div class='avia_textblock  '   itemprop=\"text\" ><p style=\"text-align: justify;\">La diputada por la regi\u00f3n de Ays\u00e9n Marcia Raphael ha expresado su preocupaci\u00f3n, debido al incumplimiento de la Ley 21.389 de responsabilidad parental y pago efectivo de deudas de pensiones de alimentos. Dicha Ley entr\u00f3 en vigor el pasado 20 de mayo y tiene como objetivo principal, dotar al Estado de herramientas necesarias con el fin de poder perseguir el patrimonio de deudores de pensiones de alimentos, que seg\u00fan el Registro de Deudores de Pensiones de alimentos a la fecha alcanza a m\u00e1s de 80.000 personas, en donde el 97% corresponde a hombres.<\/p>\n<p style=\"text-align: justify;\">La diputada ha se\u00f1alado que dicha Ley ya presenta inconvenientes en relaci\u00f3n con el cumplimiento de los plazos establecidos, lo que incide negativamente en los derechos de los ni\u00f1os, ni\u00f1as y adolescentes.\u00a0 Lo anterior, es que la Ley da un plazo de 15 d\u00edas cuando los Tribunales de Justicia notifican a las Instituciones Financieras para realizar el pago.<\/p>\n<p style=\"text-align: justify;\">\u201cEsta ley de pago efectivo de pensiones de alimentos es una esperanza para miles de mujeres de nuestro pa\u00eds, que han criado solas a sus hijos y que les deben incluso millones en pensiones de alimentos. Hemos recibido denuncias de mujeres que nos han se\u00f1alado que los plazos de esta legislaci\u00f3n no est\u00e1n siendo cumplidos, lo que me parece una falta de respeto y empat\u00eda hacia las mujeres que han llevado a cabo la crianza de sus hijos totalmente solas y sin ayuda econ\u00f3mica y de contenci\u00f3n de ning\u00fan tipo\u201d.<\/p>\n<p style=\"text-align: justify;\">La \u00fanica diputada por la regi\u00f3n de Ays\u00e9n, ha oficiado al Ministerio de la Mujer y Equidad de G\u00e9nero, con el fin de poder tener datos sobre el cumplimiento de la Ley a 4 meses de su implementaci\u00f3n y sobre si los plazos han sido cumplidos por los Tribunales e Instituciones Financieras.<\/p>\n<p style=\"text-align: justify;\">\u201cHemos oficiado a la ministra de la Mujer, con el fin de poder tener datos concretos sobre como ha funcionado la ley del pago efectivo de pensiones de alimentos y si tienen considerados recursos adicionales para que los Tribunales puedan tener un mejor sistema de cruce de informaci\u00f3n y as\u00ed respetar los plazos establecidos por Ley. \u00a0Como diputada una de las prioridades siempre ser\u00e1 poder contribuir en la corresponsabilidad parental y en crear mecanismos efectivos que permitan el pago de pensiones de alimentos\u201d. Sentenci\u00f3 Raphael.<\/p>\n<\/div><\/section><\/div><div  style='height:50px' class='hr hr-invisible   avia-builder-el-6  el_after_av_one_full  el_before_av_social_share '><span class='hr-inner ' ><span class='hr-inner-style'><\/span><\/span><\/div><\/p>\n<div  class='av-social-sharing-box  avia-builder-el-7  el_after_av_hr  el_before_av_hr  '><div class='av-share-box'><h5 class='av-share-link-description av-no-toc '>Compartir esta noticia<\/h5><ul class='av-share-box-list noLightbox'><li class='av-share-link av-social-link-facebook' ><a target=\"_blank\" aria-label=\"Compartir en Facebook\" href='https:\/\/www.facebook.com\/sharer.php?u=https:\/\/radiorevelacionfm.cl\/?p=35340&#038;t=Raphael%20oficia%20a%20ministra%20de%20la%20Mujer%20por%20incumplimientos%20en%20la%20Ley%20de%20pago%20efectivo%20de%20pensiones%20de%20alimentos' aria-hidden='false' data-av_icon='\ue8f3' data-av_iconfont='entypo-fontello' title='' data-avia-related-tooltip='Compartir en Facebook' rel=\"noopener\"><span class='avia_hidden_link_text'>Compartir en Facebook<\/span><\/a><\/li><li class='av-share-link av-social-link-twitter' ><a target=\"_blank\" aria-label=\"Compartir en Twitter\" href='https:\/\/twitter.com\/share?text=Raphael%20oficia%20a%20ministra%20de%20la%20Mujer%20por%20incumplimientos%20en%20la%20Ley%20de%20pago%20efectivo%20de%20pensiones%20de%20alimentos&#038;url=https:\/\/radiorevelacionfm.cl\/?p=35340' aria-hidden='false' data-av_icon='\ue8f1' data-av_iconfont='entypo-fontello' title='' data-avia-related-tooltip='Compartir en Twitter' rel=\"noopener\"><span class='avia_hidden_link_text'>Compartir en Twitter<\/span><\/a><\/li><li class='av-share-link av-social-link-whatsapp' ><a target=\"_blank\" aria-label=\"Compartir en Whatsapp\" href='https:\/\/api.whatsapp.com\/send?text=https:\/\/radiorevelacionfm.cl\/?p=35340' aria-hidden='false' data-av_icon='\uf232' data-av_iconfont='entypo-fontello' title='' data-avia-related-tooltip='Compartir en Whatsapp' rel=\"noopener\"><span class='avia_hidden_link_text'>Compartir en Whatsapp<\/span><\/a><\/li><li class='av-share-link av-social-link-linkedin' ><a target=\"_blank\" aria-label=\"Compartir en LinkedIn\" href='https:\/\/linkedin.com\/shareArticle?mini=true&#038;title=Raphael%20oficia%20a%20ministra%20de%20la%20Mujer%20por%20incumplimientos%20en%20la%20Ley%20de%20pago%20efectivo%20de%20pensiones%20de%20alimentos&#038;url=https:\/\/radiorevelacionfm.cl\/?p=35340' aria-hidden='false' data-av_icon='\ue8fc' data-av_iconfont='entypo-fontello' title='' data-avia-related-tooltip='Compartir en LinkedIn' rel=\"noopener\"><span class='avia_hidden_link_text'>Compartir en LinkedIn<\/span><\/a><\/li><li class='av-share-link av-social-link-mail' ><a  aria-label=\"Compartir por correo\" href='mailto:?subject=Raphael%20oficia%20a%20ministra%20de%20la%20Mujer%20por%20incumplimientos%20en%20la%20Ley%20de%20pago%20efectivo%20de%20pensiones%20de%20alimentos&#038;body=https:\/\/radiorevelacionfm.cl\/?p=35340' aria-hidden='false' data-av_icon='\ue805' data-av_iconfont='entypo-fontello' title='' data-avia-related-tooltip='Compartir por correo'><span class='avia_hidden_link_text'>Compartir por correo<\/span><\/a><\/li><\/ul><\/div><\/div>\n<div  style='height:50px' class='hr hr-invisible   avia-builder-el-8  el_after_av_social_share  el_before_av_comments_list '><span class='hr-inner ' ><span class='hr-inner-style'><\/span><\/span><\/div>\n<div  class='av-buildercomment  av-blog-meta-html-info-disabled av-blog-meta-tag-disabled  '><\/div>\n","protected":false},"excerpt":{"rendered":"","protected":false},"author":1,"featured_media":35341,"comment_status":"open","ping_status":"open","sticky":false,"template":"","format":"standard","meta":{"footnotes":""},"categories":[35],"tags":[],"class_list":["post-35340","post","type-post","status-publish","format-standard","has-post-thumbnail","hentry","category-politica"],"jetpack_featured_media_url":"https:\/\/radiorevelacionfm.cl\/wp-content\/uploads\/2023\/09\/Marcia-Rapahel-2023-09-26-at-15.37.08-1-1.jpeg","_links":{"self":[{"href":"https:\/\/radiorevelacionfm.cl\/index.php?rest_route=\/wp\/v2\/posts\/35340","targetHints":{"allow":["GET"]}}],"collection":[{"href":"https:\/\/radiorevelacionfm.cl\/index.php?rest_route=\/wp\/v2\/posts"}],"about":[{"href":"https:\/\/radiorevelacionfm.cl\/index.php?rest_route=\/wp\/v2\/types\/post"}],"author":[{"embeddable":true,"href":"https:\/\/radiorevelacionfm.cl\/index.php?rest_route=\/wp\/v2\/users\/1"}],"replies":[{"embeddable":true,"href":"https:\/\/radiorevelacionfm.cl\/index.php?rest_route=%2Fwp%2Fv2%2Fcomments&post=35340"}],"version-history":[{"count":1,"href":"https:\/\/radiorevelacionfm.cl\/index.php?rest_route=\/wp\/v2\/posts\/35340\/revisions"}],"predecessor-version":[{"id":35342,"href":"https:\/\/radiorevelacionfm.cl\/index.php?rest_route=\/wp\/v2\/posts\/35340\/revisions\/35342"}],"wp:featuredmedia":[{"embeddable":true,"href":"https:\/\/radiorevelacionfm.cl\/index.php?rest_route=\/wp\/v2\/media\/35341"}],"wp:attachment":[{"href":"https:\/\/radiorevelacionfm.cl\/index.php?rest_route=%2Fwp%2Fv2%2Fmedia&parent=35340"}],"wp:term":[{"taxonomy":"category","embeddable":true,"href":"https:\/\/radiorevelacionfm.cl\/index.php?rest_route=%2Fwp%2Fv2%2Fcategories&post=35340"},{"taxonomy":"post_tag","embeddable":true,"href":"https:\/\/radiorevelacionfm.cl\/index.php?rest_route=%2Fwp%2Fv2%2Ftags&post=35340"}],"curies":[{"name":"wp","href":"https:\/\/api.w.org\/{rel}","templated":true}]}}