{"id":3534,"date":"2021-04-26T19:02:52","date_gmt":"2021-04-26T22:02:52","guid":{"rendered":"https:\/\/radiorevelacionfm.cl\/?p=3534"},"modified":"2021-04-26T19:02:52","modified_gmt":"2021-04-26T22:02:52","slug":"mas-de-80-toneladas-de-fierros-y-hojalatas-obtienen-un-nuevo-destino-tras-iniciativa-de-reciclaje-en-aysen","status":"publish","type":"post","link":"https:\/\/radiorevelacionfm.cl\/?p=3534","title":{"rendered":"M\u00e1s de 80 toneladas de fierros y hojalatas obtienen un nuevo destino tras iniciativa de reciclaje en Ays\u00e9n"},"content":{"rendered":"<div class=\"flex_column av_one_full  flex_column_div av-zero-column-padding first  avia-builder-el-0  el_before_av_one_full  avia-builder-el-first  \" style='border-radius:0px; '><div  class='avia-image-container  av-styling-    avia-builder-el-1  avia-builder-el-no-sibling  avia-align-center '  itemprop=\"image\" itemscope=\"itemscope\" itemtype=\"https:\/\/schema.org\/ImageObject\"  ><div class='avia-image-container-inner'><div class='avia-image-overlay-wrap'><img decoding=\"async\" class='wp-image-0 avia-img-lazy-loading-not-0 avia_image' src=\"https:\/\/radiorevelacionfm.cl\/wp-content\/uploads\/2021\/04\/residuos-hoj-2_optimized.jpeg\" alt='' title=''   itemprop=\"thumbnailUrl\"  \/><\/div><\/div><\/div><\/div><div class=\"flex_column av_one_full  flex_column_div av-zero-column-padding first  avia-builder-el-2  el_after_av_one_full  el_before_av_one_full  column-top-margin\" style='border-radius:0px; '><section class=\"av_textblock_section \"  itemscope=\"itemscope\" itemtype=\"https:\/\/schema.org\/BlogPosting\" itemprop=\"blogPost\" ><div class='avia_textblock  '   itemprop=\"text\" ><p style=\"text-align: center;\"><strong><span style=\"font-size: 18pt;\">M\u00e1s de 80 toneladas de fierros y hojalatas obtienen un nuevo destino tras iniciativa de reciclaje en Ays\u00e9n<\/span><\/strong><\/p>\n<div id=\"gtx-trans\" style=\"position: absolute; left: -50px; top: 4.31534px;\">\n<div class=\"gtx-trans-icon\"><\/div>\n<\/div>\n<\/div><\/section><\/div><div class=\"flex_column av_one_full  flex_column_div av-zero-column-padding first  avia-builder-el-4  el_after_av_one_full  el_before_av_hr  column-top-margin\" style='border-radius:0px; '><section class=\"av_textblock_section \"  itemscope=\"itemscope\" itemtype=\"https:\/\/schema.org\/BlogPosting\" itemprop=\"blogPost\" ><div class='avia_textblock  '   itemprop=\"text\" ><p style=\"text-align: justify;\">Esto forma parte de las l\u00edneas de acci\u00f3n que pretende consolidar la actual administraci\u00f3n municipal en el cuidado de la biodiversidad y ecosistemas.<\/p>\n<p style=\"text-align: justify;\">Luego de la favorable recepci\u00f3n por parte de los vecinos y vecinas de la comuna en la campa\u00f1a \u201cJuntos, pero no revueltos\u201d, la Ilustre Municipalidad de Ays\u00e9n constat\u00f3 en terreno junto al reciclador de base, Rudy Hern\u00e1ndez, el trabajo que este \u00faltimo se encuentra efectuando con los residuos compuestos por fierros blandos y que gracias a la asistencia de una m\u00e1quina de prensa-compactadora se tradujo en la reducci\u00f3n de m\u00e1s de 80 toneladas de materiales que tendr\u00e1n un nuevo uso y as\u00ed ayudar\u00e1n a preservar el cuidado del entorno en la comuna puerto.<\/p>\n<p style=\"text-align: justify;\">Cabe destacar que esto es posible tras la alianza que la Casa Edilicia de Ays\u00e9n mantiene con la empresa Rudy Hern\u00e1ndez E.I.R.L., quienes cuentan con una experiencia superior a los 15 a\u00f1os en esta materia y que permitir\u00e1 despachar hasta Talcahuano estos residuos domiciliarios voluminosos compuestos principalmente por fierros de todo tipo, estufas, calef\u00f3n, componentes de veh\u00edculos, entre otros.<\/p>\n<p style=\"text-align: justify;\">Al respecto, Jonathan Araya, encargado del Sistema de Certificaci\u00f3n Ambiental del municipio de Ays\u00e9n, destac\u00f3 que esta actividad pretende continuar fomentando una \u201cCultura de reciclaje\u201d que apueste a la preservaci\u00f3n del ambiente en la comuna y otorgue un destino \u00fatil a los residuos reutilizables. Adem\u00e1s, explic\u00f3 que esto de paso tambi\u00e9n contribuye con los emprendedores locales por lo que realiz\u00f3 un llamado a la comunidad a seguir participando del programa \u201cJuntos, pero no revueltos\u201d.<\/p>\n<p style=\"text-align: justify;\">Finalmente, Rudy Hern\u00e1ndez, emprendedor aysenino y reciclador de base, abord\u00f3 parte del proceso observado para reducir el volumen de los residuos presentes en su empresa y agreg\u00f3 que \u201cdesde que empezamos con el municipio a fines de octubre a la fecha ya van a ser despachadas m\u00e1s de 100 toneladas y esas iban a estar todas en el vertedero, enterr\u00e1ndose, sin producir nada porque el entierro no lleva a nada. As\u00ed es que, ac\u00e1 todo se reduce y aparte de eso se va a la Planta de Reciclaje, se da trabajo, todos ganan en el fondo y a nosotros nos ha costado mucho. A lo mejor no es un gran negocio, pero s\u00ed ayuda much\u00edsimo al medio ambiente y eso es lo que la final importa\u201d, sentenci\u00f3 el empresario porte\u00f1o.<\/p>\n<\/div><\/section><\/div><div  style='height:50px' class='hr hr-invisible   avia-builder-el-6  el_after_av_one_full  el_before_av_social_share '><span class='hr-inner ' ><span class='hr-inner-style'><\/span><\/span><\/div><\/p>\n<div  class='av-social-sharing-box  avia-builder-el-7  el_after_av_hr  el_before_av_hr  '><div class='av-share-box'><h5 class='av-share-link-description av-no-toc '>Compartir esta noticia<\/h5><ul class='av-share-box-list noLightbox'><li class='av-share-link av-social-link-facebook' ><a target=\"_blank\" aria-label=\"Compartir en Facebook\" href='https:\/\/www.facebook.com\/sharer.php?u=https:\/\/radiorevelacionfm.cl\/?p=3534&#038;t=M%C3%A1s%20de%2080%20toneladas%20de%20fierros%20y%20hojalatas%20obtienen%20un%20nuevo%20destino%20tras%20iniciativa%20de%20reciclaje%20en%20Ays%C3%A9n' aria-hidden='false' data-av_icon='\ue8f3' data-av_iconfont='entypo-fontello' title='' data-avia-related-tooltip='Compartir en Facebook' rel=\"noopener\"><span class='avia_hidden_link_text'>Compartir en Facebook<\/span><\/a><\/li><li class='av-share-link av-social-link-twitter' ><a target=\"_blank\" aria-label=\"Compartir en Twitter\" href='https:\/\/twitter.com\/share?text=M%C3%A1s%20de%2080%20toneladas%20de%20fierros%20y%20hojalatas%20obtienen%20un%20nuevo%20destino%20tras%20iniciativa%20de%20reciclaje%20en%20Ays%C3%A9n&#038;url=https:\/\/radiorevelacionfm.cl\/?p=3534' aria-hidden='false' data-av_icon='\ue8f1' data-av_iconfont='entypo-fontello' title='' data-avia-related-tooltip='Compartir en Twitter' rel=\"noopener\"><span class='avia_hidden_link_text'>Compartir en Twitter<\/span><\/a><\/li><li class='av-share-link av-social-link-whatsapp' ><a target=\"_blank\" aria-label=\"Compartir en Whatsapp\" href='https:\/\/api.whatsapp.com\/send?text=https:\/\/radiorevelacionfm.cl\/?p=3534' aria-hidden='false' data-av_icon='\uf232' data-av_iconfont='entypo-fontello' title='' data-avia-related-tooltip='Compartir en Whatsapp' rel=\"noopener\"><span class='avia_hidden_link_text'>Compartir en Whatsapp<\/span><\/a><\/li><li class='av-share-link av-social-link-linkedin' ><a target=\"_blank\" aria-label=\"Compartir en LinkedIn\" href='https:\/\/linkedin.com\/shareArticle?mini=true&#038;title=M%C3%A1s%20de%2080%20toneladas%20de%20fierros%20y%20hojalatas%20obtienen%20un%20nuevo%20destino%20tras%20iniciativa%20de%20reciclaje%20en%20Ays%C3%A9n&#038;url=https:\/\/radiorevelacionfm.cl\/?p=3534' aria-hidden='false' data-av_icon='\ue8fc' data-av_iconfont='entypo-fontello' title='' data-avia-related-tooltip='Compartir en LinkedIn' rel=\"noopener\"><span class='avia_hidden_link_text'>Compartir en LinkedIn<\/span><\/a><\/li><li class='av-share-link av-social-link-mail' ><a  aria-label=\"Compartir por correo\" href='mailto:?subject=M%C3%A1s%20de%2080%20toneladas%20de%20fierros%20y%20hojalatas%20obtienen%20un%20nuevo%20destino%20tras%20iniciativa%20de%20reciclaje%20en%20Ays%C3%A9n&#038;body=https:\/\/radiorevelacionfm.cl\/?p=3534' aria-hidden='false' data-av_icon='\ue805' data-av_iconfont='entypo-fontello' title='' data-avia-related-tooltip='Compartir por correo'><span class='avia_hidden_link_text'>Compartir por correo<\/span><\/a><\/li><\/ul><\/div><\/div>\n<div  style='height:50px' class='hr hr-invisible   avia-builder-el-8  el_after_av_social_share  el_before_av_comments_list '><span class='hr-inner ' ><span class='hr-inner-style'><\/span><\/span><\/div>\n<div  class='av-buildercomment  av-blog-meta-html-info-disabled av-blog-meta-tag-disabled  '><\/div>\n","protected":false},"excerpt":{"rendered":"","protected":false},"author":1,"featured_media":0,"comment_status":"open","ping_status":"open","sticky":false,"template":"","format":"standard","meta":{"footnotes":""},"categories":[39],"tags":[],"class_list":["post-3534","post","type-post","status-publish","format-standard","hentry","category-medio-ambiente"],"jetpack_featured_media_url":"","_links":{"self":[{"href":"https:\/\/radiorevelacionfm.cl\/index.php?rest_route=\/wp\/v2\/posts\/3534","targetHints":{"allow":["GET"]}}],"collection":[{"href":"https:\/\/radiorevelacionfm.cl\/index.php?rest_route=\/wp\/v2\/posts"}],"about":[{"href":"https:\/\/radiorevelacionfm.cl\/index.php?rest_route=\/wp\/v2\/types\/post"}],"author":[{"embeddable":true,"href":"https:\/\/radiorevelacionfm.cl\/index.php?rest_route=\/wp\/v2\/users\/1"}],"replies":[{"embeddable":true,"href":"https:\/\/radiorevelacionfm.cl\/index.php?rest_route=%2Fwp%2Fv2%2Fcomments&post=3534"}],"version-history":[{"count":1,"href":"https:\/\/radiorevelacionfm.cl\/index.php?rest_route=\/wp\/v2\/posts\/3534\/revisions"}],"predecessor-version":[{"id":3537,"href":"https:\/\/radiorevelacionfm.cl\/index.php?rest_route=\/wp\/v2\/posts\/3534\/revisions\/3537"}],"wp:attachment":[{"href":"https:\/\/radiorevelacionfm.cl\/index.php?rest_route=%2Fwp%2Fv2%2Fmedia&parent=3534"}],"wp:term":[{"taxonomy":"category","embeddable":true,"href":"https:\/\/radiorevelacionfm.cl\/index.php?rest_route=%2Fwp%2Fv2%2Fcategories&post=3534"},{"taxonomy":"post_tag","embeddable":true,"href":"https:\/\/radiorevelacionfm.cl\/index.php?rest_route=%2Fwp%2Fv2%2Ftags&post=3534"}],"curies":[{"name":"wp","href":"https:\/\/api.w.org\/{rel}","templated":true}]}}