{"id":35336,"date":"2023-09-27T14:56:23","date_gmt":"2023-09-27T17:56:23","guid":{"rendered":"https:\/\/radiorevelacionfm.cl\/?p=35336"},"modified":"2023-09-27T14:56:23","modified_gmt":"2023-09-27T17:56:23","slug":"puerto-ibanez-sera-sede-de-la-1ra-version-de-inspirados-por-la-flora-nativa-cuyo-patrimonio-cultural-esta-conectado-con-la-naturaleza","status":"publish","type":"post","link":"https:\/\/radiorevelacionfm.cl\/?p=35336","title":{"rendered":"Puerto Iba\u00f1ez ser\u00e1 sede de la 1ra versi\u00f3n de \u00abInspirados por la Flora Nativa\u00bb cuyo patrimonio cultural est\u00e1 conectado con la naturaleza"},"content":{"rendered":"<div class=\"flex_column av_one_full  flex_column_div av-zero-column-padding first  avia-builder-el-0  el_before_av_one_full  avia-builder-el-first  \" style='border-radius:0px; '><div  class='avia-image-container  av-styling-    avia-builder-el-1  avia-builder-el-no-sibling  avia-align-center '  itemprop=\"image\" itemscope=\"itemscope\" itemtype=\"https:\/\/schema.org\/ImageObject\"  ><div class='avia-image-container-inner'><div class='avia-image-overlay-wrap'><img decoding=\"async\" class='wp-image-35337 avia-img-lazy-loading-not-35337 avia_image' src=\"https:\/\/radiorevelacionfm.cl\/wp-content\/uploads\/2023\/09\/IMG_6301-1-1.jpeg\" alt='' title='IMG_6301 (1) (1)' height=\"600\" width=\"793\"  itemprop=\"thumbnailUrl\" srcset=\"https:\/\/radiorevelacionfm.cl\/wp-content\/uploads\/2023\/09\/IMG_6301-1-1.jpeg 793w, https:\/\/radiorevelacionfm.cl\/wp-content\/uploads\/2023\/09\/IMG_6301-1-1-300x227.jpeg 300w, https:\/\/radiorevelacionfm.cl\/wp-content\/uploads\/2023\/09\/IMG_6301-1-1-768x581.jpeg 768w, https:\/\/radiorevelacionfm.cl\/wp-content\/uploads\/2023\/09\/IMG_6301-1-1-705x533.jpeg 705w, https:\/\/radiorevelacionfm.cl\/wp-content\/uploads\/2023\/09\/IMG_6301-1-1-450x340.jpeg 450w, https:\/\/radiorevelacionfm.cl\/wp-content\/uploads\/2023\/09\/IMG_6301-1-1-600x454.jpeg 600w\" sizes=\"(max-width: 793px) 100vw, 793px\" \/><\/div><\/div><\/div><\/div><div class=\"flex_column av_one_full  flex_column_div av-zero-column-padding first  avia-builder-el-2  el_after_av_one_full  el_before_av_one_full  column-top-margin\" style='border-radius:0px; '><section class=\"av_textblock_section \"  itemscope=\"itemscope\" itemtype=\"https:\/\/schema.org\/BlogPosting\" itemprop=\"blogPost\" ><div class='avia_textblock  '   itemprop=\"text\" ><p style=\"text-align: center;\"><strong><span style=\"font-size: 18pt;\">Puerto Iba\u00f1ez ser\u00e1 sede de la 1ra versi\u00f3n de \u00abInspirados por la Flora Nativa\u00bb cuyo patrimonio cultural est\u00e1 conectado con la naturaleza<\/span><\/strong><\/p>\n<div id=\"gtx-trans\" style=\"position: absolute; left: -50px; top: 4.31534px;\">\n<div class=\"gtx-trans-icon\"><\/div>\n<\/div>\n<\/div><\/section><\/div><div class=\"flex_column av_one_full  flex_column_div av-zero-column-padding first  avia-builder-el-4  el_after_av_one_full  el_before_av_hr  column-top-margin\" style='border-radius:0px; '><section class=\"av_textblock_section \"  itemscope=\"itemscope\" itemtype=\"https:\/\/schema.org\/BlogPosting\" itemprop=\"blogPost\" ><div class='avia_textblock  '   itemprop=\"text\" ><p class=\"v1MsoNormal\" style=\"text-align: justify;\"><span lang=\"es\">Naturaleza P\u00fablica, en conjunto con diversas organizaciones locales e instituciones p\u00fablicas, invitan este viernes 29 de septiembre a una jornada de actividades con invitados, formatos y horarios para todas las edades y abiertas a la comunidad, cuyo objetivo es concientizar sobre el cuidado y puesta en valor de la naturaleza desde nuestras comunidades.<\/span><\/p>\n<p class=\"v1MsoNormal\" style=\"text-align: justify;\"><span lang=\"es\">En su primera versi\u00f3n\u00a0<i>Inspirados por la Flora Nativa\u00a0<\/i>busca \u00abmostrar formas de vinculaci\u00f3n respetuosa y novedosa con la naturaleza, propiciando el di\u00e1logo e intercambio entre conocimientos, saberes, oficios y activismo\u00bb, as\u00ed lo indic\u00f3 Mar\u00eda Jes\u00fas May, cofundadora de la fundaci\u00f3n Naturaleza P\u00fablica, quien agreg\u00f3 que \u00abeste a\u00f1o Puerto Ingeniero Ib\u00e1\u00f1ez ha sido elegida como sede para el evento, cuyo patrimonio cultural est\u00e1 fuertemente conectado con lo natural, marcado por el liderazgo en su protecci\u00f3n y conservaci\u00f3n, como tambi\u00e9n en el amplio reconocimiento de su alfarer\u00eda y calidad en la recolecci\u00f3n de productos forestales no madereros\u00bb.<\/span><\/p>\n<p class=\"v1MsoNormal\" style=\"text-align: justify;\"><span lang=\"es\">El Comit\u00e9 de Recolectoras Las Collallas ser\u00e1n las invitadas de honor, siendo esta actividad una forma de motivarlas a seguir conociendo y experimentando con la materia prima en su entorno, como tambi\u00e9n fomentar a que m\u00e1s personas, en especial los ni\u00f1os y j\u00f3venes de la Escuela Aonikenk, se acerquen al patrimonio natural a su alrededor, estrechando lazos protectores e identitarios con el lugar al que pertenecen.<\/span><\/p>\n<p class=\"v1MsoNormal\" style=\"text-align: justify;\"><span lang=\"es\">El evento es financiado a trav\u00e9s del 8% del Fondo Nacional de Desarrollo Regional del Gobierno Regional de Ays\u00e9n y su Consejo, y est\u00e1 enmarcado en la Campa\u00f1a Municipal de \u00c1reas Verdes de R\u00edo Ib\u00e1\u00f1ez y del Proyecto \u00ab(Re)Conociendo Nuestros Habitantes: Saberes locales y cient\u00edficos sobre la Flora Nativa de Puerto Ingeniero Ib\u00e1\u00f1ez\u00bb -financiado por el Ministerio de Ciencia, Tecnolog\u00eda, Conocimiento e Innovaci\u00f3n (MinCiencia) a trav\u00e9s de su programa Ciencia P\u00fablica- y que a trav\u00e9s de esfuerzo de asociatividad y trabajo interdisciplinario promueve hacer part\u00edcipe a la comunidad, en especial a las nuevas generaciones, en el cuidado y puesta en valor de su patrimonio cultural y natural.<\/span><\/p>\n<p class=\"v1MsoNormal\" style=\"text-align: justify;\"><span lang=\"es\">La seremi de Ciencia, Ver\u00f3nica Vallejos, coment\u00f3 que esta actividad es una oportunidad para que la comunidad interact\u00fae, valore y se apropie del conocimiento que se genera en su territorio en relaci\u00f3n a la flora nativa. \u00abComo ministerio uno de nuestros objetivos es promover la generaci\u00f3n de espacios y experiencias en los que ocurra una interacci\u00f3n entre las personas y el conocimiento en distintos formatos, y eso es lo que busca esta actividad, educar a la ciudadan\u00eda, despertar su curiosidad a trav\u00e9s de los saberes que generan las diferentes disciplinas y que \u00e9stos sean un aporte para mejorar su calidad de vida\u00bb.<\/span><\/p>\n<p class=\"v1MsoNormal\" style=\"text-align: justify;\"><span lang=\"es\">La primera versi\u00f3n de \u00abInspirados por la Flora Nativa\u00bb se llevar\u00e1 a cabo el 29 de septiembre en Puerto Ingeniero Ib\u00e1\u00f1ez, iniciando con un conversatorio a las 10:00 hrs. en la Sede de Capacitaci\u00f3n, continuando con las plantaciones y mural en la Plaza de Los Saberes a las 14:00 hrs. Las actividades contar\u00e1n con la participaci\u00f3n de la Municipalidad de R\u00edo Ib\u00e1\u00f1ez, la Escuela Aonikenk, el Centro de Investigaci\u00f3n en Ecosistemas de la Patagonia (CIEP), la Corporaci\u00f3n Nacional Forestal (CONAF), el Instituto Forestal (INFOR) y el Servicio Agr\u00edcola\u00a0Ganadero\u00a0(SAG).<\/span><\/p>\n<\/div><\/section><\/div><div  style='height:50px' class='hr hr-invisible   avia-builder-el-6  el_after_av_one_full  el_before_av_social_share '><span class='hr-inner ' ><span class='hr-inner-style'><\/span><\/span><\/div><\/p>\n<div  class='av-social-sharing-box  avia-builder-el-7  el_after_av_hr  el_before_av_hr  '><div class='av-share-box'><h5 class='av-share-link-description av-no-toc '>Compartir esta noticia<\/h5><ul class='av-share-box-list noLightbox'><li class='av-share-link av-social-link-facebook' ><a target=\"_blank\" aria-label=\"Compartir en Facebook\" href='https:\/\/www.facebook.com\/sharer.php?u=https:\/\/radiorevelacionfm.cl\/?p=35336&#038;t=Puerto%20Iba%C3%B1ez%20ser%C3%A1%20sede%20de%20la%201ra%20versi%C3%B3n%20de%20%C2%ABInspirados%20por%20la%20Flora%20Nativa%C2%BB%20cuyo%20patrimonio%20cultural%20est%C3%A1%20conectado%20con%20la%20naturaleza' aria-hidden='false' data-av_icon='\ue8f3' data-av_iconfont='entypo-fontello' title='' data-avia-related-tooltip='Compartir en Facebook' rel=\"noopener\"><span class='avia_hidden_link_text'>Compartir en Facebook<\/span><\/a><\/li><li class='av-share-link av-social-link-twitter' ><a target=\"_blank\" aria-label=\"Compartir en Twitter\" href='https:\/\/twitter.com\/share?text=Puerto%20Iba%C3%B1ez%20ser%C3%A1%20sede%20de%20la%201ra%20versi%C3%B3n%20de%20%C2%ABInspirados%20por%20la%20Flora%20Nativa%C2%BB%20cuyo%20patrimonio%20cultural%20est%C3%A1%20conectado%20con%20la%20naturaleza&#038;url=https:\/\/radiorevelacionfm.cl\/?p=35336' aria-hidden='false' data-av_icon='\ue8f1' data-av_iconfont='entypo-fontello' title='' data-avia-related-tooltip='Compartir en Twitter' rel=\"noopener\"><span class='avia_hidden_link_text'>Compartir en Twitter<\/span><\/a><\/li><li class='av-share-link av-social-link-whatsapp' ><a target=\"_blank\" aria-label=\"Compartir en Whatsapp\" href='https:\/\/api.whatsapp.com\/send?text=https:\/\/radiorevelacionfm.cl\/?p=35336' aria-hidden='false' data-av_icon='\uf232' data-av_iconfont='entypo-fontello' title='' data-avia-related-tooltip='Compartir en Whatsapp' rel=\"noopener\"><span class='avia_hidden_link_text'>Compartir en Whatsapp<\/span><\/a><\/li><li class='av-share-link av-social-link-linkedin' ><a target=\"_blank\" aria-label=\"Compartir en LinkedIn\" href='https:\/\/linkedin.com\/shareArticle?mini=true&#038;title=Puerto%20Iba%C3%B1ez%20ser%C3%A1%20sede%20de%20la%201ra%20versi%C3%B3n%20de%20%C2%ABInspirados%20por%20la%20Flora%20Nativa%C2%BB%20cuyo%20patrimonio%20cultural%20est%C3%A1%20conectado%20con%20la%20naturaleza&#038;url=https:\/\/radiorevelacionfm.cl\/?p=35336' aria-hidden='false' data-av_icon='\ue8fc' data-av_iconfont='entypo-fontello' title='' data-avia-related-tooltip='Compartir en LinkedIn' rel=\"noopener\"><span class='avia_hidden_link_text'>Compartir en LinkedIn<\/span><\/a><\/li><li class='av-share-link av-social-link-mail' ><a  aria-label=\"Compartir por correo\" href='mailto:?subject=Puerto%20Iba%C3%B1ez%20ser%C3%A1%20sede%20de%20la%201ra%20versi%C3%B3n%20de%20%C2%ABInspirados%20por%20la%20Flora%20Nativa%C2%BB%20cuyo%20patrimonio%20cultural%20est%C3%A1%20conectado%20con%20la%20naturaleza&#038;body=https:\/\/radiorevelacionfm.cl\/?p=35336' aria-hidden='false' data-av_icon='\ue805' data-av_iconfont='entypo-fontello' title='' data-avia-related-tooltip='Compartir por correo'><span class='avia_hidden_link_text'>Compartir por correo<\/span><\/a><\/li><\/ul><\/div><\/div>\n<div  style='height:50px' class='hr hr-invisible   avia-builder-el-8  el_after_av_social_share  el_before_av_comments_list '><span class='hr-inner ' ><span class='hr-inner-style'><\/span><\/span><\/div>\n<div  class='av-buildercomment  av-blog-meta-html-info-disabled av-blog-meta-tag-disabled  '><\/div>\n","protected":false},"excerpt":{"rendered":"","protected":false},"author":1,"featured_media":35337,"comment_status":"open","ping_status":"open","sticky":false,"template":"","format":"standard","meta":{"footnotes":""},"categories":[38],"tags":[],"class_list":["post-35336","post","type-post","status-publish","format-standard","has-post-thumbnail","hentry","category-regional"],"jetpack_featured_media_url":"https:\/\/radiorevelacionfm.cl\/wp-content\/uploads\/2023\/09\/IMG_6301-1-1.jpeg","_links":{"self":[{"href":"https:\/\/radiorevelacionfm.cl\/index.php?rest_route=\/wp\/v2\/posts\/35336","targetHints":{"allow":["GET"]}}],"collection":[{"href":"https:\/\/radiorevelacionfm.cl\/index.php?rest_route=\/wp\/v2\/posts"}],"about":[{"href":"https:\/\/radiorevelacionfm.cl\/index.php?rest_route=\/wp\/v2\/types\/post"}],"author":[{"embeddable":true,"href":"https:\/\/radiorevelacionfm.cl\/index.php?rest_route=\/wp\/v2\/users\/1"}],"replies":[{"embeddable":true,"href":"https:\/\/radiorevelacionfm.cl\/index.php?rest_route=%2Fwp%2Fv2%2Fcomments&post=35336"}],"version-history":[{"count":1,"href":"https:\/\/radiorevelacionfm.cl\/index.php?rest_route=\/wp\/v2\/posts\/35336\/revisions"}],"predecessor-version":[{"id":35338,"href":"https:\/\/radiorevelacionfm.cl\/index.php?rest_route=\/wp\/v2\/posts\/35336\/revisions\/35338"}],"wp:featuredmedia":[{"embeddable":true,"href":"https:\/\/radiorevelacionfm.cl\/index.php?rest_route=\/wp\/v2\/media\/35337"}],"wp:attachment":[{"href":"https:\/\/radiorevelacionfm.cl\/index.php?rest_route=%2Fwp%2Fv2%2Fmedia&parent=35336"}],"wp:term":[{"taxonomy":"category","embeddable":true,"href":"https:\/\/radiorevelacionfm.cl\/index.php?rest_route=%2Fwp%2Fv2%2Fcategories&post=35336"},{"taxonomy":"post_tag","embeddable":true,"href":"https:\/\/radiorevelacionfm.cl\/index.php?rest_route=%2Fwp%2Fv2%2Ftags&post=35336"}],"curies":[{"name":"wp","href":"https:\/\/api.w.org\/{rel}","templated":true}]}}