{"id":35333,"date":"2023-09-26T19:02:32","date_gmt":"2023-09-26T22:02:32","guid":{"rendered":"https:\/\/radiorevelacionfm.cl\/?p=35333"},"modified":"2023-09-26T19:13:39","modified_gmt":"2023-09-26T22:13:39","slug":"siembra-por-chile-en-aysen-restaurando-bosques-y-generando-empleo","status":"publish","type":"post","link":"https:\/\/radiorevelacionfm.cl\/?p=35333","title":{"rendered":"Siembra por Chile en Ays\u00e9n: Restaurando bosques y generando empleo"},"content":{"rendered":"<div class=\"flex_column av_one_full  flex_column_div av-zero-column-padding first  avia-builder-el-0  el_before_av_one_full  avia-builder-el-first  \" style='border-radius:0px; '><div  class='avia-image-container  av-styling-    avia-builder-el-1  avia-builder-el-no-sibling  avia-align-center '  itemprop=\"image\" itemscope=\"itemscope\" itemtype=\"https:\/\/schema.org\/ImageObject\"  ><div class='avia-image-container-inner'><div class='avia-image-overlay-wrap'><img decoding=\"async\" class='wp-image-35360 avia-img-lazy-loading-not-35360 avia_image' src=\"https:\/\/radiorevelacionfm.cl\/wp-content\/uploads\/2023\/09\/3-5-1-1_optimized-1.jpg\" alt='' title='3-(5)-(1)-(1)_optimized (1)' height=\"600\" width=\"804\"  itemprop=\"thumbnailUrl\" srcset=\"https:\/\/radiorevelacionfm.cl\/wp-content\/uploads\/2023\/09\/3-5-1-1_optimized-1.jpg 804w, https:\/\/radiorevelacionfm.cl\/wp-content\/uploads\/2023\/09\/3-5-1-1_optimized-1-300x224.jpg 300w, https:\/\/radiorevelacionfm.cl\/wp-content\/uploads\/2023\/09\/3-5-1-1_optimized-1-768x573.jpg 768w, https:\/\/radiorevelacionfm.cl\/wp-content\/uploads\/2023\/09\/3-5-1-1_optimized-1-705x526.jpg 705w, https:\/\/radiorevelacionfm.cl\/wp-content\/uploads\/2023\/09\/3-5-1-1_optimized-1-450x336.jpg 450w, https:\/\/radiorevelacionfm.cl\/wp-content\/uploads\/2023\/09\/3-5-1-1_optimized-1-600x448.jpg 600w\" sizes=\"(max-width: 804px) 100vw, 804px\" \/><\/div><\/div><\/div><\/div><div class=\"flex_column av_one_full  flex_column_div av-zero-column-padding first  avia-builder-el-2  el_after_av_one_full  el_before_av_one_full  column-top-margin\" style='border-radius:0px; '><section class=\"av_textblock_section \"  itemscope=\"itemscope\" itemtype=\"https:\/\/schema.org\/BlogPosting\" itemprop=\"blogPost\" ><div class='avia_textblock  '   itemprop=\"text\" ><p style=\"text-align: center;\"><strong><span style=\"font-size: 18pt;\">Siembra por Chile en Ays\u00e9n: Restaurando bosques y generando empleo<\/span><\/strong><\/p>\n<div id=\"gtx-trans\" style=\"position: absolute; left: -50px; top: 4.31534px;\">\n<div class=\"gtx-trans-icon\"><\/div>\n<\/div>\n<\/div><\/section><\/div><\/p>\n<div class=\"flex_column av_one_full  flex_column_div av-zero-column-padding first  avia-builder-el-4  el_after_av_one_full  el_before_av_hr  column-top-margin\" style='border-radius:0px; '><section class=\"av_textblock_section \"  itemscope=\"itemscope\" itemtype=\"https:\/\/schema.org\/BlogPosting\" itemprop=\"blogPost\" ><div class='avia_textblock  '   itemprop=\"text\" ><p class=\"v1MsoNormal\" style=\"text-align: justify;\"><span lang=\"ES\">A mediados del a\u00f1o pasado, el Gobierno del Presidente Gabriel Boric Font dio a conocer una serie de medidas orientadas a apoyar la reactivaci\u00f3n econ\u00f3mica, la mitigaci\u00f3n de precios y crear nuevos puestos de trabajo. La estrategia, conocida como Siembra por Chile, consideraba la ejecuci\u00f3n de diferentes actividades, entre ellas medidas que apuntan a la restauraci\u00f3n de bosques nativos, la recolecci\u00f3n de semillas nativas y el fortalecimiento de viveros, contribuyendo al logro de 6 millones de hect\u00e1reas restauradas o en v\u00edas de restauraci\u00f3n, fomentando as\u00ed la reactivaci\u00f3n econ\u00f3mica y la generaci\u00f3n de empleo en el mundo rural, y al mismo tiempo mitigar los efectos del cambio clim\u00e1tico.<\/span><\/p>\n<p class=\"v1MsoNormal\" style=\"text-align: justify;\"><span lang=\"ES\">A nivel nacional este programa tiene un presupuesto asignado para el a\u00f1o 2023 de M$10.660 millones, considerando alcanzar una superficie de 10.000 hect\u00e1reas entre las regiones de Arica y Parinacota a Magallanes.<\/span><\/p>\n<p class=\"v1MsoNormal\" style=\"text-align: justify;\"><span lang=\"ES\">En la regi\u00f3n de Ays\u00e9n, durante el a\u00f1o 2022 se ejecutaron cerca de M$ 500.000, en las cuatro provincias, y este a\u00f1o se han asignado m\u00e1s de M$ 1.100 para ser distribuidos en 4.437 hect\u00e1reas bajo diferentes actividades de restauraci\u00f3n, tanto en predios fiscales como en algunos predios particulares, donde se ha comprometido el cuidado y desarrollo de acciones posteriores que permitan cumplir con el objetivo de este programa gubernamental.<\/span><\/p>\n<p class=\"v1MsoNormal\" style=\"text-align: justify;\"><span lang=\"ES\">\u00abEn nuestra regi\u00f3n, el programa Siembra Por Chile se destaca por su enfoque decidido en la creaci\u00f3n de empleo. Los recursos asignados, que superan los mil millones de pesos, permiten la contrataci\u00f3n de m\u00e1s de 200 trabajadores y trabajadoras, adem\u00e1s de beneficiar de manera indirecta a m\u00e1s de 600 personas. Adem\u00e1s, se inyectan recursos en las diversas econom\u00edas locales de nuestra regi\u00f3n, contribuyendo as\u00ed a la reactivaci\u00f3n econ\u00f3mica, uno de los objetivos prioritarios impulsados desde el Gobierno\u00bb, afirm\u00f3 Alan Espinoza Ortiz, Seremi de Agricultura.<\/span><\/p>\n<p class=\"v1MsoNormal\" style=\"text-align: justify;\"><span lang=\"ES\">As\u00ed tambi\u00e9n, explica que la iniciativa se propuso implementar acciones para iniciar procesos de restauraci\u00f3n, priorizando en zonas de conservaci\u00f3n y protecci\u00f3n de suelos, humedales, cabeceras de cuenca y cuerpos de agua.<\/span><\/p>\n<p class=\"v1MsoNormal\" style=\"text-align: justify;\"><span lang=\"ES\">\u00abLa restauraci\u00f3n surge como un enfoque clave para recuperar y conservar ecosistemas \u00fanicos de Chile y del mundo, aumentando la resiliencia y mitigar los efectos del cambio clim\u00e1tico, asegurando la provisi\u00f3n de bienes y servicios ecosist\u00e9micos. En estos casos utilizamos soluciones basadas en la naturaleza, a trav\u00e9s de lo que denominamos inversiones verdes\u00bb, dice Fernando Bascu\u00f1\u00e1n Pino, quien es el Jefe del Departamento de Conservaci\u00f3n de Ecosistemas Boscosos y Xerof\u00edticos de Conaf.<\/span><\/p>\n<p class=\"v1MsoNormal\" style=\"text-align: justify;\"><span lang=\"ES\">El funcionario, agrega que para el a\u00f1o 2023 se espera beneficiar directamente m\u00e1s de 200 trabajadores, jefes y jefas de hogar, e indirectamente a m\u00e1s de 600 personas entre familias y comunidades, adem\u00e1s de inyectar recursos a las econom\u00edas locales de nuestra regi\u00f3n.<\/span><\/p>\n<p class=\"v1MsoNormal\" style=\"text-align: justify;\"><span lang=\"ES\">\u00abRespecto a la inversi\u00f3n en viveros, de momento se est\u00e1 trabajando en la recolecci\u00f3n de semillas, y plantas, as\u00ed como en mejorar\u00a0 los\u00a0 sistemas automatizados de riego y fertilizaci\u00f3n, y los insumos para un mejor desarrollo de las plantas a producir esta temporada\u00bb, precisa.<\/span><\/p>\n<p class=\"v1MsoNormal\" style=\"text-align: justify;\"><span lang=\"ES\">En tanto, Loreto Pedrasa Manieu, Directora Regional de Conaf Ays\u00e9n, resalta el trabajo colaborativo con los gobiernos comunales para la restauraci\u00f3n de bosque nativo, se\u00f1alando que: \u00abEste es un proyecto para iniciar la restauraci\u00f3n de bosques nativos, priorizando zonas de conservaci\u00f3n y protecci\u00f3n de suelos, humedales, cuencas y cuerpos de agua, y que a trav\u00e9s de la gesti\u00f3n forestal sostenible y la restauraci\u00f3n de recursos vegetacionales pueden ser componentes fundamentales para los esfuerzos de creaci\u00f3n de empleos\u00bb.<\/span><\/p>\n<p class=\"v1MsoNormal\" style=\"text-align: justify;\"><span lang=\"ES\">\u00abEn la gesti\u00f3n de los proyectos en el territorio, creemos que los municipios son actores claves. Nosotros estamos canalizando recursos del programa hacia sus \u00e1reas espec\u00edficas, por ejemplo a trav\u00e9s del desarrollo de Parques Urbanos Naturales, manejo de microcuencas a escala de paisaje y\u00a0 el manejo de bosques fiscales comunitarios, propiciando el cuidado de ellos, y entregando alternativas laborales, de provisi\u00f3n de bienes y servicios del bosque,\u00a0 a la comunidad existente en esos sectores\u00bb, remata.<\/span><\/p>\n<\/div><\/section><\/div>\n<div  style='height:50px' class='hr hr-invisible   avia-builder-el-6  el_after_av_one_full  el_before_av_social_share '><span class='hr-inner ' ><span class='hr-inner-style'><\/span><\/span><\/div>\n<div  class='av-social-sharing-box  avia-builder-el-7  el_after_av_hr  el_before_av_hr  '><div class='av-share-box'><h5 class='av-share-link-description av-no-toc '>Compartir esta noticia<\/h5><ul class='av-share-box-list noLightbox'><li class='av-share-link av-social-link-facebook' ><a target=\"_blank\" aria-label=\"Compartir en Facebook\" href='https:\/\/www.facebook.com\/sharer.php?u=https:\/\/radiorevelacionfm.cl\/?p=35333&#038;t=Siembra%20por%20Chile%20en%20Ays%C3%A9n%3A%20Restaurando%20bosques%20y%20generando%20empleo' aria-hidden='false' data-av_icon='\ue8f3' data-av_iconfont='entypo-fontello' title='' data-avia-related-tooltip='Compartir en Facebook' rel=\"noopener\"><span class='avia_hidden_link_text'>Compartir en Facebook<\/span><\/a><\/li><li class='av-share-link av-social-link-twitter' ><a target=\"_blank\" aria-label=\"Compartir en Twitter\" href='https:\/\/twitter.com\/share?text=Siembra%20por%20Chile%20en%20Ays%C3%A9n%3A%20Restaurando%20bosques%20y%20generando%20empleo&#038;url=https:\/\/radiorevelacionfm.cl\/?p=35333' aria-hidden='false' data-av_icon='\ue8f1' data-av_iconfont='entypo-fontello' title='' data-avia-related-tooltip='Compartir en Twitter' rel=\"noopener\"><span class='avia_hidden_link_text'>Compartir en Twitter<\/span><\/a><\/li><li class='av-share-link av-social-link-whatsapp' ><a target=\"_blank\" aria-label=\"Compartir en Whatsapp\" href='https:\/\/api.whatsapp.com\/send?text=https:\/\/radiorevelacionfm.cl\/?p=35333' aria-hidden='false' data-av_icon='\uf232' data-av_iconfont='entypo-fontello' title='' data-avia-related-tooltip='Compartir en Whatsapp' rel=\"noopener\"><span class='avia_hidden_link_text'>Compartir en Whatsapp<\/span><\/a><\/li><li class='av-share-link av-social-link-linkedin' ><a target=\"_blank\" aria-label=\"Compartir en LinkedIn\" href='https:\/\/linkedin.com\/shareArticle?mini=true&#038;title=Siembra%20por%20Chile%20en%20Ays%C3%A9n%3A%20Restaurando%20bosques%20y%20generando%20empleo&#038;url=https:\/\/radiorevelacionfm.cl\/?p=35333' aria-hidden='false' data-av_icon='\ue8fc' data-av_iconfont='entypo-fontello' title='' data-avia-related-tooltip='Compartir en LinkedIn' rel=\"noopener\"><span class='avia_hidden_link_text'>Compartir en LinkedIn<\/span><\/a><\/li><li class='av-share-link av-social-link-mail' ><a  aria-label=\"Compartir por correo\" href='mailto:?subject=Siembra%20por%20Chile%20en%20Ays%C3%A9n%3A%20Restaurando%20bosques%20y%20generando%20empleo&#038;body=https:\/\/radiorevelacionfm.cl\/?p=35333' aria-hidden='false' data-av_icon='\ue805' data-av_iconfont='entypo-fontello' title='' data-avia-related-tooltip='Compartir por correo'><span class='avia_hidden_link_text'>Compartir por correo<\/span><\/a><\/li><\/ul><\/div><\/div>\n<div  style='height:50px' class='hr hr-invisible   avia-builder-el-8  el_after_av_social_share  el_before_av_comments_list '><span class='hr-inner ' ><span class='hr-inner-style'><\/span><\/span><\/div>\n<div  class='av-buildercomment  av-blog-meta-html-info-disabled av-blog-meta-tag-disabled  '><\/div>\n","protected":false},"excerpt":{"rendered":"","protected":false},"author":1,"featured_media":35360,"comment_status":"open","ping_status":"open","sticky":false,"template":"","format":"standard","meta":{"footnotes":""},"categories":[38],"tags":[],"class_list":["post-35333","post","type-post","status-publish","format-standard","has-post-thumbnail","hentry","category-regional"],"jetpack_featured_media_url":"https:\/\/radiorevelacionfm.cl\/wp-content\/uploads\/2023\/09\/3-5-1-1_optimized-1.jpg","_links":{"self":[{"href":"https:\/\/radiorevelacionfm.cl\/index.php?rest_route=\/wp\/v2\/posts\/35333","targetHints":{"allow":["GET"]}}],"collection":[{"href":"https:\/\/radiorevelacionfm.cl\/index.php?rest_route=\/wp\/v2\/posts"}],"about":[{"href":"https:\/\/radiorevelacionfm.cl\/index.php?rest_route=\/wp\/v2\/types\/post"}],"author":[{"embeddable":true,"href":"https:\/\/radiorevelacionfm.cl\/index.php?rest_route=\/wp\/v2\/users\/1"}],"replies":[{"embeddable":true,"href":"https:\/\/radiorevelacionfm.cl\/index.php?rest_route=%2Fwp%2Fv2%2Fcomments&post=35333"}],"version-history":[{"count":2,"href":"https:\/\/radiorevelacionfm.cl\/index.php?rest_route=\/wp\/v2\/posts\/35333\/revisions"}],"predecessor-version":[{"id":35361,"href":"https:\/\/radiorevelacionfm.cl\/index.php?rest_route=\/wp\/v2\/posts\/35333\/revisions\/35361"}],"wp:featuredmedia":[{"embeddable":true,"href":"https:\/\/radiorevelacionfm.cl\/index.php?rest_route=\/wp\/v2\/media\/35360"}],"wp:attachment":[{"href":"https:\/\/radiorevelacionfm.cl\/index.php?rest_route=%2Fwp%2Fv2%2Fmedia&parent=35333"}],"wp:term":[{"taxonomy":"category","embeddable":true,"href":"https:\/\/radiorevelacionfm.cl\/index.php?rest_route=%2Fwp%2Fv2%2Fcategories&post=35333"},{"taxonomy":"post_tag","embeddable":true,"href":"https:\/\/radiorevelacionfm.cl\/index.php?rest_route=%2Fwp%2Fv2%2Ftags&post=35333"}],"curies":[{"name":"wp","href":"https:\/\/api.w.org\/{rel}","templated":true}]}}