{"id":35330,"date":"2023-09-26T17:16:37","date_gmt":"2023-09-26T20:16:37","guid":{"rendered":"https:\/\/radiorevelacionfm.cl\/?p=35330"},"modified":"2023-09-26T17:16:37","modified_gmt":"2023-09-26T20:16:37","slug":"mop-y-ejercito-firman-convenio-de-colaboracion-en-las-areas-de-recursos-hidricos-y-glaciares-en-la-region-de-aysen","status":"publish","type":"post","link":"https:\/\/radiorevelacionfm.cl\/?p=35330","title":{"rendered":"MOP y Ej\u00e9rcito firman convenio de colaboraci\u00f3n en las \u00e1reas de recursos h\u00eddricos y glaciares en la regi\u00f3n de Ays\u00e9n"},"content":{"rendered":"<div class=\"flex_column av_one_full  flex_column_div av-zero-column-padding first  avia-builder-el-0  el_before_av_one_full  avia-builder-el-first  \" style='border-radius:0px; '><div  class='avia-image-container  av-styling-    avia-builder-el-1  avia-builder-el-no-sibling  avia-align-center '  itemprop=\"image\" itemscope=\"itemscope\" itemtype=\"https:\/\/schema.org\/ImageObject\"  ><div class='avia-image-container-inner'><div class='avia-image-overlay-wrap'><img decoding=\"async\" class='wp-image-35331 avia-img-lazy-loading-not-35331 avia_image' src=\"https:\/\/radiorevelacionfm.cl\/wp-content\/uploads\/2023\/09\/FIRMA-MOP-EJERCITO-8-1-1.jpg\" alt='' title='FIRMA-MOP-EJERCITO-8 (1) (1)' height=\"600\" width=\"900\"  itemprop=\"thumbnailUrl\" srcset=\"https:\/\/radiorevelacionfm.cl\/wp-content\/uploads\/2023\/09\/FIRMA-MOP-EJERCITO-8-1-1.jpg 900w, https:\/\/radiorevelacionfm.cl\/wp-content\/uploads\/2023\/09\/FIRMA-MOP-EJERCITO-8-1-1-300x200.jpg 300w, https:\/\/radiorevelacionfm.cl\/wp-content\/uploads\/2023\/09\/FIRMA-MOP-EJERCITO-8-1-1-768x512.jpg 768w, https:\/\/radiorevelacionfm.cl\/wp-content\/uploads\/2023\/09\/FIRMA-MOP-EJERCITO-8-1-1-705x470.jpg 705w, https:\/\/radiorevelacionfm.cl\/wp-content\/uploads\/2023\/09\/FIRMA-MOP-EJERCITO-8-1-1-450x300.jpg 450w, https:\/\/radiorevelacionfm.cl\/wp-content\/uploads\/2023\/09\/FIRMA-MOP-EJERCITO-8-1-1-600x400.jpg 600w\" sizes=\"(max-width: 900px) 100vw, 900px\" \/><\/div><\/div><\/div><\/div><div class=\"flex_column av_one_full  flex_column_div av-zero-column-padding first  avia-builder-el-2  el_after_av_one_full  el_before_av_one_full  column-top-margin\" style='border-radius:0px; '><section class=\"av_textblock_section \"  itemscope=\"itemscope\" itemtype=\"https:\/\/schema.org\/BlogPosting\" itemprop=\"blogPost\" ><div class='avia_textblock  '   itemprop=\"text\" ><p style=\"text-align: center;\"><strong><span style=\"font-size: 18pt;\">MOP y Ej\u00e9rcito firman convenio de colaboraci\u00f3n en las \u00e1reas de recursos h\u00eddricos y glaciares en la regi\u00f3n de Ays\u00e9n<\/span><\/strong><\/p>\n<div id=\"gtx-trans\" style=\"position: absolute; left: -50px; top: 4.31534px;\">\n<div class=\"gtx-trans-icon\"><\/div>\n<\/div>\n<\/div><\/section><\/div><div class=\"flex_column av_one_full  flex_column_div av-zero-column-padding first  avia-builder-el-4  el_after_av_one_full  el_before_av_hr  column-top-margin\" style='border-radius:0px; '><section class=\"av_textblock_section \"  itemscope=\"itemscope\" itemtype=\"https:\/\/schema.org\/BlogPosting\" itemprop=\"blogPost\" ><div class='avia_textblock  '   itemprop=\"text\" ><p style=\"text-align: justify;\">El Secretario Regional Ministerial de Obras P\u00fablicas, Patricio Sanhueza Ulloa, inform\u00f3 que hoy se firm\u00f3 un Convenio de colaboraci\u00f3n entre la IV Divisi\u00f3n de Ej\u00e9rcito de Chile y la Direcci\u00f3n General de Aguas (DGA) del Ministerio de Obras P\u00fablicas en la regi\u00f3n de Ays\u00e9n con el fin de obtener mayores conocimientos de los recursos h\u00eddricos y de los glaciares existentes en la regi\u00f3n de Ays\u00e9n, especialmente en aquellos ubicados en Campo de Hielo Norte y en Campo de Hielo Sur, as\u00ed como tambi\u00e9n su comportamiento y el terreno en el que se encuentran emplazados.<\/p>\n<p style=\"text-align: justify;\">\u201cUno de los pilares fundamentales de nuestro gobierno son los recursos h\u00eddricos en sus diversas formas y acciones, \u00a0as\u00ed como tambi\u00e9n lo es la realidad del cambio clim\u00e1tico y uno de sus efectos principales el calentamiento global, por lo que convenios como el suscrito <strong>&#8211;<\/strong>que es el primero que se firma a nivel regional en esta \u00e1rea entre ambas instituciones, son instancias de trabajo mancomunado con el Ej\u00e9rcito y en beneficio de la investigaci\u00f3n cient\u00edfica y de la protecci\u00f3n de nuestro medio ambiente, repercutiendo en el bienestar de las personas y del territorio, as\u00ed que esta es una clara se\u00f1al de nuestro gobierno que est\u00e1 desarrollando y promoviendo actividades de colaboraci\u00f3n entre ambos sectores con capacitaci\u00f3n, investigaci\u00f3n y monitoreo de los recursos h\u00eddricos y glaciares, para un mayor conocimiento de ellos, especialmente los que se encuentran ubicados en Campos de Hielo Norte y Sur, que se constituyen como las reservas de agua dulce m\u00e1s grandes del mundo, por lo tanto, para contribuir al mejoramiento social, econ\u00f3mico y cient\u00edfico del pa\u00eds, es fundamental que se establezcan estas relaciones de colaboraci\u00f3n entre ambas instituciones, trabajemos conjuntamente, potenciando el desarrollo del territorio y su cuidado ambiental\u201d, se\u00f1al\u00f3 el SEREMI del MOP.<\/p>\n<p style=\"text-align: justify;\">El Director de la Direcci\u00f3n General de Aguas del Ministerio de Obras P\u00fablicas en la regi\u00f3n de Ays\u00e9n, H\u00e9ctor Cort\u00e9s Gaete relev\u00f3 este Convenio, indicando al respecto que \u201choy d\u00eda cumplimos un hito muy importante para la Direcci\u00f3n General de Aguas en donde firmamos un Convenio de cooperaci\u00f3n mutua, que nos permitir\u00e1 enfrentar en forma conjunta iniciativas relacionadas con el conocimiento de los glaciares principalmente en los sectores de Campo de Hielo Norte y Campo de Hielo Sur, capacitaci\u00f3n y generaci\u00f3n de iniciativas\u00a0 que en el futuro permitan nuevas acciones en estos sectores. Relevamos la importancia de este Convenio, porque de alguna manera tambi\u00e9n nos permite a nosotros difundir lo que hacemos y a la vez comprender lo que otras instituciones como el Ej\u00e9rcito est\u00e1n desarrollando en el \u00e1rea\u201d.<\/p>\n<p style=\"text-align: justify;\">El acuerdo suscrito tendr\u00e1 una permanencia de cinco a\u00f1os a contar de esta fecha, considera que el Ej\u00e9rcito facilite a la DGA el uso de los Refugios Pir\u00e1mide y el Cuartel Militar de Avanzada Villa O\u00b4Higgins, as\u00ed como tambi\u00e9n los medios a\u00e9reos (helic\u00f3ptero) y lacustres (Barcaza Capit\u00e1n Ihl) que requiera para la realizaci\u00f3n de su trabajo e investigaci\u00f3n. Adem\u00e1s, la IV Divisi\u00f3n del Ej\u00e9rcito, podr\u00e1 apoyar a la Direcci\u00f3n General de Aguas en actividades en el campo de la investigaci\u00f3n, medici\u00f3n y monitoreo, asociada a la obtenci\u00f3n de un mayor conocimiento de los recursos h\u00eddricos y glaciares en Campo de Hielo Norte y Campo de Hielo Sur, desarrollando acciones de apoyo tendientes a incorporar al personal de la Compa\u00f1\u00eda Andina Divisionaria N.\u00b0 20 Cochrane, especialista en monta\u00f1a, dentro de las actividades, campa\u00f1as y\/o expediciones que la DGA realice, quienes aportar\u00e1n sus conocimientos, asesor\u00eda y experiencia t\u00e9cnica, permitiendo adem\u00e1s con ello, una constante y permanente instrucci\u00f3n en los aspectos t\u00e1cticos y t\u00e9cnicos de monta\u00f1a.<\/p>\n<p style=\"text-align: justify;\">As\u00ed lo refrend\u00f3 el Comandante en Jefe de la IV Divisi\u00f3n de Ej\u00e9rcito, General de Brigada, Mario Enrique Sep\u00falveda Fuentes, quien destac\u00f3 que instancias como estas para el Ej\u00e9rcito son una gran oportunidad para unir el esfuerzo del Estado en diferentes \u00e1mbitos. \u201cUno de estos \u00e1mbitos es la conservaci\u00f3n, la mirada estrat\u00e9gica y el cuidado de nuestras aguas, as\u00ed que para la IV Divisi\u00f3n del Ej\u00e9rcito ha sido un motivo de gran satisfacci\u00f3n llegar a la firma de este Convenio de colaboraci\u00f3n mutua por ambas instituciones. El Ej\u00e9rcito pone a disposici\u00f3n diferentes \u00e1reas desde el punto de vista de la capacitaci\u00f3n, del entrenamiento, la mirada estrat\u00e9gica y el estudio cient\u00edfico, y tambi\u00e9n colocar nuestros medios y capacidad de oficio a disposici\u00f3n de la Direcci\u00f3n de Aguas para poder conservar una materia que desde el punto de vista nacional cada a\u00f1o cobra mayor importancia, como es el cuidado del agua. Nos sentimos muy orgullosos de firmar este Convenio\u201d<\/p>\n<p style=\"text-align: justify;\">La Direcci\u00f3n General de Aguas, mediante este Convenio desarrollar\u00e1 actividades en el campo de la investigaci\u00f3n, medici\u00f3n y monitoreo, asociada a la obtenci\u00f3n de un mayor conocimiento de los recursos h\u00eddricos y glaciares existentes en la regi\u00f3n de Ays\u00e9n, elaborando proyectos y actividades de campo como expediciones a fin de determinar las caracter\u00edsticas f\u00edsicas, qu\u00edmicas y\/o biol\u00f3gicas de los glaciares y mantendr\u00e1 un constante intercambio de informaci\u00f3n relativa al \u00e1mbito geogr\u00e1fico y territorial, conocimientos, procedimientos t\u00e9cnicos y datos obtenidos indispensables para el desarrollo de las actividades, as\u00ed como tambi\u00e9n gestionar\u00e1 los permisos necesarios ante terceros para la instalaci\u00f3n de instrumental cient\u00edfico y de infraestructura habilitante; tambi\u00e9n, promover\u00e1 y facilitar\u00e1 el desarrollo de actividades de capacitaci\u00f3n en esta \u00e1rea y facilitar\u00e1 a la IV Divisi\u00f3n de Ej\u00e9rcito las instalaciones de las estaciones glaciol\u00f3gicas ubicadas en Campos de Hielo denominadas Hielo Sur en Punta Nahuelcar; Hielo Sur en Glaciar O&#8217;Higgins; Hielo Sur en Glaciar Greve; Hielo Sur en\u00a0Nunatak Occidental y la Estaci\u00f3n Glaciol\u00f3gica Glaciar San Rafael, para que sean utilizadas por personal del Ej\u00e9rcito en la realizaci\u00f3n de sus campa\u00f1as.<\/p>\n<p style=\"text-align: justify;\"><strong>\u00a0<\/strong><\/p>\n<\/div><\/section><\/div><div  style='height:50px' class='hr hr-invisible   avia-builder-el-6  el_after_av_one_full  el_before_av_social_share '><span class='hr-inner ' ><span class='hr-inner-style'><\/span><\/span><\/div><\/p>\n<div  class='av-social-sharing-box  avia-builder-el-7  el_after_av_hr  el_before_av_hr  '><div class='av-share-box'><h5 class='av-share-link-description av-no-toc '>Compartir esta noticia<\/h5><ul class='av-share-box-list noLightbox'><li class='av-share-link av-social-link-facebook' ><a target=\"_blank\" aria-label=\"Compartir en Facebook\" href='https:\/\/www.facebook.com\/sharer.php?u=https:\/\/radiorevelacionfm.cl\/?p=35330&#038;t=MOP%20y%20Ej%C3%A9rcito%20firman%20convenio%20de%20colaboraci%C3%B3n%20en%20las%20%C3%A1reas%20de%20recursos%20h%C3%ADdricos%20y%20glaciares%20en%20la%20regi%C3%B3n%20de%20Ays%C3%A9n' aria-hidden='false' data-av_icon='\ue8f3' data-av_iconfont='entypo-fontello' title='' data-avia-related-tooltip='Compartir en Facebook' rel=\"noopener\"><span class='avia_hidden_link_text'>Compartir en Facebook<\/span><\/a><\/li><li class='av-share-link av-social-link-twitter' ><a target=\"_blank\" aria-label=\"Compartir en Twitter\" href='https:\/\/twitter.com\/share?text=MOP%20y%20Ej%C3%A9rcito%20firman%20convenio%20de%20colaboraci%C3%B3n%20en%20las%20%C3%A1reas%20de%20recursos%20h%C3%ADdricos%20y%20glaciares%20en%20la%20regi%C3%B3n%20de%20Ays%C3%A9n&#038;url=https:\/\/radiorevelacionfm.cl\/?p=35330' aria-hidden='false' data-av_icon='\ue8f1' data-av_iconfont='entypo-fontello' title='' data-avia-related-tooltip='Compartir en Twitter' rel=\"noopener\"><span class='avia_hidden_link_text'>Compartir en Twitter<\/span><\/a><\/li><li class='av-share-link av-social-link-whatsapp' ><a target=\"_blank\" aria-label=\"Compartir en Whatsapp\" href='https:\/\/api.whatsapp.com\/send?text=https:\/\/radiorevelacionfm.cl\/?p=35330' aria-hidden='false' data-av_icon='\uf232' data-av_iconfont='entypo-fontello' title='' data-avia-related-tooltip='Compartir en Whatsapp' rel=\"noopener\"><span class='avia_hidden_link_text'>Compartir en Whatsapp<\/span><\/a><\/li><li class='av-share-link av-social-link-linkedin' ><a target=\"_blank\" aria-label=\"Compartir en LinkedIn\" href='https:\/\/linkedin.com\/shareArticle?mini=true&#038;title=MOP%20y%20Ej%C3%A9rcito%20firman%20convenio%20de%20colaboraci%C3%B3n%20en%20las%20%C3%A1reas%20de%20recursos%20h%C3%ADdricos%20y%20glaciares%20en%20la%20regi%C3%B3n%20de%20Ays%C3%A9n&#038;url=https:\/\/radiorevelacionfm.cl\/?p=35330' aria-hidden='false' data-av_icon='\ue8fc' data-av_iconfont='entypo-fontello' title='' data-avia-related-tooltip='Compartir en LinkedIn' rel=\"noopener\"><span class='avia_hidden_link_text'>Compartir en LinkedIn<\/span><\/a><\/li><li class='av-share-link av-social-link-mail' ><a  aria-label=\"Compartir por correo\" href='mailto:?subject=MOP%20y%20Ej%C3%A9rcito%20firman%20convenio%20de%20colaboraci%C3%B3n%20en%20las%20%C3%A1reas%20de%20recursos%20h%C3%ADdricos%20y%20glaciares%20en%20la%20regi%C3%B3n%20de%20Ays%C3%A9n&#038;body=https:\/\/radiorevelacionfm.cl\/?p=35330' aria-hidden='false' data-av_icon='\ue805' data-av_iconfont='entypo-fontello' title='' data-avia-related-tooltip='Compartir por correo'><span class='avia_hidden_link_text'>Compartir por correo<\/span><\/a><\/li><\/ul><\/div><\/div>\n<div  style='height:50px' class='hr hr-invisible   avia-builder-el-8  el_after_av_social_share  el_before_av_comments_list '><span class='hr-inner ' ><span class='hr-inner-style'><\/span><\/span><\/div>\n<div  class='av-buildercomment  av-blog-meta-html-info-disabled av-blog-meta-tag-disabled  '><\/div>\n","protected":false},"excerpt":{"rendered":"","protected":false},"author":1,"featured_media":35331,"comment_status":"open","ping_status":"open","sticky":false,"template":"","format":"standard","meta":{"footnotes":""},"categories":[38],"tags":[],"class_list":["post-35330","post","type-post","status-publish","format-standard","has-post-thumbnail","hentry","category-regional"],"jetpack_featured_media_url":"https:\/\/radiorevelacionfm.cl\/wp-content\/uploads\/2023\/09\/FIRMA-MOP-EJERCITO-8-1-1.jpg","_links":{"self":[{"href":"https:\/\/radiorevelacionfm.cl\/index.php?rest_route=\/wp\/v2\/posts\/35330","targetHints":{"allow":["GET"]}}],"collection":[{"href":"https:\/\/radiorevelacionfm.cl\/index.php?rest_route=\/wp\/v2\/posts"}],"about":[{"href":"https:\/\/radiorevelacionfm.cl\/index.php?rest_route=\/wp\/v2\/types\/post"}],"author":[{"embeddable":true,"href":"https:\/\/radiorevelacionfm.cl\/index.php?rest_route=\/wp\/v2\/users\/1"}],"replies":[{"embeddable":true,"href":"https:\/\/radiorevelacionfm.cl\/index.php?rest_route=%2Fwp%2Fv2%2Fcomments&post=35330"}],"version-history":[{"count":1,"href":"https:\/\/radiorevelacionfm.cl\/index.php?rest_route=\/wp\/v2\/posts\/35330\/revisions"}],"predecessor-version":[{"id":35332,"href":"https:\/\/radiorevelacionfm.cl\/index.php?rest_route=\/wp\/v2\/posts\/35330\/revisions\/35332"}],"wp:featuredmedia":[{"embeddable":true,"href":"https:\/\/radiorevelacionfm.cl\/index.php?rest_route=\/wp\/v2\/media\/35331"}],"wp:attachment":[{"href":"https:\/\/radiorevelacionfm.cl\/index.php?rest_route=%2Fwp%2Fv2%2Fmedia&parent=35330"}],"wp:term":[{"taxonomy":"category","embeddable":true,"href":"https:\/\/radiorevelacionfm.cl\/index.php?rest_route=%2Fwp%2Fv2%2Fcategories&post=35330"},{"taxonomy":"post_tag","embeddable":true,"href":"https:\/\/radiorevelacionfm.cl\/index.php?rest_route=%2Fwp%2Fv2%2Ftags&post=35330"}],"curies":[{"name":"wp","href":"https:\/\/api.w.org\/{rel}","templated":true}]}}