{"id":35327,"date":"2023-09-26T16:21:33","date_gmt":"2023-09-26T19:21:33","guid":{"rendered":"https:\/\/radiorevelacionfm.cl\/?p=35327"},"modified":"2023-09-26T16:21:33","modified_gmt":"2023-09-26T19:21:33","slug":"avanza-proyecto-de-nuevo-bus-para-escuela-despertar-pronto-se-inicia-proceso-de-licitacion","status":"publish","type":"post","link":"https:\/\/radiorevelacionfm.cl\/?p=35327","title":{"rendered":"Avanza proyecto de nuevo bus para escuela Despertar, pronto se inicia proceso de licitaci\u00f3n"},"content":{"rendered":"<div class=\"flex_column av_one_full  flex_column_div av-zero-column-padding first  avia-builder-el-0  el_before_av_one_full  avia-builder-el-first  \" style='border-radius:0px; '><div  class='avia-image-container  av-styling-    avia-builder-el-1  avia-builder-el-no-sibling  avia-align-center '  itemprop=\"image\" itemscope=\"itemscope\" itemtype=\"https:\/\/schema.org\/ImageObject\"  ><div class='avia-image-container-inner'><div class='avia-image-overlay-wrap'><img decoding=\"async\" class='wp-image-35328 avia-img-lazy-loading-not-35328 avia_image' src=\"https:\/\/radiorevelacionfm.cl\/wp-content\/uploads\/2023\/09\/core-bus-1-1_optimized.jpg\" alt='' title='core-bus-1-(1)_optimized' height=\"600\" width=\"1067\"  itemprop=\"thumbnailUrl\" srcset=\"https:\/\/radiorevelacionfm.cl\/wp-content\/uploads\/2023\/09\/core-bus-1-1_optimized.jpg 1067w, https:\/\/radiorevelacionfm.cl\/wp-content\/uploads\/2023\/09\/core-bus-1-1_optimized-300x169.jpg 300w, https:\/\/radiorevelacionfm.cl\/wp-content\/uploads\/2023\/09\/core-bus-1-1_optimized-1030x579.jpg 1030w, https:\/\/radiorevelacionfm.cl\/wp-content\/uploads\/2023\/09\/core-bus-1-1_optimized-768x432.jpg 768w, https:\/\/radiorevelacionfm.cl\/wp-content\/uploads\/2023\/09\/core-bus-1-1_optimized-705x396.jpg 705w, https:\/\/radiorevelacionfm.cl\/wp-content\/uploads\/2023\/09\/core-bus-1-1_optimized-450x253.jpg 450w, https:\/\/radiorevelacionfm.cl\/wp-content\/uploads\/2023\/09\/core-bus-1-1_optimized-600x337.jpg 600w\" sizes=\"(max-width: 1067px) 100vw, 1067px\" \/><\/div><\/div><\/div><\/div><div class=\"flex_column av_one_full  flex_column_div av-zero-column-padding first  avia-builder-el-2  el_after_av_one_full  el_before_av_one_full  column-top-margin\" style='border-radius:0px; '><section class=\"av_textblock_section \"  itemscope=\"itemscope\" itemtype=\"https:\/\/schema.org\/BlogPosting\" itemprop=\"blogPost\" ><div class='avia_textblock  '   itemprop=\"text\" ><p style=\"text-align: center;\"><strong><span style=\"font-size: 18pt;\">Avanza proyecto de nuevo bus para escuela Despertar, pronto se inicia proceso de licitaci\u00f3n<\/span><\/strong><\/p>\n<div id=\"gtx-trans\" style=\"position: absolute; left: -50px; top: 4.31534px;\">\n<div class=\"gtx-trans-icon\"><\/div>\n<\/div>\n<\/div><\/section><\/div><div class=\"flex_column av_one_full  flex_column_div av-zero-column-padding first  avia-builder-el-4  el_after_av_one_full  el_before_av_hr  column-top-margin\" style='border-radius:0px; '><section class=\"av_textblock_section \"  itemscope=\"itemscope\" itemtype=\"https:\/\/schema.org\/BlogPosting\" itemprop=\"blogPost\" ><div class='avia_textblock  '   itemprop=\"text\" ><p style=\"text-align: justify;\">En la Comisi\u00f3n Social, Cultural y Deportivo del Consejo Regional, este lunes se conocieron detalles respecto al avance que presenta el proyecto de adquisici\u00f3n de nuevo y moderno bus para la Escuela Despertar de Puerto Ays\u00e9n, iniciativa comprometida por la Gobernadora Andrea Mac\u00edas Palma y que se est\u00e1 cumpliendo en beneficio de los y las estudiantes del establecimiento.<\/p>\n<p style=\"text-align: justify;\">En la reuni\u00f3n de este lunes, estuvo el Alcalde (s) de Ays\u00e9n, Marco Co\u00f1uecar, quien puso en valor esta importante iniciativa.<\/p>\n<p style=\"text-align: justify;\">\u201cEstamos muy contentos, estuvimos en la ma\u00f1ana en una importante reuni\u00f3n de la Comisi\u00f3n Social, viendo un proyecto que es sumamente necesario y sentido por la comunidad, principalmente por la Escuela Despertar, ya que, se trata de un nuevo bus. Agradecer a nuestra Gobernadora, Andrea Mac\u00edas, primero por la voluntad, el compromiso y por sobre todo impulsar este proyecto que est\u00e1 avanzando\u201d.<\/p>\n<p style=\"text-align: justify;\">Co\u00f1uecar, enfatiz\u00f3 que el bus para la escuela Despertar es una necesidad, por ello, comparti\u00f3 las noticias del avance del proyecto con la directora del establecimiento.<\/p>\n<p style=\"text-align: justify;\">\u201cConversamos con la directora de escuela, Claudia Retamal, est\u00e1n muy contentos como comunidad educativa, porque es un proyecto que viene a dar dignidad a nuestros estudiantes con un transporte de calidad, esperamos que se concrete pronto, porque sabemos que es una gran noticia y va a tener muy contentos a nuestros alumnos. Muy feliz de seguir trabajando como Municipalidad, de seguir haciendo v\u00ednculos, agradecer al Gobierno Regional, porque aqu\u00ed las cosas no las hacemos solos, la hacemos siempre con el apoyo de otras instituciones y el Gobierno Regional ha sido un gran aliado\u201d.<\/p>\n<p style=\"text-align: justify;\">Seg\u00fan lo expuesto por el jefe de divisi\u00f3n e infraestructura del Gobierno Regional, Oscar del Solar, en los pr\u00f3ximos d\u00edas debiera iniciarse el proceso de licitaci\u00f3n, que permita adquirir un nuevo y moderno bus, con amplia capacidad y exclusivo para los estudiantes de la Escuela Despertar de Puerto Ays\u00e9n.<\/p>\n<\/div><\/section><\/div><div  style='height:50px' class='hr hr-invisible   avia-builder-el-6  el_after_av_one_full  el_before_av_social_share '><span class='hr-inner ' ><span class='hr-inner-style'><\/span><\/span><\/div><\/p>\n<div  class='av-social-sharing-box  avia-builder-el-7  el_after_av_hr  el_before_av_hr  '><div class='av-share-box'><h5 class='av-share-link-description av-no-toc '>Compartir esta noticia<\/h5><ul class='av-share-box-list noLightbox'><li class='av-share-link av-social-link-facebook' ><a target=\"_blank\" aria-label=\"Compartir en Facebook\" href='https:\/\/www.facebook.com\/sharer.php?u=https:\/\/radiorevelacionfm.cl\/?p=35327&#038;t=Avanza%20proyecto%20de%20nuevo%20bus%20para%20escuela%20Despertar%2C%20pronto%20se%20inicia%20proceso%20de%20licitaci%C3%B3n' aria-hidden='false' data-av_icon='\ue8f3' data-av_iconfont='entypo-fontello' title='' data-avia-related-tooltip='Compartir en Facebook' rel=\"noopener\"><span class='avia_hidden_link_text'>Compartir en Facebook<\/span><\/a><\/li><li class='av-share-link av-social-link-twitter' ><a target=\"_blank\" aria-label=\"Compartir en Twitter\" href='https:\/\/twitter.com\/share?text=Avanza%20proyecto%20de%20nuevo%20bus%20para%20escuela%20Despertar%2C%20pronto%20se%20inicia%20proceso%20de%20licitaci%C3%B3n&#038;url=https:\/\/radiorevelacionfm.cl\/?p=35327' aria-hidden='false' data-av_icon='\ue8f1' data-av_iconfont='entypo-fontello' title='' data-avia-related-tooltip='Compartir en Twitter' rel=\"noopener\"><span class='avia_hidden_link_text'>Compartir en Twitter<\/span><\/a><\/li><li class='av-share-link av-social-link-whatsapp' ><a target=\"_blank\" aria-label=\"Compartir en Whatsapp\" href='https:\/\/api.whatsapp.com\/send?text=https:\/\/radiorevelacionfm.cl\/?p=35327' aria-hidden='false' data-av_icon='\uf232' data-av_iconfont='entypo-fontello' title='' data-avia-related-tooltip='Compartir en Whatsapp' rel=\"noopener\"><span class='avia_hidden_link_text'>Compartir en Whatsapp<\/span><\/a><\/li><li class='av-share-link av-social-link-linkedin' ><a target=\"_blank\" aria-label=\"Compartir en LinkedIn\" href='https:\/\/linkedin.com\/shareArticle?mini=true&#038;title=Avanza%20proyecto%20de%20nuevo%20bus%20para%20escuela%20Despertar%2C%20pronto%20se%20inicia%20proceso%20de%20licitaci%C3%B3n&#038;url=https:\/\/radiorevelacionfm.cl\/?p=35327' aria-hidden='false' data-av_icon='\ue8fc' data-av_iconfont='entypo-fontello' title='' data-avia-related-tooltip='Compartir en LinkedIn' rel=\"noopener\"><span class='avia_hidden_link_text'>Compartir en LinkedIn<\/span><\/a><\/li><li class='av-share-link av-social-link-mail' ><a  aria-label=\"Compartir por correo\" href='mailto:?subject=Avanza%20proyecto%20de%20nuevo%20bus%20para%20escuela%20Despertar%2C%20pronto%20se%20inicia%20proceso%20de%20licitaci%C3%B3n&#038;body=https:\/\/radiorevelacionfm.cl\/?p=35327' aria-hidden='false' data-av_icon='\ue805' data-av_iconfont='entypo-fontello' title='' data-avia-related-tooltip='Compartir por correo'><span class='avia_hidden_link_text'>Compartir por correo<\/span><\/a><\/li><\/ul><\/div><\/div>\n<div  style='height:50px' class='hr hr-invisible   avia-builder-el-8  el_after_av_social_share  el_before_av_comments_list '><span class='hr-inner ' ><span class='hr-inner-style'><\/span><\/span><\/div>\n<div  class='av-buildercomment  av-blog-meta-html-info-disabled av-blog-meta-tag-disabled  '><\/div>\n","protected":false},"excerpt":{"rendered":"","protected":false},"author":1,"featured_media":35328,"comment_status":"open","ping_status":"open","sticky":false,"template":"","format":"standard","meta":{"footnotes":""},"categories":[38],"tags":[],"class_list":["post-35327","post","type-post","status-publish","format-standard","has-post-thumbnail","hentry","category-regional"],"jetpack_featured_media_url":"https:\/\/radiorevelacionfm.cl\/wp-content\/uploads\/2023\/09\/core-bus-1-1_optimized.jpg","_links":{"self":[{"href":"https:\/\/radiorevelacionfm.cl\/index.php?rest_route=\/wp\/v2\/posts\/35327","targetHints":{"allow":["GET"]}}],"collection":[{"href":"https:\/\/radiorevelacionfm.cl\/index.php?rest_route=\/wp\/v2\/posts"}],"about":[{"href":"https:\/\/radiorevelacionfm.cl\/index.php?rest_route=\/wp\/v2\/types\/post"}],"author":[{"embeddable":true,"href":"https:\/\/radiorevelacionfm.cl\/index.php?rest_route=\/wp\/v2\/users\/1"}],"replies":[{"embeddable":true,"href":"https:\/\/radiorevelacionfm.cl\/index.php?rest_route=%2Fwp%2Fv2%2Fcomments&post=35327"}],"version-history":[{"count":1,"href":"https:\/\/radiorevelacionfm.cl\/index.php?rest_route=\/wp\/v2\/posts\/35327\/revisions"}],"predecessor-version":[{"id":35329,"href":"https:\/\/radiorevelacionfm.cl\/index.php?rest_route=\/wp\/v2\/posts\/35327\/revisions\/35329"}],"wp:featuredmedia":[{"embeddable":true,"href":"https:\/\/radiorevelacionfm.cl\/index.php?rest_route=\/wp\/v2\/media\/35328"}],"wp:attachment":[{"href":"https:\/\/radiorevelacionfm.cl\/index.php?rest_route=%2Fwp%2Fv2%2Fmedia&parent=35327"}],"wp:term":[{"taxonomy":"category","embeddable":true,"href":"https:\/\/radiorevelacionfm.cl\/index.php?rest_route=%2Fwp%2Fv2%2Fcategories&post=35327"},{"taxonomy":"post_tag","embeddable":true,"href":"https:\/\/radiorevelacionfm.cl\/index.php?rest_route=%2Fwp%2Fv2%2Ftags&post=35327"}],"curies":[{"name":"wp","href":"https:\/\/api.w.org\/{rel}","templated":true}]}}