{"id":35324,"date":"2023-09-26T15:28:29","date_gmt":"2023-09-26T18:28:29","guid":{"rendered":"https:\/\/radiorevelacionfm.cl\/?p=35324"},"modified":"2023-09-26T15:28:29","modified_gmt":"2023-09-26T18:28:29","slug":"comites-y-diputado-calisto-valoran-firma-de-promesa-de-compra-venta-de-terrenos-de-la-chacra-weber-en-puerto-aysen","status":"publish","type":"post","link":"https:\/\/radiorevelacionfm.cl\/?p=35324","title":{"rendered":"Comit\u00e9s y diputado Calisto valoran firma de promesa de compra venta de terrenos de la chacra Weber en Puerto Ays\u00e9n"},"content":{"rendered":"<div class=\"flex_column av_one_full  flex_column_div av-zero-column-padding first  avia-builder-el-0  el_before_av_one_full  avia-builder-el-first  \" style='border-radius:0px; '><div  class='avia-image-container  av-styling-    avia-builder-el-1  avia-builder-el-no-sibling  avia-align-center '  itemprop=\"image\" itemscope=\"itemscope\" itemtype=\"https:\/\/schema.org\/ImageObject\"  ><div class='avia-image-container-inner'><div class='avia-image-overlay-wrap'><img decoding=\"async\" class='wp-image-35325 avia-img-lazy-loading-not-35325 avia_image' src=\"https:\/\/radiorevelacionfm.cl\/wp-content\/uploads\/2023\/09\/comites-chacra-weber-1_optimized-1.jpg\" alt='' title='comit\u00e9s-chacra-weber-(1)_optimized (1)' height=\"600\" width=\"1084\"  itemprop=\"thumbnailUrl\" srcset=\"https:\/\/radiorevelacionfm.cl\/wp-content\/uploads\/2023\/09\/comites-chacra-weber-1_optimized-1.jpg 1084w, https:\/\/radiorevelacionfm.cl\/wp-content\/uploads\/2023\/09\/comites-chacra-weber-1_optimized-1-300x166.jpg 300w, https:\/\/radiorevelacionfm.cl\/wp-content\/uploads\/2023\/09\/comites-chacra-weber-1_optimized-1-1030x570.jpg 1030w, https:\/\/radiorevelacionfm.cl\/wp-content\/uploads\/2023\/09\/comites-chacra-weber-1_optimized-1-768x425.jpg 768w, https:\/\/radiorevelacionfm.cl\/wp-content\/uploads\/2023\/09\/comites-chacra-weber-1_optimized-1-705x390.jpg 705w, https:\/\/radiorevelacionfm.cl\/wp-content\/uploads\/2023\/09\/comites-chacra-weber-1_optimized-1-450x249.jpg 450w, https:\/\/radiorevelacionfm.cl\/wp-content\/uploads\/2023\/09\/comites-chacra-weber-1_optimized-1-600x332.jpg 600w\" sizes=\"(max-width: 1084px) 100vw, 1084px\" \/><\/div><\/div><\/div><\/div><div class=\"flex_column av_one_full  flex_column_div av-zero-column-padding first  avia-builder-el-2  el_after_av_one_full  el_before_av_one_full  column-top-margin\" style='border-radius:0px; '><section class=\"av_textblock_section \"  itemscope=\"itemscope\" itemtype=\"https:\/\/schema.org\/BlogPosting\" itemprop=\"blogPost\" ><div class='avia_textblock  '   itemprop=\"text\" ><p style=\"text-align: center;\"><strong><span style=\"font-size: 18pt;\">Comit\u00e9s y diputado Calisto valoran firma de promesa de compra venta de terrenos de la chacra Weber en Puerto Ays\u00e9n<\/span><\/strong><\/p>\n<div id=\"gtx-trans\" style=\"position: absolute; left: -50px; top: 4.31534px;\">\n<div class=\"gtx-trans-icon\"><\/div>\n<\/div>\n<\/div><\/section><\/div><div class=\"flex_column av_one_full  flex_column_div av-zero-column-padding first  avia-builder-el-4  el_after_av_one_full  el_before_av_hr  column-top-margin\" style='border-radius:0px; '><section class=\"av_textblock_section \"  itemscope=\"itemscope\" itemtype=\"https:\/\/schema.org\/BlogPosting\" itemprop=\"blogPost\" ><div class='avia_textblock  '   itemprop=\"text\" ><p style=\"font-weight: 400; text-align: justify;\">C\u00f3mo una excelente noticia y un gran avance calificaron el diputado Miguel \u00c1ngel Calisto y las dirigentes de los siete comit\u00e9s que tienen proyectadas sus viviendas en los pa\u00f1os E y F de la chacra Weber de Puerto Ays\u00e9n, la firma de la promesa de compra y venta de los terrenos.<\/p>\n<p style=\"font-weight: 400; text-align: justify;\">En los pa\u00f1os E y F de la chacra Weber se proyecta la construcci\u00f3n de las viviendas de los comit\u00e9s Tesoro Austral 1, Zenchutu Mawun, Paso a Pasito, Paso a Pasito 1, Techo Digno, Todos por un Sue\u00f1o sin discriminaci\u00f3n y Madres de la Patagonia.<\/p>\n<p style=\"font-weight: 400; text-align: justify;\">Seg\u00fan el diputado Miguel \u00c1ngel Calisto, \u201cestamos muy contentos, porque se firm\u00f3 el compromiso de compraventa con los comit\u00e9s de Puerto Ays\u00e9n. Se trata de siete comit\u00e9s del lote F y lote E de la chacra Weber en Puerto Ays\u00e9n. Nosotros comenzamos a trabajar con estos comit\u00e9s desde el inicio, cuando se comenz\u00f3 a sondear y a ver la posibilidad de proyecci\u00f3n de viviendas en este terreno\u201d.<\/p>\n<p style=\"font-weight: 400; text-align: justify;\">\u201cAc\u00e1 se va a dar una soluci\u00f3n habitacional a un n\u00famero importante de familias de Puerto Ays\u00e9n. Estamos contentos y felicitamos a sus dirigentes, porque este es un paso que se ha dado principalmente gracias a su trabajo y compromiso. Vamos a seguir acompa\u00f1\u00e1ndolos hasta que tengamos la concreci\u00f3n de sus viviendas\u201d, indic\u00f3.<\/p>\n<p style=\"font-weight: 400; text-align: justify;\">Seg\u00fan Fabiola Bustamante, Presidenta del Comit\u00e9 Tesoro Austral 1, \u201cen el pa\u00f1o E del terreno Weber somos tres comit\u00e9s, Zenchutu Mawun, Techo Digno y Tesoro Austral 1. Hemos ido avanzando muy bien, estamos contentos y muy agradecidos del diputado Calisto, que siempre nos ha asesorado y siempre ha tenido buena disposici\u00f3n cuando hemos requerido alguna informaci\u00f3n, siempre ha estado atento\u201d.<\/p>\n<p style=\"font-weight: 400; text-align: justify;\">\u201cNosotros ya firmamos el compromiso de compra y venta con el due\u00f1o del terreno. Estamos muy agradecidos de todos quienes nos han ayudado, porque considero que hemos avanzado bastante r\u00e1pido, sin ning\u00fan tipo de conflicto, lo que es muy importante. Porque siempre hemos trabajado con respeto y solicitamos las cosas con humildad\u201d, se\u00f1al\u00f3 la dirigenta.<\/p>\n<p style=\"font-weight: 400; text-align: justify;\">Finalmente, la coordinadora del Comit\u00e9 Madres de la Patagonia, Silvia Chiguay, asegur\u00f3 que \u201cen nuestro comit\u00e9 participan 27 familias que llevan tres a\u00f1os. Hemos tenido un avance inmenso, porque ya tenemos el compromiso de compra y venta. Los dos pa\u00f1os, que abarcan siente comit\u00e9s, son prioridad actualmente. Le agradecemos al diputado Calisto, quien nos ha ayudado a coordinar todo con los otros comit\u00e9s. Cualquier duda o gesti\u00f3n, siempre se la solicitamos a \u00e9l\u201d.<\/p>\n<\/div><\/section><\/div><div  style='height:50px' class='hr hr-invisible   avia-builder-el-6  el_after_av_one_full  el_before_av_social_share '><span class='hr-inner ' ><span class='hr-inner-style'><\/span><\/span><\/div><\/p>\n<div  class='av-social-sharing-box  avia-builder-el-7  el_after_av_hr  el_before_av_hr  '><div class='av-share-box'><h5 class='av-share-link-description av-no-toc '>Compartir esta noticia<\/h5><ul class='av-share-box-list noLightbox'><li class='av-share-link av-social-link-facebook' ><a target=\"_blank\" aria-label=\"Compartir en Facebook\" href='https:\/\/www.facebook.com\/sharer.php?u=https:\/\/radiorevelacionfm.cl\/?p=35324&#038;t=Comit%C3%A9s%20y%20diputado%20Calisto%20valoran%20firma%20de%20promesa%20de%20compra%20venta%20de%20terrenos%20de%20la%20chacra%20Weber%20en%20Puerto%20Ays%C3%A9n' aria-hidden='false' data-av_icon='\ue8f3' data-av_iconfont='entypo-fontello' title='' data-avia-related-tooltip='Compartir en Facebook' rel=\"noopener\"><span class='avia_hidden_link_text'>Compartir en Facebook<\/span><\/a><\/li><li class='av-share-link av-social-link-twitter' ><a target=\"_blank\" aria-label=\"Compartir en Twitter\" href='https:\/\/twitter.com\/share?text=Comit%C3%A9s%20y%20diputado%20Calisto%20valoran%20firma%20de%20promesa%20de%20compra%20venta%20de%20terrenos%20de%20la%20chacra%20Weber%20en%20Puerto%20Ays%C3%A9n&#038;url=https:\/\/radiorevelacionfm.cl\/?p=35324' aria-hidden='false' data-av_icon='\ue8f1' data-av_iconfont='entypo-fontello' title='' data-avia-related-tooltip='Compartir en Twitter' rel=\"noopener\"><span class='avia_hidden_link_text'>Compartir en Twitter<\/span><\/a><\/li><li class='av-share-link av-social-link-whatsapp' ><a target=\"_blank\" aria-label=\"Compartir en Whatsapp\" href='https:\/\/api.whatsapp.com\/send?text=https:\/\/radiorevelacionfm.cl\/?p=35324' aria-hidden='false' data-av_icon='\uf232' data-av_iconfont='entypo-fontello' title='' data-avia-related-tooltip='Compartir en Whatsapp' rel=\"noopener\"><span class='avia_hidden_link_text'>Compartir en Whatsapp<\/span><\/a><\/li><li class='av-share-link av-social-link-linkedin' ><a target=\"_blank\" aria-label=\"Compartir en LinkedIn\" href='https:\/\/linkedin.com\/shareArticle?mini=true&#038;title=Comit%C3%A9s%20y%20diputado%20Calisto%20valoran%20firma%20de%20promesa%20de%20compra%20venta%20de%20terrenos%20de%20la%20chacra%20Weber%20en%20Puerto%20Ays%C3%A9n&#038;url=https:\/\/radiorevelacionfm.cl\/?p=35324' aria-hidden='false' data-av_icon='\ue8fc' data-av_iconfont='entypo-fontello' title='' data-avia-related-tooltip='Compartir en LinkedIn' rel=\"noopener\"><span class='avia_hidden_link_text'>Compartir en LinkedIn<\/span><\/a><\/li><li class='av-share-link av-social-link-mail' ><a  aria-label=\"Compartir por correo\" href='mailto:?subject=Comit%C3%A9s%20y%20diputado%20Calisto%20valoran%20firma%20de%20promesa%20de%20compra%20venta%20de%20terrenos%20de%20la%20chacra%20Weber%20en%20Puerto%20Ays%C3%A9n&#038;body=https:\/\/radiorevelacionfm.cl\/?p=35324' aria-hidden='false' data-av_icon='\ue805' data-av_iconfont='entypo-fontello' title='' data-avia-related-tooltip='Compartir por correo'><span class='avia_hidden_link_text'>Compartir por correo<\/span><\/a><\/li><\/ul><\/div><\/div>\n<div  style='height:50px' class='hr hr-invisible   avia-builder-el-8  el_after_av_social_share  el_before_av_comments_list '><span class='hr-inner ' ><span class='hr-inner-style'><\/span><\/span><\/div>\n<div  class='av-buildercomment  av-blog-meta-html-info-disabled av-blog-meta-tag-disabled  '><\/div>\n","protected":false},"excerpt":{"rendered":"","protected":false},"author":1,"featured_media":35325,"comment_status":"open","ping_status":"open","sticky":false,"template":"","format":"standard","meta":{"footnotes":""},"categories":[35],"tags":[],"class_list":["post-35324","post","type-post","status-publish","format-standard","has-post-thumbnail","hentry","category-politica"],"jetpack_featured_media_url":"https:\/\/radiorevelacionfm.cl\/wp-content\/uploads\/2023\/09\/comites-chacra-weber-1_optimized-1.jpg","_links":{"self":[{"href":"https:\/\/radiorevelacionfm.cl\/index.php?rest_route=\/wp\/v2\/posts\/35324","targetHints":{"allow":["GET"]}}],"collection":[{"href":"https:\/\/radiorevelacionfm.cl\/index.php?rest_route=\/wp\/v2\/posts"}],"about":[{"href":"https:\/\/radiorevelacionfm.cl\/index.php?rest_route=\/wp\/v2\/types\/post"}],"author":[{"embeddable":true,"href":"https:\/\/radiorevelacionfm.cl\/index.php?rest_route=\/wp\/v2\/users\/1"}],"replies":[{"embeddable":true,"href":"https:\/\/radiorevelacionfm.cl\/index.php?rest_route=%2Fwp%2Fv2%2Fcomments&post=35324"}],"version-history":[{"count":1,"href":"https:\/\/radiorevelacionfm.cl\/index.php?rest_route=\/wp\/v2\/posts\/35324\/revisions"}],"predecessor-version":[{"id":35326,"href":"https:\/\/radiorevelacionfm.cl\/index.php?rest_route=\/wp\/v2\/posts\/35324\/revisions\/35326"}],"wp:featuredmedia":[{"embeddable":true,"href":"https:\/\/radiorevelacionfm.cl\/index.php?rest_route=\/wp\/v2\/media\/35325"}],"wp:attachment":[{"href":"https:\/\/radiorevelacionfm.cl\/index.php?rest_route=%2Fwp%2Fv2%2Fmedia&parent=35324"}],"wp:term":[{"taxonomy":"category","embeddable":true,"href":"https:\/\/radiorevelacionfm.cl\/index.php?rest_route=%2Fwp%2Fv2%2Fcategories&post=35324"},{"taxonomy":"post_tag","embeddable":true,"href":"https:\/\/radiorevelacionfm.cl\/index.php?rest_route=%2Fwp%2Fv2%2Ftags&post=35324"}],"curies":[{"name":"wp","href":"https:\/\/api.w.org\/{rel}","templated":true}]}}