{"id":35322,"date":"2023-09-26T13:28:35","date_gmt":"2023-09-26T16:28:35","guid":{"rendered":"https:\/\/radiorevelacionfm.cl\/?p=35322"},"modified":"2023-09-26T15:40:34","modified_gmt":"2023-09-26T18:40:34","slug":"juzgado-de-puerto-cisnes-decreta-la-prision-preventiva-de-imputados-por-el-delito-de-homicidio-frustrado","status":"publish","type":"post","link":"https:\/\/radiorevelacionfm.cl\/?p=35322","title":{"rendered":"Juzgado de Puerto Cisnes decreta la prisi\u00f3n preventiva de imputados por el delito de homicidio frustrado"},"content":{"rendered":"<div class=\"flex_column av_one_full  flex_column_div av-zero-column-padding first  avia-builder-el-0  el_before_av_one_full  avia-builder-el-first  \" style='border-radius:0px; '><div  class='avia-image-container  av-styling-    avia-builder-el-1  avia-builder-el-no-sibling  avia-align-center '  itemprop=\"image\" itemscope=\"itemscope\" itemtype=\"https:\/\/schema.org\/ImageObject\"  ><div class='avia-image-container-inner'><div class='avia-image-overlay-wrap'><img decoding=\"async\" class='wp-image-23912 avia-img-lazy-loading-not-23912 avia_image' src=\"https:\/\/radiorevelacionfm.cl\/wp-content\/uploads\/2022\/11\/puerto-cisnes-tribunal-1-1_optimized-1.jpg\" alt='' title='puerto-cisnes-tribunal-(1)-(1)_optimized (1)' height=\"600\" width=\"900\"  itemprop=\"thumbnailUrl\" srcset=\"https:\/\/radiorevelacionfm.cl\/wp-content\/uploads\/2022\/11\/puerto-cisnes-tribunal-1-1_optimized-1.jpg 900w, https:\/\/radiorevelacionfm.cl\/wp-content\/uploads\/2022\/11\/puerto-cisnes-tribunal-1-1_optimized-1-300x200.jpg 300w, https:\/\/radiorevelacionfm.cl\/wp-content\/uploads\/2022\/11\/puerto-cisnes-tribunal-1-1_optimized-1-768x512.jpg 768w, https:\/\/radiorevelacionfm.cl\/wp-content\/uploads\/2022\/11\/puerto-cisnes-tribunal-1-1_optimized-1-705x470.jpg 705w, https:\/\/radiorevelacionfm.cl\/wp-content\/uploads\/2022\/11\/puerto-cisnes-tribunal-1-1_optimized-1-600x400.jpg 600w\" sizes=\"(max-width: 900px) 100vw, 900px\" \/><\/div><\/div><\/div><\/div>\n<div class=\"flex_column av_one_full  flex_column_div av-zero-column-padding first  avia-builder-el-2  el_after_av_one_full  el_before_av_one_full  column-top-margin\" style='border-radius:0px; '><section class=\"av_textblock_section \"  itemscope=\"itemscope\" itemtype=\"https:\/\/schema.org\/BlogPosting\" itemprop=\"blogPost\" ><div class='avia_textblock  '   itemprop=\"text\" ><p style=\"text-align: center;\"><strong><span style=\"font-size: 18pt;\">Juzgado de Puerto Cisnes decreta la prisi\u00f3n preventiva de imputados por el delito de homicidio frustrado<\/span><\/strong><\/p>\n<div id=\"gtx-trans\" style=\"position: absolute; left: -50px; top: 4.31534px;\">\n<div class=\"gtx-trans-icon\"><\/div>\n<\/div>\n<\/div><\/section><\/div>\n<div class=\"flex_column av_one_full  flex_column_div av-zero-column-padding first  avia-builder-el-4  el_after_av_one_full  el_before_av_hr  column-top-margin\" style='border-radius:0px; '><section class=\"av_textblock_section \"  itemscope=\"itemscope\" itemtype=\"https:\/\/schema.org\/BlogPosting\" itemprop=\"blogPost\" ><div class='avia_textblock  '   itemprop=\"text\" ><p class=\"v1MsoNormal\" style=\"text-align: justify;\">El Juzgado de Garant\u00eda de Puerto Cisnes decret\u00f3 hoy \u2013martes 26 de septiembre\u2013 la cautelar de prisi\u00f3n preventiva para R.A.B.A., A.E.L.O., N.F.P.P., y la internaci\u00f3n provisoria del menor L.J.L.O., imputados por el Ministerio P\u00fablico como autores del delito de homicidio calificado en grado de frustrado. Il\u00edcito perpetrado el pasado 22 de septiembre, en el sector sendero Dos Lagunas, de la comuna.<\/p>\n<p class=\"v1MsoNormal\" style=\"text-align: justify;\">En la audiencia de formalizaci\u00f3n, la magistrada Carolina Mart\u00ednez orden\u00f3 el ingreso de los imputados adultos al Centro de Detenci\u00f3n Preventiva de Puerto Ays\u00e9n, y respecto del menor en el Centro de Internaci\u00f3n Provisoria de Coyhaique, por considerar que la libertad de los imputados constituye un peligro para la seguridad de la sociedad. Adem\u00e1s, fij\u00f3 en 70 d\u00edas el plazo de investigaci\u00f3n.<\/p>\n<p class=\"v1MsoNormal\" style=\"text-align: justify;\">Seg\u00fan el ente persecutor, en la ma\u00f1ana del d\u00eda 22 de septiembre de 2023, los imputados R.A.B.A., A.E.L.O., N.F.P.P. y el menor L.J.L.O., se planificaron y organizaron para darle muerte a la v\u00edctima F.L.M.S., para lo cual lo contactan y mediante enga\u00f1o, uno de ellos le pide reunirse con \u00e9l en un lugar determinado. Fue as\u00ed que alrededor de las 11:00 horas, la v\u00edctima fue citada hasta el ingreso del sendero Dos Lagunas, en la comuna de Puerto Cisnes, con el supuesto fin de que la v\u00edctima le llevara una m\u00e1scara de soldar.<\/p>\n<p class=\"v1MsoNormal\" style=\"text-align: justify;\">En momentos posteriores, la v\u00edctima lleg\u00f3 hasta el lugar previamente convenido, creyendo en que las intenciones de R.A.B.A. eran reales. Hasta ese lugar, llegaron los imputados A.E.L.O., N.F.P.P. y L.J.L.O., instante en que los cuatro imputados se abalanzaron sobre la v\u00edctima, y con la intenci\u00f3n de darle muerte, lo agredieron con un objeto contundente en la cabeza, aturdi\u00e9ndolo, y una vez que \u00e9ste estuvo en el suelo, comenzaron a propinarle golpes con objetos contundentes y golpes de pies y pu\u00f1o en distintas partes de su cuerpo, procediendo en ese momento a esposar a la v\u00edctima, juntando sus manos por detr\u00e1s de la espalda y colocando en sus mu\u00f1ecas unas esposas met\u00e1licas. Mientras la v\u00edctima se encontraba completamente indefensa, y actuando los imputados sobreseguro, continuaron golpe\u00e1ndolo durante alrededor de 15 minutos, especialmente en su cabeza, aumentando deliberadamente el dolor causado a la v\u00edctima con esta forma comisiva, todo ello mientras el imputado R.A.B.A. grababa la golpiza con su tel\u00e9fono celular.<\/p>\n<p class=\"v1MsoNormal\" style=\"text-align: justify;\">Continuaron tomando a la v\u00edctima entre todos, haciendo que esta se arrodillara y amenaz\u00e1ndolo de muerte, mientras le dec\u00edan que lo matar\u00edan a \u00e9l y a su familia si es que abr\u00eda la boca, manteniendo la agresi\u00f3n hasta que la v\u00edctima perdi\u00f3 la conciencia, y en la creencia de que lo hab\u00edan golpeado lo suficiente para lograr su muerte, los imputados lo dejaron abandonado en el sitio eriazo en que se encontraba.<\/p>\n<\/div><\/section><\/div><div  style='height:50px' class='hr hr-invisible   avia-builder-el-6  el_after_av_one_full  el_before_av_social_share '><span class='hr-inner ' ><span class='hr-inner-style'><\/span><\/span><\/div><\/p>\n<div  class='av-social-sharing-box  avia-builder-el-7  el_after_av_hr  el_before_av_hr  '><div class='av-share-box'><h5 class='av-share-link-description av-no-toc '>Compartir esta noticia<\/h5><ul class='av-share-box-list noLightbox'><li class='av-share-link av-social-link-facebook' ><a target=\"_blank\" aria-label=\"Compartir en Facebook\" href='https:\/\/www.facebook.com\/sharer.php?u=https:\/\/radiorevelacionfm.cl\/?p=35322&#038;t=Juzgado%20de%20Puerto%20Cisnes%20decreta%20la%20prisi%C3%B3n%20preventiva%20de%20imputados%20por%20el%20delito%20de%20homicidio%20frustrado' aria-hidden='false' data-av_icon='\ue8f3' data-av_iconfont='entypo-fontello' title='' data-avia-related-tooltip='Compartir en Facebook' rel=\"noopener\"><span class='avia_hidden_link_text'>Compartir en Facebook<\/span><\/a><\/li><li class='av-share-link av-social-link-twitter' ><a target=\"_blank\" aria-label=\"Compartir en Twitter\" href='https:\/\/twitter.com\/share?text=Juzgado%20de%20Puerto%20Cisnes%20decreta%20la%20prisi%C3%B3n%20preventiva%20de%20imputados%20por%20el%20delito%20de%20homicidio%20frustrado&#038;url=https:\/\/radiorevelacionfm.cl\/?p=35322' aria-hidden='false' data-av_icon='\ue8f1' data-av_iconfont='entypo-fontello' title='' data-avia-related-tooltip='Compartir en Twitter' rel=\"noopener\"><span class='avia_hidden_link_text'>Compartir en Twitter<\/span><\/a><\/li><li class='av-share-link av-social-link-whatsapp' ><a target=\"_blank\" aria-label=\"Compartir en Whatsapp\" href='https:\/\/api.whatsapp.com\/send?text=https:\/\/radiorevelacionfm.cl\/?p=35322' aria-hidden='false' data-av_icon='\uf232' data-av_iconfont='entypo-fontello' title='' data-avia-related-tooltip='Compartir en Whatsapp' rel=\"noopener\"><span class='avia_hidden_link_text'>Compartir en Whatsapp<\/span><\/a><\/li><li class='av-share-link av-social-link-linkedin' ><a target=\"_blank\" aria-label=\"Compartir en LinkedIn\" href='https:\/\/linkedin.com\/shareArticle?mini=true&#038;title=Juzgado%20de%20Puerto%20Cisnes%20decreta%20la%20prisi%C3%B3n%20preventiva%20de%20imputados%20por%20el%20delito%20de%20homicidio%20frustrado&#038;url=https:\/\/radiorevelacionfm.cl\/?p=35322' aria-hidden='false' data-av_icon='\ue8fc' data-av_iconfont='entypo-fontello' title='' data-avia-related-tooltip='Compartir en LinkedIn' rel=\"noopener\"><span class='avia_hidden_link_text'>Compartir en LinkedIn<\/span><\/a><\/li><li class='av-share-link av-social-link-mail' ><a  aria-label=\"Compartir por correo\" href='mailto:?subject=Juzgado%20de%20Puerto%20Cisnes%20decreta%20la%20prisi%C3%B3n%20preventiva%20de%20imputados%20por%20el%20delito%20de%20homicidio%20frustrado&#038;body=https:\/\/radiorevelacionfm.cl\/?p=35322' aria-hidden='false' data-av_icon='\ue805' data-av_iconfont='entypo-fontello' title='' data-avia-related-tooltip='Compartir por correo'><span class='avia_hidden_link_text'>Compartir por correo<\/span><\/a><\/li><\/ul><\/div><\/div>\n<div  style='height:50px' class='hr hr-invisible   avia-builder-el-8  el_after_av_social_share  el_before_av_comments_list '><span class='hr-inner ' ><span class='hr-inner-style'><\/span><\/span><\/div>\n<div  class='av-buildercomment  av-blog-meta-html-info-disabled av-blog-meta-tag-disabled  '><\/div>\n","protected":false},"excerpt":{"rendered":"","protected":false},"author":1,"featured_media":23912,"comment_status":"open","ping_status":"open","sticky":false,"template":"","format":"standard","meta":{"footnotes":""},"categories":[55],"tags":[],"class_list":["post-35322","post","type-post","status-publish","format-standard","has-post-thumbnail","hentry","category-justicia"],"jetpack_featured_media_url":"https:\/\/radiorevelacionfm.cl\/wp-content\/uploads\/2022\/11\/puerto-cisnes-tribunal-1-1_optimized-1.jpg","_links":{"self":[{"href":"https:\/\/radiorevelacionfm.cl\/index.php?rest_route=\/wp\/v2\/posts\/35322","targetHints":{"allow":["GET"]}}],"collection":[{"href":"https:\/\/radiorevelacionfm.cl\/index.php?rest_route=\/wp\/v2\/posts"}],"about":[{"href":"https:\/\/radiorevelacionfm.cl\/index.php?rest_route=\/wp\/v2\/types\/post"}],"author":[{"embeddable":true,"href":"https:\/\/radiorevelacionfm.cl\/index.php?rest_route=\/wp\/v2\/users\/1"}],"replies":[{"embeddable":true,"href":"https:\/\/radiorevelacionfm.cl\/index.php?rest_route=%2Fwp%2Fv2%2Fcomments&post=35322"}],"version-history":[{"count":2,"href":"https:\/\/radiorevelacionfm.cl\/index.php?rest_route=\/wp\/v2\/posts\/35322\/revisions"}],"predecessor-version":[{"id":35339,"href":"https:\/\/radiorevelacionfm.cl\/index.php?rest_route=\/wp\/v2\/posts\/35322\/revisions\/35339"}],"wp:featuredmedia":[{"embeddable":true,"href":"https:\/\/radiorevelacionfm.cl\/index.php?rest_route=\/wp\/v2\/media\/23912"}],"wp:attachment":[{"href":"https:\/\/radiorevelacionfm.cl\/index.php?rest_route=%2Fwp%2Fv2%2Fmedia&parent=35322"}],"wp:term":[{"taxonomy":"category","embeddable":true,"href":"https:\/\/radiorevelacionfm.cl\/index.php?rest_route=%2Fwp%2Fv2%2Fcategories&post=35322"},{"taxonomy":"post_tag","embeddable":true,"href":"https:\/\/radiorevelacionfm.cl\/index.php?rest_route=%2Fwp%2Fv2%2Ftags&post=35322"}],"curies":[{"name":"wp","href":"https:\/\/api.w.org\/{rel}","templated":true}]}}