{"id":35318,"date":"2023-09-26T14:53:13","date_gmt":"2023-09-26T17:53:13","guid":{"rendered":"https:\/\/radiorevelacionfm.cl\/?p=35318"},"modified":"2023-09-26T14:53:13","modified_gmt":"2023-09-26T17:53:13","slug":"invitan-a-participar-en-feria-informativa-para-migrantes-en-puerto-aysen","status":"publish","type":"post","link":"https:\/\/radiorevelacionfm.cl\/?p=35318","title":{"rendered":"Invitan a participar en Feria Informativa para Migrantes en Puerto Ays\u00e9n"},"content":{"rendered":"<div class=\"flex_column av_one_full  flex_column_div av-zero-column-padding first  avia-builder-el-0  el_before_av_one_full  avia-builder-el-first  \" style='border-radius:0px; '><div  class='avia-image-container  av-styling-    avia-builder-el-1  avia-builder-el-no-sibling  avia-align-center '  itemprop=\"image\" itemscope=\"itemscope\" itemtype=\"https:\/\/schema.org\/ImageObject\"  ><div class='avia-image-container-inner'><div class='avia-image-overlay-wrap'><img decoding=\"async\" class='wp-image-35319 avia-img-lazy-loading-not-35319 avia_image' src=\"https:\/\/radiorevelacionfm.cl\/wp-content\/uploads\/2023\/09\/2-90-1_optimized.jpg\" alt='' title='2-(90)-(1)_optimized' height=\"600\" width=\"958\"  itemprop=\"thumbnailUrl\" srcset=\"https:\/\/radiorevelacionfm.cl\/wp-content\/uploads\/2023\/09\/2-90-1_optimized.jpg 958w, https:\/\/radiorevelacionfm.cl\/wp-content\/uploads\/2023\/09\/2-90-1_optimized-300x188.jpg 300w, https:\/\/radiorevelacionfm.cl\/wp-content\/uploads\/2023\/09\/2-90-1_optimized-768x481.jpg 768w, https:\/\/radiorevelacionfm.cl\/wp-content\/uploads\/2023\/09\/2-90-1_optimized-705x442.jpg 705w, https:\/\/radiorevelacionfm.cl\/wp-content\/uploads\/2023\/09\/2-90-1_optimized-450x282.jpg 450w, https:\/\/radiorevelacionfm.cl\/wp-content\/uploads\/2023\/09\/2-90-1_optimized-600x376.jpg 600w\" sizes=\"(max-width: 958px) 100vw, 958px\" \/><\/div><\/div><\/div><\/div><div class=\"flex_column av_one_full  flex_column_div av-zero-column-padding first  avia-builder-el-2  el_after_av_one_full  el_before_av_one_full  column-top-margin\" style='border-radius:0px; '><section class=\"av_textblock_section \"  itemscope=\"itemscope\" itemtype=\"https:\/\/schema.org\/BlogPosting\" itemprop=\"blogPost\" ><div class='avia_textblock  '   itemprop=\"text\" ><p style=\"text-align: center;\"><span style=\"font-size: 18pt;\"><strong>Invitan a participar en Feria Informativa para Migrantes en Puerto Ays\u00e9n<\/strong><\/span><\/p>\n<div id=\"gtx-trans\" style=\"position: absolute; left: -50px; top: 4.31534px;\">\n<div class=\"gtx-trans-icon\"><\/div>\n<\/div>\n<\/div><\/section><\/div><div class=\"flex_column av_one_full  flex_column_div av-zero-column-padding first  avia-builder-el-4  el_after_av_one_full  el_before_av_hr  column-top-margin\" style='border-radius:0px; '><section class=\"av_textblock_section \"  itemscope=\"itemscope\" itemtype=\"https:\/\/schema.org\/BlogPosting\" itemprop=\"blogPost\" ><div class='avia_textblock  '   itemprop=\"text\" ><p style=\"text-align: justify;\">La jornada orientada a acercar tr\u00e1mites, oferta p\u00fablica e informaci\u00f3n se realizar\u00e1 el d\u00eda mi\u00e9rcoles 27 de septiembre, a partir de las 14:45 horas, en la Casa de la Cultura de Puerto Ays\u00e9n, donde participar\u00e1n 12 Servicios P\u00fablicos.<\/p>\n<p style=\"text-align: justify;\">En el marco de la Mesa Intersectorial de Apoyo a Migrantes, el Instituto Nacional de Derechos Humanos; la Seremi de Salud y el Fondo de Solidaridad e Inversi\u00f3n Social, FOSIS, coordinaron la realizaci\u00f3n de esta iniciativa denominada \u201cFeria Informativa para Migrantes\u201d, enfocada en promover la participaci\u00f3n de la poblaci\u00f3n migrante y generar espacios de acercamiento con Servicios P\u00fablicos.<\/p>\n<p style=\"text-align: justify;\">Durante la actividad se desarrollar\u00e1 un conversatorio laboral, a cargo de la Seremi del Trabajo y Previsi\u00f3n Social, en el cual se brindar\u00e1 orientaci\u00f3n a las personas migrantes internacionales sobre derechos laborales, acorde a la normativa laboral vigente en Chile. Este espacio ser\u00e1 dirigido por la Direcci\u00f3n del Trabajo y ser\u00e1 transmitido a trav\u00e9s del Facebook de la Seremi del Trabajo y Previsi\u00f3n Social MintrabAysen.<\/p>\n<p style=\"text-align: justify;\">Joaqu\u00edn Bizama, Jefe Regional del Instituto Nacional de Derechos Humanos en Ays\u00e9n, reforz\u00f3 la convocatoria para participar de la jornada. \u201cQueremos invitarlas a todas y todos para este mi\u00e9rcoles a esta Feria Informativa Migrante donde tendremos Servicios P\u00fablicos relacionados con el trabajo, educaci\u00f3n, salud, el servicio nacional de migrantes para orientarlos en lo que tiene que ver con situaci\u00f3n migratoria en Chile y para poder entregar informaci\u00f3n clara y precisa de c\u00f3mo resolver los problemas que tengan, junto con saber qu\u00e9 servicio puede darles respuestas a sus necesidades.\u201d<\/p>\n<p style=\"text-align: justify;\">La Directora Regional del FOSIS en Ays\u00e9n, Fernanda Leiva, asegur\u00f3 que \u00abpara el FOSIS es muy importante estar liderando, conjuntamente con el INDH y la Seremi de Salud, esta mesa Intersectorial de Apoyo Migrante en la regi\u00f3n, donde se han logrado materializar estas ferias informativas, operativos de regularizaci\u00f3n y tambi\u00e9n ferias de fomento para apoyar el desarrollo de emprendedores y emprendedoras migrantes. El desaf\u00edo ha sido poder ir descentralizando la realizaci\u00f3n de estas actividades para dar respuesta a la demandas, requerimientos\u00a0y tem\u00e1ticas que son de inter\u00e9s para integrar y dar oportunidades a personas que han venido desde distintos lugares buscando un mejor futuro\u00bb.<\/p>\n<p style=\"text-align: justify;\">Para el encargado del programa Salud y Migraci\u00f3n de la Seremi de Salud Ays\u00e9n, Manuel \u00c1lvarez, \u201cesta actividad que surge en el marco de la Mesa Regional de Migraci\u00f3n, que organizamos desde la Autoridad Sanitaria en conjunto con el FOSIS y el Instituto Nacional de Derechos Humanos viene a continuar el compromiso permanente que tenemos con la comunidad y poblaci\u00f3n migrante residente en nuestra regi\u00f3n. En agosto pasado realizamos esta feria en Coyhaique y este mi\u00e9rcoles los esperamos en Puerto Ays\u00e9n, donde como sector salud estaremos presentes con punto de vacunaci\u00f3n, test r\u00e1pido de detecci\u00f3n de VIH\/SIDA, examen para prevenir la Tuberculosis y mucha educaci\u00f3n sexual y reproductiva. Ser\u00e1 una tarde informativa que apunte, como siempre, a un Ays\u00e9n M\u00e1s Sano\u201d.<\/p>\n<p style=\"text-align: justify;\">Estar\u00e1n presentes en esta feria informativa el Servicio de Migraciones, Registro Civil, INDH, JUNAEB, PRODEMU, Seremi de Salud, Seremi de la Mujer y Equidad de G\u00e9nero, Carabineros de Chile, Seremi del Trabajo y Previsi\u00f3n Social, IPS, Direcci\u00f3n del Trabajo, Municipalidad de Ays\u00e9n y FOSIS.<\/p>\n<\/div><\/section><\/div><div  style='height:50px' class='hr hr-invisible   avia-builder-el-6  el_after_av_one_full  el_before_av_social_share '><span class='hr-inner ' ><span class='hr-inner-style'><\/span><\/span><\/div><\/p>\n<div  class='av-social-sharing-box  avia-builder-el-7  el_after_av_hr  el_before_av_hr  '><div class='av-share-box'><h5 class='av-share-link-description av-no-toc '>Compartir esta noticia<\/h5><ul class='av-share-box-list noLightbox'><li class='av-share-link av-social-link-facebook' ><a target=\"_blank\" aria-label=\"Compartir en Facebook\" href='https:\/\/www.facebook.com\/sharer.php?u=https:\/\/radiorevelacionfm.cl\/?p=35318&#038;t=Invitan%20a%20participar%20en%20Feria%20Informativa%20para%20Migrantes%20en%20Puerto%20Ays%C3%A9n' aria-hidden='false' data-av_icon='\ue8f3' data-av_iconfont='entypo-fontello' title='' data-avia-related-tooltip='Compartir en Facebook' rel=\"noopener\"><span class='avia_hidden_link_text'>Compartir en Facebook<\/span><\/a><\/li><li class='av-share-link av-social-link-twitter' ><a target=\"_blank\" aria-label=\"Compartir en Twitter\" href='https:\/\/twitter.com\/share?text=Invitan%20a%20participar%20en%20Feria%20Informativa%20para%20Migrantes%20en%20Puerto%20Ays%C3%A9n&#038;url=https:\/\/radiorevelacionfm.cl\/?p=35318' aria-hidden='false' data-av_icon='\ue8f1' data-av_iconfont='entypo-fontello' title='' data-avia-related-tooltip='Compartir en Twitter' rel=\"noopener\"><span class='avia_hidden_link_text'>Compartir en Twitter<\/span><\/a><\/li><li class='av-share-link av-social-link-whatsapp' ><a target=\"_blank\" aria-label=\"Compartir en Whatsapp\" href='https:\/\/api.whatsapp.com\/send?text=https:\/\/radiorevelacionfm.cl\/?p=35318' aria-hidden='false' data-av_icon='\uf232' data-av_iconfont='entypo-fontello' title='' data-avia-related-tooltip='Compartir en Whatsapp' rel=\"noopener\"><span class='avia_hidden_link_text'>Compartir en Whatsapp<\/span><\/a><\/li><li class='av-share-link av-social-link-linkedin' ><a target=\"_blank\" aria-label=\"Compartir en LinkedIn\" href='https:\/\/linkedin.com\/shareArticle?mini=true&#038;title=Invitan%20a%20participar%20en%20Feria%20Informativa%20para%20Migrantes%20en%20Puerto%20Ays%C3%A9n&#038;url=https:\/\/radiorevelacionfm.cl\/?p=35318' aria-hidden='false' data-av_icon='\ue8fc' data-av_iconfont='entypo-fontello' title='' data-avia-related-tooltip='Compartir en LinkedIn' rel=\"noopener\"><span class='avia_hidden_link_text'>Compartir en LinkedIn<\/span><\/a><\/li><li class='av-share-link av-social-link-mail' ><a  aria-label=\"Compartir por correo\" href='mailto:?subject=Invitan%20a%20participar%20en%20Feria%20Informativa%20para%20Migrantes%20en%20Puerto%20Ays%C3%A9n&#038;body=https:\/\/radiorevelacionfm.cl\/?p=35318' aria-hidden='false' data-av_icon='\ue805' data-av_iconfont='entypo-fontello' title='' data-avia-related-tooltip='Compartir por correo'><span class='avia_hidden_link_text'>Compartir por correo<\/span><\/a><\/li><\/ul><\/div><\/div>\n<div  style='height:50px' class='hr hr-invisible   avia-builder-el-8  el_after_av_social_share  el_before_av_comments_list '><span class='hr-inner ' ><span class='hr-inner-style'><\/span><\/span><\/div>\n<div  class='av-buildercomment  av-blog-meta-html-info-disabled av-blog-meta-tag-disabled  '><\/div>\n","protected":false},"excerpt":{"rendered":"","protected":false},"author":1,"featured_media":35319,"comment_status":"open","ping_status":"open","sticky":false,"template":"","format":"standard","meta":{"footnotes":""},"categories":[38],"tags":[],"class_list":["post-35318","post","type-post","status-publish","format-standard","has-post-thumbnail","hentry","category-regional"],"jetpack_featured_media_url":"https:\/\/radiorevelacionfm.cl\/wp-content\/uploads\/2023\/09\/2-90-1_optimized.jpg","_links":{"self":[{"href":"https:\/\/radiorevelacionfm.cl\/index.php?rest_route=\/wp\/v2\/posts\/35318","targetHints":{"allow":["GET"]}}],"collection":[{"href":"https:\/\/radiorevelacionfm.cl\/index.php?rest_route=\/wp\/v2\/posts"}],"about":[{"href":"https:\/\/radiorevelacionfm.cl\/index.php?rest_route=\/wp\/v2\/types\/post"}],"author":[{"embeddable":true,"href":"https:\/\/radiorevelacionfm.cl\/index.php?rest_route=\/wp\/v2\/users\/1"}],"replies":[{"embeddable":true,"href":"https:\/\/radiorevelacionfm.cl\/index.php?rest_route=%2Fwp%2Fv2%2Fcomments&post=35318"}],"version-history":[{"count":1,"href":"https:\/\/radiorevelacionfm.cl\/index.php?rest_route=\/wp\/v2\/posts\/35318\/revisions"}],"predecessor-version":[{"id":35320,"href":"https:\/\/radiorevelacionfm.cl\/index.php?rest_route=\/wp\/v2\/posts\/35318\/revisions\/35320"}],"wp:featuredmedia":[{"embeddable":true,"href":"https:\/\/radiorevelacionfm.cl\/index.php?rest_route=\/wp\/v2\/media\/35319"}],"wp:attachment":[{"href":"https:\/\/radiorevelacionfm.cl\/index.php?rest_route=%2Fwp%2Fv2%2Fmedia&parent=35318"}],"wp:term":[{"taxonomy":"category","embeddable":true,"href":"https:\/\/radiorevelacionfm.cl\/index.php?rest_route=%2Fwp%2Fv2%2Fcategories&post=35318"},{"taxonomy":"post_tag","embeddable":true,"href":"https:\/\/radiorevelacionfm.cl\/index.php?rest_route=%2Fwp%2Fv2%2Ftags&post=35318"}],"curies":[{"name":"wp","href":"https:\/\/api.w.org\/{rel}","templated":true}]}}