{"id":35315,"date":"2023-09-26T12:35:43","date_gmt":"2023-09-26T15:35:43","guid":{"rendered":"https:\/\/radiorevelacionfm.cl\/?p=35315"},"modified":"2023-09-26T12:38:54","modified_gmt":"2023-09-26T15:38:54","slug":"homicidio-frustrado-en-cisnes-fiscalia-formalizo-a-4-imputados-que-agredieron-brutalmente-a-una-victima","status":"publish","type":"post","link":"https:\/\/radiorevelacionfm.cl\/?p=35315","title":{"rendered":"Homicidio frustrado en Cisnes: Fiscal\u00eda formaliz\u00f3 a 4 imputados que agredieron brutalmente a una v\u00edctima"},"content":{"rendered":"<div class=\"flex_column av_one_full  flex_column_div av-zero-column-padding first  avia-builder-el-0  el_before_av_one_full  avia-builder-el-first  \" style='border-radius:0px; '><div  class='avia-image-container  av-styling-    avia-builder-el-1  avia-builder-el-no-sibling  avia-align-center '  itemprop=\"image\" itemscope=\"itemscope\" itemtype=\"https:\/\/schema.org\/ImageObject\"  ><div class='avia-image-container-inner'><div class='avia-image-overlay-wrap'><img decoding=\"async\" class='wp-image-35316 avia-img-lazy-loading-not-35316 avia_image' src=\"https:\/\/radiorevelacionfm.cl\/wp-content\/uploads\/2023\/09\/fiscalia_cisnes3-1_optimized.jpg\" alt='' title='fiscalia_cisnes3-(1)_optimized' height=\"600\" width=\"900\"  itemprop=\"thumbnailUrl\" srcset=\"https:\/\/radiorevelacionfm.cl\/wp-content\/uploads\/2023\/09\/fiscalia_cisnes3-1_optimized.jpg 900w, https:\/\/radiorevelacionfm.cl\/wp-content\/uploads\/2023\/09\/fiscalia_cisnes3-1_optimized-300x200.jpg 300w, https:\/\/radiorevelacionfm.cl\/wp-content\/uploads\/2023\/09\/fiscalia_cisnes3-1_optimized-768x512.jpg 768w, https:\/\/radiorevelacionfm.cl\/wp-content\/uploads\/2023\/09\/fiscalia_cisnes3-1_optimized-705x470.jpg 705w, https:\/\/radiorevelacionfm.cl\/wp-content\/uploads\/2023\/09\/fiscalia_cisnes3-1_optimized-450x300.jpg 450w, https:\/\/radiorevelacionfm.cl\/wp-content\/uploads\/2023\/09\/fiscalia_cisnes3-1_optimized-600x400.jpg 600w\" sizes=\"(max-width: 900px) 100vw, 900px\" \/><\/div><\/div><\/div><\/div>\n<div class=\"flex_column av_one_full  flex_column_div av-zero-column-padding first  avia-builder-el-2  el_after_av_one_full  el_before_av_one_full  column-top-margin\" style='border-radius:0px; '><section class=\"av_textblock_section \"  itemscope=\"itemscope\" itemtype=\"https:\/\/schema.org\/BlogPosting\" itemprop=\"blogPost\" ><div class='avia_textblock  '   itemprop=\"text\" ><p style=\"text-align: center;\"><span style=\"font-size: 18pt;\"><b><span lang=\"ES\">Homicidio frustrado en Cisnes: Fiscal\u00eda formaliz\u00f3 a 4 imputados que agredieron brutalmente a una v\u00edctima\u00a0<\/span><\/b><\/span><\/p>\n<div id=\"gtx-trans\" style=\"position: absolute; left: -50px; top: 4.31534px;\">\n<div class=\"gtx-trans-icon\"><\/div>\n<\/div>\n<\/div><\/section><\/div>\n<div class=\"flex_column av_one_full  flex_column_div av-zero-column-padding first  avia-builder-el-4  el_after_av_one_full  el_before_av_hr  column-top-margin\" style='border-radius:0px; '><section class=\"av_textblock_section \"  itemscope=\"itemscope\" itemtype=\"https:\/\/schema.org\/BlogPosting\" itemprop=\"blogPost\" ><div class='avia_textblock  '   itemprop=\"text\" ><p style=\"font-weight: 400; text-align: justify;\"><em>Adem\u00e1s, lo grabaron con un tel\u00e9fono celular, fue esposado y amenazaron de muerte con un arma.<\/em><\/p>\n<p style=\"font-weight: 400; text-align: justify;\">La Fiscal\u00eda de Ays\u00e9n formaliz\u00f3 hoy una investigaci\u00f3n por homicidio calificado en grado de frustrado en contra de cuatro imputados, tres adultos y un adolescente, que en fecha no precisada pero antes de la ma\u00f1ana del viernes 22 de septiembre reci\u00e9n pasado, se planificaron para dar muerte a una v\u00edctima en Puerto Cisnes.<\/p>\n<p style=\"font-weight: 400; text-align: justify;\">Para ello, seg\u00fan explic\u00f3 en la audiencia de formalizaci\u00f3n el fiscal Alex Olivero N\u00fa\u00f1ez, uno de los imputados contact\u00f3 a la v\u00edctima y mediante enga\u00f1o, acord\u00f3 reunirse con \u00e9l.<\/p>\n<p style=\"font-weight: 400; text-align: justify;\">Siguiendo el plan, explic\u00f3 la Fiscal\u00eda, el 22 de septiembre de 2023, alrededor de las 11:00 horas, uno de los imputados contact\u00f3 a la v\u00edctima a trav\u00e9s de mensajer\u00eda de una red social, para que concurriera hasta el ingreso del sendero Dos Lagunas en Puerto Cisnes, con el supuesto fin de que llevara una m\u00e1scara de soldar.<\/p>\n<p style=\"text-align: justify;\">AGRESI\u00d3N<\/p>\n<p style=\"text-align: justify;\">En el lugar, los cuatro imputados se abalanzaron sobre \u00e9l y con la intenci\u00f3n de darle muerte, lo agredieron con un objeto contundente en la cabeza, aturdi\u00e9ndolo, y una vez que estuvo en el suelo, le propinaron nuevamente golpes con objetos contundentes y de pie y pu\u00f1o en distintas partes de su cuerpo. Incluso, la v\u00edctima fue esposada y mientras se encontraba completamente indefensa, continuaron golpe\u00e1ndolo mientras uno de los imputados grababa la golpiza con su tel\u00e9fono celular.<\/p>\n<p style=\"text-align: justify;\">Tambi\u00e9n lo amenazaron de muerte con un arma, la cual colocaron en su boca mientras le dec\u00edan que lo matar\u00edan a \u00e9l y su familia. La agresi\u00f3n se mantuvo hasta que la v\u00edctima perdi\u00f3 la conciencia. Creyendo que lo hab\u00edan asesinado, los imputados lo dejaron abandonado en el sitio eriazo en que se encontraba.<\/p>\n<p style=\"text-align: justify;\">Como resultado de la agresi\u00f3n, la v\u00edctima result\u00f3 con diversas lesiones graves y existe en estudio una posible fractura de base de cr\u00e1neo cuyas consecuencias podr\u00edan acarrear la p\u00e9rdida de visi\u00f3n.<\/p>\n<p style=\"text-align: justify;\">Las primeras diligencias de este caso fueron coordinadas por la fiscal Estefan\u00eda Leiva con personal de la Tenencia de Carabineros de Puerto Cisnes.<\/p>\n<p style=\"text-align: justify;\">PRISI\u00d3N PREVENTIVA<\/p>\n<p style=\"text-align: justify;\">El fiscal Alex Olivero, solicit\u00f3 la prisi\u00f3n preventiva e internaci\u00f3n provisoria de los 4 imputados por la pena asignada al delito, que sobrepasar\u00eda los 15 a\u00f1os de presidio. Adem\u00e1s, se trat\u00f3 de un delito contra la vida y cuya forma de comisi\u00f3n estuvo agravada por la alevos\u00eda, la premeditaci\u00f3n y el aumento deliberado del dolor, ya que el imputado fue golpeado y amenazado durante largo per\u00edodo.<\/p>\n<p style=\"text-align: justify;\">Incluso, fue grabado mientras era atacado, junto a haber actuado en grupo o pandilla. El Juzgado de Garant\u00eda de Cisnes accedi\u00f3 a la solicitud de prisi\u00f3n preventiva e internaci\u00f3n provisoria para los imputados y fij\u00f3 un plazo de investigaci\u00f3n de 70 d\u00edas.<\/p>\n<p style=\"text-align: justify;\">Uno de los imputados, registra un proceso pendiente por tr\u00e1fico de drogas en peque\u00f1as cantidades.<\/p>\n<\/div><\/section><\/div><div  style='height:50px' class='hr hr-invisible   avia-builder-el-6  el_after_av_one_full  el_before_av_social_share '><span class='hr-inner ' ><span class='hr-inner-style'><\/span><\/span><\/div><\/p>\n<div  class='av-social-sharing-box  avia-builder-el-7  el_after_av_hr  el_before_av_hr  '><div class='av-share-box'><h5 class='av-share-link-description av-no-toc '>Compartir esta noticia<\/h5><ul class='av-share-box-list noLightbox'><li class='av-share-link av-social-link-facebook' ><a target=\"_blank\" aria-label=\"Compartir en Facebook\" href='https:\/\/www.facebook.com\/sharer.php?u=https:\/\/radiorevelacionfm.cl\/?p=35315&#038;t=Homicidio%20frustrado%20en%20Cisnes%3A%20Fiscal%C3%ADa%20formaliz%C3%B3%20a%204%20imputados%20que%20agredieron%20brutalmente%20a%20una%20v%C3%ADctima' aria-hidden='false' data-av_icon='\ue8f3' data-av_iconfont='entypo-fontello' title='' data-avia-related-tooltip='Compartir en Facebook' rel=\"noopener\"><span class='avia_hidden_link_text'>Compartir en Facebook<\/span><\/a><\/li><li class='av-share-link av-social-link-twitter' ><a target=\"_blank\" aria-label=\"Compartir en Twitter\" href='https:\/\/twitter.com\/share?text=Homicidio%20frustrado%20en%20Cisnes%3A%20Fiscal%C3%ADa%20formaliz%C3%B3%20a%204%20imputados%20que%20agredieron%20brutalmente%20a%20una%20v%C3%ADctima&#038;url=https:\/\/radiorevelacionfm.cl\/?p=35315' aria-hidden='false' data-av_icon='\ue8f1' data-av_iconfont='entypo-fontello' title='' data-avia-related-tooltip='Compartir en Twitter' rel=\"noopener\"><span class='avia_hidden_link_text'>Compartir en Twitter<\/span><\/a><\/li><li class='av-share-link av-social-link-whatsapp' ><a target=\"_blank\" aria-label=\"Compartir en Whatsapp\" href='https:\/\/api.whatsapp.com\/send?text=https:\/\/radiorevelacionfm.cl\/?p=35315' aria-hidden='false' data-av_icon='\uf232' data-av_iconfont='entypo-fontello' title='' data-avia-related-tooltip='Compartir en Whatsapp' rel=\"noopener\"><span class='avia_hidden_link_text'>Compartir en Whatsapp<\/span><\/a><\/li><li class='av-share-link av-social-link-linkedin' ><a target=\"_blank\" aria-label=\"Compartir en LinkedIn\" href='https:\/\/linkedin.com\/shareArticle?mini=true&#038;title=Homicidio%20frustrado%20en%20Cisnes%3A%20Fiscal%C3%ADa%20formaliz%C3%B3%20a%204%20imputados%20que%20agredieron%20brutalmente%20a%20una%20v%C3%ADctima&#038;url=https:\/\/radiorevelacionfm.cl\/?p=35315' aria-hidden='false' data-av_icon='\ue8fc' data-av_iconfont='entypo-fontello' title='' data-avia-related-tooltip='Compartir en LinkedIn' rel=\"noopener\"><span class='avia_hidden_link_text'>Compartir en LinkedIn<\/span><\/a><\/li><li class='av-share-link av-social-link-mail' ><a  aria-label=\"Compartir por correo\" href='mailto:?subject=Homicidio%20frustrado%20en%20Cisnes%3A%20Fiscal%C3%ADa%20formaliz%C3%B3%20a%204%20imputados%20que%20agredieron%20brutalmente%20a%20una%20v%C3%ADctima&#038;body=https:\/\/radiorevelacionfm.cl\/?p=35315' aria-hidden='false' data-av_icon='\ue805' data-av_iconfont='entypo-fontello' title='' data-avia-related-tooltip='Compartir por correo'><span class='avia_hidden_link_text'>Compartir por correo<\/span><\/a><\/li><\/ul><\/div><\/div>\n<div  style='height:50px' class='hr hr-invisible   avia-builder-el-8  el_after_av_social_share  el_before_av_comments_list '><span class='hr-inner ' ><span class='hr-inner-style'><\/span><\/span><\/div>\n<div  class='av-buildercomment  av-blog-meta-html-info-disabled av-blog-meta-tag-disabled  '><\/div>\n","protected":false},"excerpt":{"rendered":"","protected":false},"author":1,"featured_media":35316,"comment_status":"open","ping_status":"open","sticky":false,"template":"","format":"standard","meta":{"footnotes":""},"categories":[36],"tags":[],"class_list":["post-35315","post","type-post","status-publish","format-standard","has-post-thumbnail","hentry","category-policial"],"jetpack_featured_media_url":"https:\/\/radiorevelacionfm.cl\/wp-content\/uploads\/2023\/09\/fiscalia_cisnes3-1_optimized.jpg","_links":{"self":[{"href":"https:\/\/radiorevelacionfm.cl\/index.php?rest_route=\/wp\/v2\/posts\/35315","targetHints":{"allow":["GET"]}}],"collection":[{"href":"https:\/\/radiorevelacionfm.cl\/index.php?rest_route=\/wp\/v2\/posts"}],"about":[{"href":"https:\/\/radiorevelacionfm.cl\/index.php?rest_route=\/wp\/v2\/types\/post"}],"author":[{"embeddable":true,"href":"https:\/\/radiorevelacionfm.cl\/index.php?rest_route=\/wp\/v2\/users\/1"}],"replies":[{"embeddable":true,"href":"https:\/\/radiorevelacionfm.cl\/index.php?rest_route=%2Fwp%2Fv2%2Fcomments&post=35315"}],"version-history":[{"count":2,"href":"https:\/\/radiorevelacionfm.cl\/index.php?rest_route=\/wp\/v2\/posts\/35315\/revisions"}],"predecessor-version":[{"id":35321,"href":"https:\/\/radiorevelacionfm.cl\/index.php?rest_route=\/wp\/v2\/posts\/35315\/revisions\/35321"}],"wp:featuredmedia":[{"embeddable":true,"href":"https:\/\/radiorevelacionfm.cl\/index.php?rest_route=\/wp\/v2\/media\/35316"}],"wp:attachment":[{"href":"https:\/\/radiorevelacionfm.cl\/index.php?rest_route=%2Fwp%2Fv2%2Fmedia&parent=35315"}],"wp:term":[{"taxonomy":"category","embeddable":true,"href":"https:\/\/radiorevelacionfm.cl\/index.php?rest_route=%2Fwp%2Fv2%2Fcategories&post=35315"},{"taxonomy":"post_tag","embeddable":true,"href":"https:\/\/radiorevelacionfm.cl\/index.php?rest_route=%2Fwp%2Fv2%2Ftags&post=35315"}],"curies":[{"name":"wp","href":"https:\/\/api.w.org\/{rel}","templated":true}]}}