{"id":35312,"date":"2023-09-26T12:30:06","date_gmt":"2023-09-26T15:30:06","guid":{"rendered":"https:\/\/radiorevelacionfm.cl\/?p=35312"},"modified":"2023-09-26T12:30:06","modified_gmt":"2023-09-26T15:30:06","slug":"seremi-del-deporte-rechaza-cualquier-acto-de-discriminacion-y-violencia-como-el-ocurrido-el-fin-de-semana","status":"publish","type":"post","link":"https:\/\/radiorevelacionfm.cl\/?p=35312","title":{"rendered":"Seremi del Deporte rechaza cualquier acto de discriminaci\u00f3n y violencia como el ocurrido el fin de semana"},"content":{"rendered":"<div class=\"flex_column av_one_full  flex_column_div av-zero-column-padding first  avia-builder-el-0  el_before_av_one_full  avia-builder-el-first  \" style='border-radius:0px; '><div  class='avia-image-container  av-styling-    avia-builder-el-1  avia-builder-el-no-sibling  avia-align-center '  itemprop=\"image\" itemscope=\"itemscope\" itemtype=\"https:\/\/schema.org\/ImageObject\"  ><div class='avia-image-container-inner'><div class='avia-image-overlay-wrap'><img decoding=\"async\" class='wp-image-35313 avia-img-lazy-loading-not-35313 avia_image' src=\"https:\/\/radiorevelacionfm.cl\/wp-content\/uploads\/2023\/09\/2-b-1_optimized.jpeg\" alt='' title='2-b-(1)_optimized' height=\"600\" width=\"800\"  itemprop=\"thumbnailUrl\" srcset=\"https:\/\/radiorevelacionfm.cl\/wp-content\/uploads\/2023\/09\/2-b-1_optimized.jpeg 800w, https:\/\/radiorevelacionfm.cl\/wp-content\/uploads\/2023\/09\/2-b-1_optimized-300x225.jpeg 300w, https:\/\/radiorevelacionfm.cl\/wp-content\/uploads\/2023\/09\/2-b-1_optimized-768x576.jpeg 768w, https:\/\/radiorevelacionfm.cl\/wp-content\/uploads\/2023\/09\/2-b-1_optimized-705x529.jpeg 705w, https:\/\/radiorevelacionfm.cl\/wp-content\/uploads\/2023\/09\/2-b-1_optimized-450x338.jpeg 450w, https:\/\/radiorevelacionfm.cl\/wp-content\/uploads\/2023\/09\/2-b-1_optimized-600x450.jpeg 600w\" sizes=\"(max-width: 800px) 100vw, 800px\" \/><\/div><\/div><\/div><\/div><div class=\"flex_column av_one_full  flex_column_div av-zero-column-padding first  avia-builder-el-2  el_after_av_one_full  el_before_av_one_full  column-top-margin\" style='border-radius:0px; '><section class=\"av_textblock_section \"  itemscope=\"itemscope\" itemtype=\"https:\/\/schema.org\/BlogPosting\" itemprop=\"blogPost\" ><div class='avia_textblock  '   itemprop=\"text\" ><p style=\"text-align: center;\"><strong><span style=\"font-size: 18pt;\">Seremi del Deporte rechaza cualquier acto de discriminaci\u00f3n y violencia como el ocurrido el fin de semana<\/span><\/strong><\/p>\n<div id=\"gtx-trans\" style=\"position: absolute; left: -50px; top: 4.31534px;\">\n<div class=\"gtx-trans-icon\"><\/div>\n<\/div>\n<\/div><\/section><\/div><div class=\"flex_column av_one_full  flex_column_div av-zero-column-padding first  avia-builder-el-4  el_after_av_one_full  el_before_av_hr  column-top-margin\" style='border-radius:0px; '><section class=\"av_textblock_section \"  itemscope=\"itemscope\" itemtype=\"https:\/\/schema.org\/BlogPosting\" itemprop=\"blogPost\" ><div class='avia_textblock  '   itemprop=\"text\" ><p style=\"text-align: justify;\">En el marco de la situaci\u00f3n de violencia de g\u00e9nero ocurrida el fin de semana, en el contexto del Campeonato Asociaci\u00f3n Patagonia, evento deportivo en el que se enfrentar\u00edan los clubes: ABAY de Puerto Ays\u00e9n y El Club Deportivo CBC de Coyhaique; instancia que cuenta con financiamiento del Instituto Nacional de Deportes, mediante el Instrumento del Fomento deportivo denominado FONDEPORTE, queremos expresar nuestra postura y planteamiento, frente a hechos de esta naturaleza.<\/p>\n<p style=\"text-align: justify;\">El Ministerio del Deporte rechaza cualquier acto de discriminaci\u00f3n y para establecerlo como parte del marco jur\u00eddico, el pa\u00eds ha suscrito diversos convenios en esta materia, entre los que destacan:<\/p>\n<p style=\"text-align: justify;\">&#8211; Declaraci\u00f3n Universal de Derechos Humanos;<\/p>\n<p style=\"text-align: justify;\">&#8211; Convenci\u00f3n Sobre la Eliminaci\u00f3n de Todas las Formas de Discriminaci\u00f3n Contra la Mujer (CEDAW);<\/p>\n<p style=\"text-align: justify;\">&#8211; Convenci\u00f3n Internacional Relativa a la Represi\u00f3n de la Trata de Blancas;<\/p>\n<p style=\"text-align: justify;\">&#8211; Pacto Internacional de Derechos Econ\u00f3micos, Sociales y Culturales;<\/p>\n<p style=\"text-align: justify;\">&#8211; Convenci\u00f3n Americana sobre Derechos Humanos;<\/p>\n<p style=\"text-align: justify;\">&#8211; Convenci\u00f3n Interamericana para Prevenir, Sancionar y Erradicar la Violencia Contra la Mujer \u201cBelem Do Para\u201d;<\/p>\n<p style=\"text-align: justify;\">&#8211; Convenci\u00f3n de los Derechos del Ni\u00f1o ratificada por Chile en 1990;<\/p>\n<p style=\"text-align: justify;\">Adicionalmente a esto, se ha suscrito de manera\u00a0 irrestricta la Ley N\u00b0 21.120 que \u201cReconoce y da Protecci\u00f3n al Derecho a la Identidad de G\u00e9nero\u201d y a la Ley N\u00b0 20.609 que establece medidas contra la discriminaci\u00f3n.<\/p>\n<p style=\"text-align: justify;\">Como complemento a lo anterior, el Ministerio del Deporte impuls\u00f3 la creaci\u00f3n de la Ley N\u00b0 21.197 y Decreto Supremo N\u00b0 22, que establece el deber de contar con Protocolo contra acoso sexual, abuso sexual, maltrato y discriminaci\u00f3n en la actividad deportiva nacional.<\/p>\n<p style=\"text-align: justify;\">El objeto de la ley es dotar de herramientas para prevenir y sancionar conductas de acoso sexual, abuso sexual, discriminaci\u00f3n y maltrato en la actividad deportiva del pa\u00eds. Para dicho prop\u00f3sito, se establece el deber de que los distintos actores que participen del desarrollo de actividades deportivas observen y cuenten con un Protocolo de prevenci\u00f3n y sanci\u00f3n frente a las conductas vulneratorias en el \u00e1mbito deportivo.<\/p>\n<p style=\"text-align: justify;\">En el \u00e1rea del deporte de competici\u00f3n, realizamos un an\u00e1lisis jur\u00eddico en torno a principios y fundamentos deportivos, regulaciones deportivas internacionales, normativa nacional marco jur\u00eddico espec\u00edfico de los Juegos Deportivos Escolares, y la perspectiva cient\u00edfica, el cual orient\u00f3 dos cambios normativos en materia de inclusi\u00f3n de ni\u00f1eces LGBTI, en el marco del Sistema Nacional de Competencias Deportivas (SNCD) que impulsa el Instituto Nacional de Deportes.<\/p>\n<p style=\"text-align: justify;\">Ambos cambios normativos, tienen como objetivo primario garantizar la participaci\u00f3n de los y las deportistas transg\u00e9nero en la categor\u00eda correspondiente a su identidad de g\u00e9nero, en deportes de disciplinas colectivas e individuales, tanto en los Juegos Deportivos Escolares, como en los Juegos Binacionales, a modo de implementar medidas concretas que garanticen el cumplimiento de la ley 21.120 que \u201creconoce y da protecci\u00f3n a la identidad de g\u00e9nero\u201d y establece el derecho a la rectificaci\u00f3n de sexo y nombre registral, y sus fundamentos mencionados en el art\u00edculo.<\/p>\n<p style=\"text-align: justify;\">Conforme a lo planteado precedentemente, como Ministerio del Deporte e Instituto Nacional de Deportes Regi\u00f3n de Ays\u00e9n, tomaremos las medidas correspondientes para que dicha situaci\u00f3n se concrete mediante una denuncia formal y de esta forma dar inicio a la activaci\u00f3n del protocolo contra el Abuso sexual, Acoso sexual, Discriminaci\u00f3n y Maltrato en la actividad deportiva nacional (Decreto Supremo N\u00b0 22), estableciendo un precedente en torno a acciones como la ocurrida sean atendidas y sancionadas, fortaleciendo as\u00ed los principios de la integraci\u00f3n e inclusi\u00f3n en todas sus formas, en beneficio del crecimiento de la actividad f\u00edsica y deportiva en la regi\u00f3n y el pa\u00eds.<\/p>\n<\/div><\/section><\/div><div  style='height:50px' class='hr hr-invisible   avia-builder-el-6  el_after_av_one_full  el_before_av_social_share '><span class='hr-inner ' ><span class='hr-inner-style'><\/span><\/span><\/div><\/p>\n<div  class='av-social-sharing-box  avia-builder-el-7  el_after_av_hr  el_before_av_hr  '><div class='av-share-box'><h5 class='av-share-link-description av-no-toc '>Compartir esta noticia<\/h5><ul class='av-share-box-list noLightbox'><li class='av-share-link av-social-link-facebook' ><a target=\"_blank\" aria-label=\"Compartir en Facebook\" href='https:\/\/www.facebook.com\/sharer.php?u=https:\/\/radiorevelacionfm.cl\/?p=35312&#038;t=Seremi%20del%20Deporte%20rechaza%20cualquier%20acto%20de%20discriminaci%C3%B3n%20y%20violencia%20como%20el%20ocurrido%20el%20fin%20de%20semana' aria-hidden='false' data-av_icon='\ue8f3' data-av_iconfont='entypo-fontello' title='' data-avia-related-tooltip='Compartir en Facebook' rel=\"noopener\"><span class='avia_hidden_link_text'>Compartir en Facebook<\/span><\/a><\/li><li class='av-share-link av-social-link-twitter' ><a target=\"_blank\" aria-label=\"Compartir en Twitter\" href='https:\/\/twitter.com\/share?text=Seremi%20del%20Deporte%20rechaza%20cualquier%20acto%20de%20discriminaci%C3%B3n%20y%20violencia%20como%20el%20ocurrido%20el%20fin%20de%20semana&#038;url=https:\/\/radiorevelacionfm.cl\/?p=35312' aria-hidden='false' data-av_icon='\ue8f1' data-av_iconfont='entypo-fontello' title='' data-avia-related-tooltip='Compartir en Twitter' rel=\"noopener\"><span class='avia_hidden_link_text'>Compartir en Twitter<\/span><\/a><\/li><li class='av-share-link av-social-link-whatsapp' ><a target=\"_blank\" aria-label=\"Compartir en Whatsapp\" href='https:\/\/api.whatsapp.com\/send?text=https:\/\/radiorevelacionfm.cl\/?p=35312' aria-hidden='false' data-av_icon='\uf232' data-av_iconfont='entypo-fontello' title='' data-avia-related-tooltip='Compartir en Whatsapp' rel=\"noopener\"><span class='avia_hidden_link_text'>Compartir en Whatsapp<\/span><\/a><\/li><li class='av-share-link av-social-link-linkedin' ><a target=\"_blank\" aria-label=\"Compartir en LinkedIn\" href='https:\/\/linkedin.com\/shareArticle?mini=true&#038;title=Seremi%20del%20Deporte%20rechaza%20cualquier%20acto%20de%20discriminaci%C3%B3n%20y%20violencia%20como%20el%20ocurrido%20el%20fin%20de%20semana&#038;url=https:\/\/radiorevelacionfm.cl\/?p=35312' aria-hidden='false' data-av_icon='\ue8fc' data-av_iconfont='entypo-fontello' title='' data-avia-related-tooltip='Compartir en LinkedIn' rel=\"noopener\"><span class='avia_hidden_link_text'>Compartir en LinkedIn<\/span><\/a><\/li><li class='av-share-link av-social-link-mail' ><a  aria-label=\"Compartir por correo\" href='mailto:?subject=Seremi%20del%20Deporte%20rechaza%20cualquier%20acto%20de%20discriminaci%C3%B3n%20y%20violencia%20como%20el%20ocurrido%20el%20fin%20de%20semana&#038;body=https:\/\/radiorevelacionfm.cl\/?p=35312' aria-hidden='false' data-av_icon='\ue805' data-av_iconfont='entypo-fontello' title='' data-avia-related-tooltip='Compartir por correo'><span class='avia_hidden_link_text'>Compartir por correo<\/span><\/a><\/li><\/ul><\/div><\/div>\n<div  style='height:50px' class='hr hr-invisible   avia-builder-el-8  el_after_av_social_share  el_before_av_comments_list '><span class='hr-inner ' ><span class='hr-inner-style'><\/span><\/span><\/div>\n<div  class='av-buildercomment  av-blog-meta-html-info-disabled av-blog-meta-tag-disabled  '><\/div>\n","protected":false},"excerpt":{"rendered":"","protected":false},"author":1,"featured_media":35313,"comment_status":"open","ping_status":"open","sticky":false,"template":"","format":"standard","meta":{"footnotes":""},"categories":[40],"tags":[],"class_list":["post-35312","post","type-post","status-publish","format-standard","has-post-thumbnail","hentry","category-deportes"],"jetpack_featured_media_url":"https:\/\/radiorevelacionfm.cl\/wp-content\/uploads\/2023\/09\/2-b-1_optimized.jpeg","_links":{"self":[{"href":"https:\/\/radiorevelacionfm.cl\/index.php?rest_route=\/wp\/v2\/posts\/35312","targetHints":{"allow":["GET"]}}],"collection":[{"href":"https:\/\/radiorevelacionfm.cl\/index.php?rest_route=\/wp\/v2\/posts"}],"about":[{"href":"https:\/\/radiorevelacionfm.cl\/index.php?rest_route=\/wp\/v2\/types\/post"}],"author":[{"embeddable":true,"href":"https:\/\/radiorevelacionfm.cl\/index.php?rest_route=\/wp\/v2\/users\/1"}],"replies":[{"embeddable":true,"href":"https:\/\/radiorevelacionfm.cl\/index.php?rest_route=%2Fwp%2Fv2%2Fcomments&post=35312"}],"version-history":[{"count":1,"href":"https:\/\/radiorevelacionfm.cl\/index.php?rest_route=\/wp\/v2\/posts\/35312\/revisions"}],"predecessor-version":[{"id":35314,"href":"https:\/\/radiorevelacionfm.cl\/index.php?rest_route=\/wp\/v2\/posts\/35312\/revisions\/35314"}],"wp:featuredmedia":[{"embeddable":true,"href":"https:\/\/radiorevelacionfm.cl\/index.php?rest_route=\/wp\/v2\/media\/35313"}],"wp:attachment":[{"href":"https:\/\/radiorevelacionfm.cl\/index.php?rest_route=%2Fwp%2Fv2%2Fmedia&parent=35312"}],"wp:term":[{"taxonomy":"category","embeddable":true,"href":"https:\/\/radiorevelacionfm.cl\/index.php?rest_route=%2Fwp%2Fv2%2Fcategories&post=35312"},{"taxonomy":"post_tag","embeddable":true,"href":"https:\/\/radiorevelacionfm.cl\/index.php?rest_route=%2Fwp%2Fv2%2Ftags&post=35312"}],"curies":[{"name":"wp","href":"https:\/\/api.w.org\/{rel}","templated":true}]}}