{"id":3531,"date":"2021-04-26T18:28:10","date_gmt":"2021-04-26T21:28:10","guid":{"rendered":"https:\/\/radiorevelacionfm.cl\/?p=3531"},"modified":"2021-04-26T18:28:10","modified_gmt":"2021-04-26T21:28:10","slug":"incautan-plantas-de-cannabis-sativa-desde-invernaderos-ocultos-en-la-cuenca-del-lago-general-carrera-y-detienen-a-tres-personas","status":"publish","type":"post","link":"https:\/\/radiorevelacionfm.cl\/?p=3531","title":{"rendered":"Incautan plantas de cannabis sativa desde invernaderos ocultos en la cuenca del Lago General Carrera y detienen a tres personas"},"content":{"rendered":"<div class=\"flex_column av_one_full  flex_column_div av-zero-column-padding first  avia-builder-el-0  el_before_av_one_full  avia-builder-el-first  \" style='border-radius:0px; '><div  class='avia-image-container  av-styling-    avia-builder-el-1  avia-builder-el-no-sibling  avia-align-center '  itemprop=\"image\" itemscope=\"itemscope\" itemtype=\"https:\/\/schema.org\/ImageObject\"  ><div class='avia-image-container-inner'><div class='avia-image-overlay-wrap'><img decoding=\"async\" class='wp-image-0 avia-img-lazy-loading-not-0 avia_image' src=\"https:\/\/radiorevelacionfm.cl\/wp-content\/uploads\/2021\/04\/image-23-2_optimized.png\" alt='' title=''   itemprop=\"thumbnailUrl\"  \/><\/div><\/div><\/div><\/div><div class=\"flex_column av_one_full  flex_column_div av-zero-column-padding first  avia-builder-el-2  el_after_av_one_full  el_before_av_one_full  column-top-margin\" style='border-radius:0px; '><section class=\"av_textblock_section \"  itemscope=\"itemscope\" itemtype=\"https:\/\/schema.org\/BlogPosting\" itemprop=\"blogPost\" ><div class='avia_textblock  '   itemprop=\"text\" ><p style=\"text-align: center;\"><span style=\"font-size: 18pt;\"><strong>Incautan plantas de cannabis sativa desde invernaderos ocultos en la cuenca del Lago General Carrera y detienen a tres personas<\/strong><\/span><\/p>\n<div id=\"gtx-trans\" style=\"position: absolute; left: -50px; top: 4.31534px;\">\n<div class=\"gtx-trans-icon\"><\/div>\n<\/div>\n<\/div><\/section><\/div><div class=\"flex_column av_one_full  flex_column_div av-zero-column-padding first  avia-builder-el-4  el_after_av_one_full  el_before_av_hr  column-top-margin\" style='border-radius:0px; '><section class=\"av_textblock_section \"  itemscope=\"itemscope\" itemtype=\"https:\/\/schema.org\/BlogPosting\" itemprop=\"blogPost\" ><div class='avia_textblock  '   itemprop=\"text\" ><p style=\"text-align: justify;\">Tras investigaci\u00f3n conjunta con el Ministerio P\u00fablico que data de alrededor de siete meses aproximadamente, detectives de la Brigada Antinarc\u00f3ticos y contra el Crimen Organizado Coyhaique de la Polic\u00eda de Investigaciones de Chile detuvieron a tres personas por el delito de microtr\u00e1fico y cultivo ilegal de cannabis sativa e incautaron plantas de cannabis desde invernaderos ocultos en la cuenca del Lago General Carrera.<\/p>\n<p style=\"text-align: justify;\">El procedimiento se llev\u00f3 a cabo gracias a la coordinaci\u00f3n con la Polic\u00eda Mar\u00edtima de DIRECTEMAR de la Armada de Chile, quienes facilitaron el traslado de los detectives desde Chile Chico hasta Puerto S\u00e1nchez, lugar donde se encontraron las instalaciones.<\/p>\n<p style=\"text-align: justify;\">Al respecto, el jefe de la Brigada Antinarc\u00f3ticos Coyhaique, comisario Patricio Rojas, se\u00f1al\u00f3 que \u201cesta es una investigaci\u00f3n de largo aliento que culmin\u00f3 el d\u00eda viernes reci\u00e9n pasado con la detenci\u00f3n de tres personas, dos de ellas por infracci\u00f3n al art\u00edculo octavo de la Ley 20.000 que se relaciona con el cultivo y cosecha de especies productoras de estupefacientes y el tercer sujeto por microtr\u00e1fico de drogas\u201d.<\/p>\n<p style=\"text-align: justify;\">Sobre la indagatoria, el jefe de la unidad especializada indic\u00f3 que \u201ccorresponde a una arista investigativa del a\u00f1o reci\u00e9n pasado, en el mes de octubre, donde el mismo sujeto que fue puesto a disposici\u00f3n del Juzgado de Garant\u00eda por microtr\u00e1fico, ya hab\u00eda sido anteriormente detenido por esta Brigada Antinarc\u00f3ticos y se encontraba en la actualidad con la medida cautelar de arresto domiciliario total\u201d.<\/p>\n<p style=\"text-align: justify;\">Por su parte, la Fiscal de Focos de la Unidad de An\u00e1lisis Criminal, Mar\u00eda In\u00e9s N\u00fa\u00f1ez, explic\u00f3 que se trata de un caso de \u201ccultivo ilegal de cannabis y de tr\u00e1fico de drogas, respecto de uno de los imputados que fueron formalizados el s\u00e1bado\u201d. Espec\u00edficamente, a\u00f1adi\u00f3 la fiscal del Ministerio P\u00fablico, \u201cse trata de una investigaci\u00f3n de larga data\u00a0 que se llev\u00f3 a cabo con la Brigada Antinarc\u00f3ticos de Coyhaique, donde ten\u00edamos como principal investigado a una persona que estaba con medidas cautelares en causa diversa, por los mismo hechos, en este caso cultivo ilegal de cannabis, quien prove\u00eda de plantas reci\u00e9n germinadas a terceros y espec\u00edficamente dos de los cuales manten\u00edan plantaciones en Puerto S\u00e1nchez\u201d.<\/p>\n<p style=\"text-align: justify;\">En cuanto al modo de operar, el comisario Rojas indic\u00f3 que el imputado \u201cse dedicaba a ubicar personas vulnerables que tuvieran alg\u00fan tipo de familiar que sufriera alg\u00fan tipo de enfermedad terminal, ofreci\u00e9ndoles semillas de cannabis germinadas para que sean cuidadas por estas personas. \u00c9l las asesoraba y al momento de llegar la cosecha, solicitaba la mitad de las especies, las que posteriormente comercializaba en peque\u00f1as cantidades en la ciudad de Coyhaique\u201d.<\/p>\n<p style=\"text-align: justify;\">Durante la diligencia, \u201cse logr\u00f3 la ubicaci\u00f3n de alrededor de 11 plantas, entre uno a dos metros de altura, algunas de ellas en cultivos acondicionados en algunas islas del Lago General Carrera, en el sector de Puerto S\u00e1nchez, comuna de Puerto Ib\u00e1\u00f1ez\u201d, acot\u00f3 el jefe de la Brigada Antinarc\u00f3ticos Coyhaique. Asimismo, se incautaron 446,2 gramos de sumidades floridas y cuatro goteros contenedores de resina de cannabis.<\/p>\n<p style=\"text-align: justify;\">Por su parte la persecutora penal, Mar\u00eda In\u00e9s N\u00fa\u00f1ez, agreg\u00f3 que se incautaron plantas en diversos inmuebles y cosechas, y en la casa del tercer investigado, originario de Coyhaique, tambi\u00e9n se decomisaron plantas y sustancias en diversos contenedores.<\/p>\n<p style=\"text-align: justify;\">Los detenidos fueron puestos a disposici\u00f3n del Juzgado de Garant\u00eda durante la jornada del s\u00e1bado 24 de abril para su control de detenci\u00f3n y formalizaci\u00f3n.<\/p>\n<p style=\"text-align: justify;\">Los tres imputados fueron formalizados por el delito de cultivo ilegal de cannabis sativa y respecto del tercer sujeto, adem\u00e1s fue formalizado por\u00a0 tr\u00e1fico de drogas, quien adem\u00e1s tiene otros procesos penales pendientes, por lo cual se solicit\u00f3 la prisi\u00f3n preventiva, a lo cual accedi\u00f3 el Juzgado de Garant\u00eda. Para los otros dos imputados se decretaron medidas cautelares de arraigo regional y firma, mientras dura la investigaci\u00f3n de la Fiscal\u00eda y la Polic\u00eda de Investigaciones, con un plazo de 120 d\u00edas.<\/p>\n<\/div><\/section><\/div><div  style='height:50px' class='hr hr-invisible   avia-builder-el-6  el_after_av_one_full  el_before_av_social_share '><span class='hr-inner ' ><span class='hr-inner-style'><\/span><\/span><\/div><\/p>\n<div  class='av-social-sharing-box  avia-builder-el-7  el_after_av_hr  el_before_av_hr  '><div class='av-share-box'><h5 class='av-share-link-description av-no-toc '>Compartir esta noticia<\/h5><ul class='av-share-box-list noLightbox'><li class='av-share-link av-social-link-facebook' ><a target=\"_blank\" aria-label=\"Compartir en Facebook\" href='https:\/\/www.facebook.com\/sharer.php?u=https:\/\/radiorevelacionfm.cl\/?p=3531&#038;t=Incautan%20plantas%20de%20cannabis%20sativa%20desde%20invernaderos%20ocultos%20en%20la%20cuenca%20del%20Lago%20General%20Carrera%20y%20detienen%20a%20tres%20personas' aria-hidden='false' data-av_icon='\ue8f3' data-av_iconfont='entypo-fontello' title='' data-avia-related-tooltip='Compartir en Facebook' rel=\"noopener\"><span class='avia_hidden_link_text'>Compartir en Facebook<\/span><\/a><\/li><li class='av-share-link av-social-link-twitter' ><a target=\"_blank\" aria-label=\"Compartir en Twitter\" href='https:\/\/twitter.com\/share?text=Incautan%20plantas%20de%20cannabis%20sativa%20desde%20invernaderos%20ocultos%20en%20la%20cuenca%20del%20Lago%20General%20Carrera%20y%20detienen%20a%20tres%20personas&#038;url=https:\/\/radiorevelacionfm.cl\/?p=3531' aria-hidden='false' data-av_icon='\ue8f1' data-av_iconfont='entypo-fontello' title='' data-avia-related-tooltip='Compartir en Twitter' rel=\"noopener\"><span class='avia_hidden_link_text'>Compartir en Twitter<\/span><\/a><\/li><li class='av-share-link av-social-link-whatsapp' ><a target=\"_blank\" aria-label=\"Compartir en Whatsapp\" href='https:\/\/api.whatsapp.com\/send?text=https:\/\/radiorevelacionfm.cl\/?p=3531' aria-hidden='false' data-av_icon='\uf232' data-av_iconfont='entypo-fontello' title='' data-avia-related-tooltip='Compartir en Whatsapp' rel=\"noopener\"><span class='avia_hidden_link_text'>Compartir en Whatsapp<\/span><\/a><\/li><li class='av-share-link av-social-link-linkedin' ><a target=\"_blank\" aria-label=\"Compartir en LinkedIn\" href='https:\/\/linkedin.com\/shareArticle?mini=true&#038;title=Incautan%20plantas%20de%20cannabis%20sativa%20desde%20invernaderos%20ocultos%20en%20la%20cuenca%20del%20Lago%20General%20Carrera%20y%20detienen%20a%20tres%20personas&#038;url=https:\/\/radiorevelacionfm.cl\/?p=3531' aria-hidden='false' data-av_icon='\ue8fc' data-av_iconfont='entypo-fontello' title='' data-avia-related-tooltip='Compartir en LinkedIn' rel=\"noopener\"><span class='avia_hidden_link_text'>Compartir en LinkedIn<\/span><\/a><\/li><li class='av-share-link av-social-link-mail' ><a  aria-label=\"Compartir por correo\" href='mailto:?subject=Incautan%20plantas%20de%20cannabis%20sativa%20desde%20invernaderos%20ocultos%20en%20la%20cuenca%20del%20Lago%20General%20Carrera%20y%20detienen%20a%20tres%20personas&#038;body=https:\/\/radiorevelacionfm.cl\/?p=3531' aria-hidden='false' data-av_icon='\ue805' data-av_iconfont='entypo-fontello' title='' data-avia-related-tooltip='Compartir por correo'><span class='avia_hidden_link_text'>Compartir por correo<\/span><\/a><\/li><\/ul><\/div><\/div>\n<div  style='height:50px' class='hr hr-invisible   avia-builder-el-8  el_after_av_social_share  el_before_av_comments_list '><span class='hr-inner ' ><span class='hr-inner-style'><\/span><\/span><\/div>\n<div  class='av-buildercomment  av-blog-meta-html-info-disabled av-blog-meta-tag-disabled  '><\/div>\n","protected":false},"excerpt":{"rendered":"","protected":false},"author":1,"featured_media":0,"comment_status":"open","ping_status":"open","sticky":false,"template":"","format":"standard","meta":{"footnotes":""},"categories":[36],"tags":[],"class_list":["post-3531","post","type-post","status-publish","format-standard","hentry","category-policial"],"jetpack_featured_media_url":"","_links":{"self":[{"href":"https:\/\/radiorevelacionfm.cl\/index.php?rest_route=\/wp\/v2\/posts\/3531","targetHints":{"allow":["GET"]}}],"collection":[{"href":"https:\/\/radiorevelacionfm.cl\/index.php?rest_route=\/wp\/v2\/posts"}],"about":[{"href":"https:\/\/radiorevelacionfm.cl\/index.php?rest_route=\/wp\/v2\/types\/post"}],"author":[{"embeddable":true,"href":"https:\/\/radiorevelacionfm.cl\/index.php?rest_route=\/wp\/v2\/users\/1"}],"replies":[{"embeddable":true,"href":"https:\/\/radiorevelacionfm.cl\/index.php?rest_route=%2Fwp%2Fv2%2Fcomments&post=3531"}],"version-history":[{"count":1,"href":"https:\/\/radiorevelacionfm.cl\/index.php?rest_route=\/wp\/v2\/posts\/3531\/revisions"}],"predecessor-version":[{"id":3533,"href":"https:\/\/radiorevelacionfm.cl\/index.php?rest_route=\/wp\/v2\/posts\/3531\/revisions\/3533"}],"wp:attachment":[{"href":"https:\/\/radiorevelacionfm.cl\/index.php?rest_route=%2Fwp%2Fv2%2Fmedia&parent=3531"}],"wp:term":[{"taxonomy":"category","embeddable":true,"href":"https:\/\/radiorevelacionfm.cl\/index.php?rest_route=%2Fwp%2Fv2%2Fcategories&post=3531"},{"taxonomy":"post_tag","embeddable":true,"href":"https:\/\/radiorevelacionfm.cl\/index.php?rest_route=%2Fwp%2Fv2%2Ftags&post=3531"}],"curies":[{"name":"wp","href":"https:\/\/api.w.org\/{rel}","templated":true}]}}