{"id":35309,"date":"2023-09-26T12:05:49","date_gmt":"2023-09-26T15:05:49","guid":{"rendered":"https:\/\/radiorevelacionfm.cl\/?p=35309"},"modified":"2023-09-26T12:05:49","modified_gmt":"2023-09-26T15:05:49","slug":"fondart-de-creacion-en-fotografia-rescata-oficios-de-puerto-cisnes","status":"publish","type":"post","link":"https:\/\/radiorevelacionfm.cl\/?p=35309","title":{"rendered":"Fondart de Creaci\u00f3n en fotograf\u00eda rescata oficios de Puerto Cisnes"},"content":{"rendered":"<div class=\"flex_column av_one_full  flex_column_div av-zero-column-padding first  avia-builder-el-0  el_before_av_one_full  avia-builder-el-first  \" style='border-radius:0px; '><div  class='avia-image-container  av-styling-    avia-builder-el-1  avia-builder-el-no-sibling  avia-align-center '  itemprop=\"image\" itemscope=\"itemscope\" itemtype=\"https:\/\/schema.org\/ImageObject\"  ><div class='avia-image-container-inner'><div class='avia-image-overlay-wrap'><img decoding=\"async\" class='wp-image-35310 avia-img-lazy-loading-not-35310 avia_image' src=\"https:\/\/radiorevelacionfm.cl\/wp-content\/uploads\/2023\/09\/herencia6-1-1.jpg\" alt='' title='herencia6 (1) (1)' height=\"600\" width=\"937\"  itemprop=\"thumbnailUrl\" srcset=\"https:\/\/radiorevelacionfm.cl\/wp-content\/uploads\/2023\/09\/herencia6-1-1.jpg 937w, https:\/\/radiorevelacionfm.cl\/wp-content\/uploads\/2023\/09\/herencia6-1-1-300x192.jpg 300w, https:\/\/radiorevelacionfm.cl\/wp-content\/uploads\/2023\/09\/herencia6-1-1-768x492.jpg 768w, https:\/\/radiorevelacionfm.cl\/wp-content\/uploads\/2023\/09\/herencia6-1-1-705x451.jpg 705w, https:\/\/radiorevelacionfm.cl\/wp-content\/uploads\/2023\/09\/herencia6-1-1-450x288.jpg 450w, https:\/\/radiorevelacionfm.cl\/wp-content\/uploads\/2023\/09\/herencia6-1-1-600x384.jpg 600w\" sizes=\"(max-width: 937px) 100vw, 937px\" \/><\/div><\/div><\/div><\/div><div class=\"flex_column av_one_full  flex_column_div av-zero-column-padding first  avia-builder-el-2  el_after_av_one_full  el_before_av_one_full  column-top-margin\" style='border-radius:0px; '><section class=\"av_textblock_section \"  itemscope=\"itemscope\" itemtype=\"https:\/\/schema.org\/BlogPosting\" itemprop=\"blogPost\" ><div class='avia_textblock  '   itemprop=\"text\" ><p style=\"text-align: center;\"><span style=\"font-size: 18pt;\"><b>Fondart de Creaci\u00f3n en fotograf\u00eda rescata oficios de Puerto Cisnes<\/b><\/span><\/p>\n<div id=\"gtx-trans\" style=\"position: absolute; left: -50px; top: 4.31534px;\">\n<div class=\"gtx-trans-icon\"><\/div>\n<\/div>\n<\/div><\/section><\/div><div class=\"flex_column av_one_full  flex_column_div av-zero-column-padding first  avia-builder-el-4  el_after_av_one_full  el_before_av_hr  column-top-margin\" style='border-radius:0px; '><section class=\"av_textblock_section \"  itemscope=\"itemscope\" itemtype=\"https:\/\/schema.org\/BlogPosting\" itemprop=\"blogPost\" ><div class='avia_textblock  '   itemprop=\"text\" ><p style=\"text-align: justify;\">Una elegante y sobria publicaci\u00f3n es el resultado del proyecto Herencia de la gestora cultural e investigadora Mar\u00eda Jos\u00e9 Guevara y el fot\u00f3grafo Cristhian Garabito, quienes plantearon la necesidad de rescatar los oficios que dieron vida a la casera localidad de Puerto Cisnes.<\/p>\n<p style=\"text-align: justify;\">Financiados por el Fondo de Desarrollo Regional y de las Artes del Ministerio de las Culturas, las Artes y el Patrimonio, se dieron a la tarea de recopilar testimonios e im\u00e1genes de quienes todav\u00eda conservan tradiciones familiares que se traducen en el sostenimiento de oficios como ola pesca artesanal y la ganader\u00eda a escala familiar.<\/p>\n<p style=\"text-align: justify;\">Adem\u00e1s del libro, que ya est\u00e1 disponible a trav\u00e9s de la editorial regional \u00d1ire Negro, una exposici\u00f3n (en el Centro Cultural de Coyhaique hasta el 29 de septiembre) de copias de gran calidad muestra el trabajo fotogr\u00e1fico detr\u00e1s de la investigaci\u00f3n, labor que les permiti\u00f3 adentrarse en las intimidades familiares, en los rincones donde quedan las huellas de estos oficios.<\/p>\n<p style=\"text-align: justify;\">Para Mar\u00eda Jos\u00e9 Guevara se trata de \u201dun fotolibro que retrata a algunas familias de Puerto Cisnes que han continuado con un oficio. Por ejemplo, con la agricultura, la ganader\u00eda, la pesca del puye o de la merluza. En la actualidad queda muy pocos hijos e hijas e hijes que est\u00e9n continuando con este oficio. En el puye, por lo menos, es una de las \u00faltimas familias en que el hijo sabe todav\u00eda\u2026 y el nieto. Y tambi\u00e9n estaos retratando el pescador m\u00e1s joven de Puerto Cisnes, que tiene 20 a\u00f1os y es el \u00faltimo. Entonces, estamos hablando de oficios que llevan alrededor de 60 a\u00f1os, que dieron origen al pueblo de Puerto Cisnes y que hoy en d\u00eda se est\u00e1n perdiendo, pero nosotros queremos verlo con una mirada no como de \u2018qu\u00e9 lindo lo que ocurri\u00f3\u2019, sino que resaltar este rescate\u201d.<\/p>\n<p style=\"text-align: justify;\">El seremi de Culturas Ays\u00e9n, Felipe Quiroz, dijo que \u201ces, sin duda, una valiosa publicaci\u00f3n, en especial para la comunidad de Puerto Cisnes, para sus familias, sus pescadores, peque\u00f1os agricultores, que pueden ver reflejada en esta publicaci\u00f3n todas sus vidas dedicadas a los oficios que han sostenido en el territorio por varias d\u00e9cadas. Para nosotros como ministerio y para el Gobierno del presidente Boric, el hecho de que los Fondos de Cultura permitan avanzan en estas l\u00edneas de investigaci\u00f3n que ponen en valor la identidad de los territorios es fundamental\u201d.<\/p>\n<p style=\"text-align: justify;\">Esta publicaci\u00f3n fortalece la presencia editorial en la Regi\u00f3n de Ays\u00e9n de publicaciones relativas a las Artes de la Visualidad.<\/p>\n<p style=\"text-align: justify;\">No olvides que estamos en pleno per\u00edodo de postulaciones a las Convocatorias Cultura 2023-2024, incluidos los Fondart Nacional y Regional. Busca tus bases en\u00a0<a href=\"http:\/\/fondosdecultura.cl\/\" target=\"_blank\" rel=\"noopener\" data-saferedirecturl=\"https:\/\/www.google.com\/url?q=http:\/\/fondosdecultura.cl&amp;source=gmail&amp;ust=1695826024476000&amp;usg=AOvVaw2LCyM0imIvfI2-IDHfAdfp\">fondosdecultura.cl<\/a>\u00a0y participa.<\/p>\n<p style=\"text-align: justify;\">Adem\u00e1s, te invitamos a las charlas de capacitaci\u00f3n en l\u00ednea que te permitir\u00e1n fortalecer tus postulaciones:<\/p>\n<p style=\"text-align: justify;\">Fondart 2024<\/p>\n<p style=\"text-align: justify;\">Mi\u00e9rcoles 27 de septiembre, 15:30 h<\/p>\n<p style=\"text-align: justify;\">Fondo Audiovisual 2024<\/p>\n<p style=\"text-align: justify;\">Martes 3 de octubre, 16:30 h<\/p>\n<p style=\"text-align: justify;\">Fondo de la Artes Esc\u00e9nicas 2024<\/p>\n<p style=\"text-align: justify;\">Jueves 28 de septiembre, 17 h<\/p>\n<p style=\"text-align: justify;\">M\u00e1s informaci\u00f3n en\u00a0<a href=\"http:\/\/fondosdeculura.cl\/capacitaciones\" target=\"_blank\" rel=\"noopener\" data-saferedirecturl=\"https:\/\/www.google.com\/url?q=http:\/\/fondosdeculura.cl\/capacitaciones&amp;source=gmail&amp;ust=1695826024476000&amp;usg=AOvVaw26-g5RU4xSM764Hu0m5NhI\">fondosdeculura.cl\/<wbr \/>capacitaciones<\/a><\/p>\n<\/div><\/section><\/div><div  style='height:50px' class='hr hr-invisible   avia-builder-el-6  el_after_av_one_full  el_before_av_social_share '><span class='hr-inner ' ><span class='hr-inner-style'><\/span><\/span><\/div><\/p>\n<div  class='av-social-sharing-box  avia-builder-el-7  el_after_av_hr  el_before_av_hr  '><div class='av-share-box'><h5 class='av-share-link-description av-no-toc '>Compartir esta noticia<\/h5><ul class='av-share-box-list noLightbox'><li class='av-share-link av-social-link-facebook' ><a target=\"_blank\" aria-label=\"Compartir en Facebook\" href='https:\/\/www.facebook.com\/sharer.php?u=https:\/\/radiorevelacionfm.cl\/?p=35309&#038;t=Fondart%20de%20Creaci%C3%B3n%20en%20fotograf%C3%ADa%20rescata%20oficios%20de%20Puerto%20Cisnes' aria-hidden='false' data-av_icon='\ue8f3' data-av_iconfont='entypo-fontello' title='' data-avia-related-tooltip='Compartir en Facebook' rel=\"noopener\"><span class='avia_hidden_link_text'>Compartir en Facebook<\/span><\/a><\/li><li class='av-share-link av-social-link-twitter' ><a target=\"_blank\" aria-label=\"Compartir en Twitter\" href='https:\/\/twitter.com\/share?text=Fondart%20de%20Creaci%C3%B3n%20en%20fotograf%C3%ADa%20rescata%20oficios%20de%20Puerto%20Cisnes&#038;url=https:\/\/radiorevelacionfm.cl\/?p=35309' aria-hidden='false' data-av_icon='\ue8f1' data-av_iconfont='entypo-fontello' title='' data-avia-related-tooltip='Compartir en Twitter' rel=\"noopener\"><span class='avia_hidden_link_text'>Compartir en Twitter<\/span><\/a><\/li><li class='av-share-link av-social-link-whatsapp' ><a target=\"_blank\" aria-label=\"Compartir en Whatsapp\" href='https:\/\/api.whatsapp.com\/send?text=https:\/\/radiorevelacionfm.cl\/?p=35309' aria-hidden='false' data-av_icon='\uf232' data-av_iconfont='entypo-fontello' title='' data-avia-related-tooltip='Compartir en Whatsapp' rel=\"noopener\"><span class='avia_hidden_link_text'>Compartir en Whatsapp<\/span><\/a><\/li><li class='av-share-link av-social-link-linkedin' ><a target=\"_blank\" aria-label=\"Compartir en LinkedIn\" href='https:\/\/linkedin.com\/shareArticle?mini=true&#038;title=Fondart%20de%20Creaci%C3%B3n%20en%20fotograf%C3%ADa%20rescata%20oficios%20de%20Puerto%20Cisnes&#038;url=https:\/\/radiorevelacionfm.cl\/?p=35309' aria-hidden='false' data-av_icon='\ue8fc' data-av_iconfont='entypo-fontello' title='' data-avia-related-tooltip='Compartir en LinkedIn' rel=\"noopener\"><span class='avia_hidden_link_text'>Compartir en LinkedIn<\/span><\/a><\/li><li class='av-share-link av-social-link-mail' ><a  aria-label=\"Compartir por correo\" href='mailto:?subject=Fondart%20de%20Creaci%C3%B3n%20en%20fotograf%C3%ADa%20rescata%20oficios%20de%20Puerto%20Cisnes&#038;body=https:\/\/radiorevelacionfm.cl\/?p=35309' aria-hidden='false' data-av_icon='\ue805' data-av_iconfont='entypo-fontello' title='' data-avia-related-tooltip='Compartir por correo'><span class='avia_hidden_link_text'>Compartir por correo<\/span><\/a><\/li><\/ul><\/div><\/div>\n<div  style='height:50px' class='hr hr-invisible   avia-builder-el-8  el_after_av_social_share  el_before_av_comments_list '><span class='hr-inner ' ><span class='hr-inner-style'><\/span><\/span><\/div>\n<div  class='av-buildercomment  av-blog-meta-html-info-disabled av-blog-meta-tag-disabled  '><\/div>\n","protected":false},"excerpt":{"rendered":"","protected":false},"author":1,"featured_media":35310,"comment_status":"open","ping_status":"open","sticky":false,"template":"","format":"standard","meta":{"footnotes":""},"categories":[52],"tags":[],"class_list":["post-35309","post","type-post","status-publish","format-standard","has-post-thumbnail","hentry","category-cultura"],"jetpack_featured_media_url":"https:\/\/radiorevelacionfm.cl\/wp-content\/uploads\/2023\/09\/herencia6-1-1.jpg","_links":{"self":[{"href":"https:\/\/radiorevelacionfm.cl\/index.php?rest_route=\/wp\/v2\/posts\/35309","targetHints":{"allow":["GET"]}}],"collection":[{"href":"https:\/\/radiorevelacionfm.cl\/index.php?rest_route=\/wp\/v2\/posts"}],"about":[{"href":"https:\/\/radiorevelacionfm.cl\/index.php?rest_route=\/wp\/v2\/types\/post"}],"author":[{"embeddable":true,"href":"https:\/\/radiorevelacionfm.cl\/index.php?rest_route=\/wp\/v2\/users\/1"}],"replies":[{"embeddable":true,"href":"https:\/\/radiorevelacionfm.cl\/index.php?rest_route=%2Fwp%2Fv2%2Fcomments&post=35309"}],"version-history":[{"count":1,"href":"https:\/\/radiorevelacionfm.cl\/index.php?rest_route=\/wp\/v2\/posts\/35309\/revisions"}],"predecessor-version":[{"id":35311,"href":"https:\/\/radiorevelacionfm.cl\/index.php?rest_route=\/wp\/v2\/posts\/35309\/revisions\/35311"}],"wp:featuredmedia":[{"embeddable":true,"href":"https:\/\/radiorevelacionfm.cl\/index.php?rest_route=\/wp\/v2\/media\/35310"}],"wp:attachment":[{"href":"https:\/\/radiorevelacionfm.cl\/index.php?rest_route=%2Fwp%2Fv2%2Fmedia&parent=35309"}],"wp:term":[{"taxonomy":"category","embeddable":true,"href":"https:\/\/radiorevelacionfm.cl\/index.php?rest_route=%2Fwp%2Fv2%2Fcategories&post=35309"},{"taxonomy":"post_tag","embeddable":true,"href":"https:\/\/radiorevelacionfm.cl\/index.php?rest_route=%2Fwp%2Fv2%2Ftags&post=35309"}],"curies":[{"name":"wp","href":"https:\/\/api.w.org\/{rel}","templated":true}]}}