{"id":35306,"date":"2023-09-28T10:55:32","date_gmt":"2023-09-28T13:55:32","guid":{"rendered":"https:\/\/radiorevelacionfm.cl\/?p=35306"},"modified":"2023-09-28T10:55:32","modified_gmt":"2023-09-28T13:55:32","slug":"campana-de-invierno-2023-se-registra-mortalidad-mas-baja-en-los-ultimos-anos-y-destaca-respuesta-de-la-red-asistencial-ante-alta-circulacion-viral","status":"publish","type":"post","link":"https:\/\/radiorevelacionfm.cl\/?p=35306","title":{"rendered":"Campa\u00f1a de Invierno 2023: Se registra mortalidad m\u00e1s baja en los \u00faltimos a\u00f1os y destaca respuesta de la red asistencial ante alta circulaci\u00f3n viral"},"content":{"rendered":"<div class=\"flex_column av_one_full  flex_column_div av-zero-column-padding first  avia-builder-el-0  el_before_av_one_full  avia-builder-el-first  \" style='border-radius:0px; '><div  class='avia-image-container  av-styling-    avia-builder-el-1  avia-builder-el-no-sibling  avia-align-center '  itemprop=\"image\" itemscope=\"itemscope\" itemtype=\"https:\/\/schema.org\/ImageObject\"  ><div class='avia-image-container-inner'><div class='avia-image-overlay-wrap'><img decoding=\"async\" class='wp-image-35307 avia-img-lazy-loading-not-35307 avia_image' src=\"https:\/\/radiorevelacionfm.cl\/wp-content\/uploads\/2023\/09\/53045900395_1fa186093f_k-1-1.jpg\" alt='' title='53045900395_1fa186093f_k (1) (1)' height=\"600\" width=\"900\"  itemprop=\"thumbnailUrl\" srcset=\"https:\/\/radiorevelacionfm.cl\/wp-content\/uploads\/2023\/09\/53045900395_1fa186093f_k-1-1.jpg 900w, https:\/\/radiorevelacionfm.cl\/wp-content\/uploads\/2023\/09\/53045900395_1fa186093f_k-1-1-300x200.jpg 300w, https:\/\/radiorevelacionfm.cl\/wp-content\/uploads\/2023\/09\/53045900395_1fa186093f_k-1-1-768x512.jpg 768w, https:\/\/radiorevelacionfm.cl\/wp-content\/uploads\/2023\/09\/53045900395_1fa186093f_k-1-1-705x470.jpg 705w, https:\/\/radiorevelacionfm.cl\/wp-content\/uploads\/2023\/09\/53045900395_1fa186093f_k-1-1-450x300.jpg 450w, https:\/\/radiorevelacionfm.cl\/wp-content\/uploads\/2023\/09\/53045900395_1fa186093f_k-1-1-600x400.jpg 600w\" sizes=\"(max-width: 900px) 100vw, 900px\" \/><\/div><\/div><\/div><\/div><div class=\"flex_column av_one_full  flex_column_div av-zero-column-padding first  avia-builder-el-2  el_after_av_one_full  el_before_av_one_full  column-top-margin\" style='border-radius:0px; '><section class=\"av_textblock_section \"  itemscope=\"itemscope\" itemtype=\"https:\/\/schema.org\/BlogPosting\" itemprop=\"blogPost\" ><div class='avia_textblock  '   itemprop=\"text\" ><p style=\"text-align: center;\"><span style=\"font-size: 18pt;\"><b><span lang=\"ES\">Campa\u00f1a de Invierno 2023: Se registra mortalidad m\u00e1s baja en los \u00faltimos a\u00f1os<\/span><\/b><span lang=\"ES\">\u00a0<\/span><b><span lang=\"ES\">y destaca respuesta de la red asistencial ante alta circulaci\u00f3n viral<\/span><\/b><\/span><\/p>\n<div id=\"gtx-trans\" style=\"position: absolute; left: -50px; top: 4.31534px;\">\n<div class=\"gtx-trans-icon\"><\/div>\n<\/div>\n<\/div><\/section><\/div><div class=\"flex_column av_one_full  flex_column_div av-zero-column-padding first  avia-builder-el-4  el_after_av_one_full  el_before_av_hr  column-top-margin\" style='border-radius:0px; '><section class=\"av_textblock_section \"  itemscope=\"itemscope\" itemtype=\"https:\/\/schema.org\/BlogPosting\" itemprop=\"blogPost\" ><div class='avia_textblock  '   itemprop=\"text\" ><p style=\"font-weight: 400; text-align: justify;\">A inicios de este a\u00f1o las proyecciones de expertos hablaban de una alta circulaci\u00f3n de virus respiratorios simult\u00e1neos al COVID-19 para el invierno 2023, situaci\u00f3n que motiv\u00f3 al Ministerio de Salud a prorrogar la Alerta Sanitaria hasta agosto pasado y as\u00ed contar con recursos extraordinarios para dar respuesta a una demanda que se convirti\u00f3 en hist\u00f3rica.<\/p>\n<p style=\"font-weight: 400; text-align: justify;\">Los antecedentes no estuvieron lejos de la realidad ya que la reciente temporada invernal tension\u00f3 la red asistencial debido, entre otros motivos, al adelantamiento del peak de atenciones por causas respiratorias (de la Semana\u00a0Epidemiol\u00f3gica 23 a la 20), sumando un total de 49.691 consultas durante este invierno versus las\u00a037.872 en 2022, es decir, un\u00a030% m\u00e1s que el a\u00f1o pasado.<\/p>\n<p style=\"font-weight: 400; text-align: justify;\">De acuerdo a los informes realizados por el Instituto de Salud P\u00fablica (ISP), en lo que va del a\u00f1o se han registrado 37.059 casos de virus respiratorios, un 37% m\u00e1s de los 26.937 registrados el a\u00f1o anterior en el mismo periodo. Incluso, si se compara con el 2019 \u2013 a\u00f1o prepand\u00e9mico- hay una variaci\u00f3n del 76%, ya que en esa ocasi\u00f3n hubo 20.949 casos. Parte de la poblaci\u00f3n m\u00e1s afectada fueron los pacientes menores de 5 a\u00f1os, principalmente por el Virus Respiratorio Sincicial (VRS), cuyo total de casos ascendi\u00f3 a 13.047 este a\u00f1o (corte a la SE n\u00b037), cifra considerablemente mayor en comparaci\u00f3n a los 9.282 casos en 2022 y 8.615 en 2019.<\/p>\n<p style=\"font-weight: 400; text-align: justify;\">Si bien el invierno fue duro, con una\u00a0circulaci\u00f3n precoz de virus respiratorios, un alza temprana en las consultas, hospitalizaciones y defunciones por causa respiratoria,\u00a0la respuesta de la red asistencial estuvo a la altura de un complejo escenario, logrando la mortalidad m\u00e1s baja en los \u00faltimos cinco a\u00f1os.<\/p>\n<p style=\"font-weight: 400; text-align: justify;\">Hasta finales de junio se registraron 2.808 muertes provocadas por causa respiratoria, y solo 13 de ellas corresponden a menores de un a\u00f1o. Esto significa una baja del 56% en comparaci\u00f3n con 2019, cuando para la misma fecha se contabilizaban 6.507.<\/p>\n<p style=\"font-weight: 400; text-align: justify;\">Adicionalmente, desde fines de junio se registr\u00f3 un d\u00e9ficit de mortalidad general que se mantuvo durante cuatro semanas y que no se hab\u00eda visto en per\u00edodos previos a la pandemia, es decir, el n\u00famero de defunciones observadas es menor al n\u00famero de defunciones esperadas para esa semana en base a los a\u00f1os previos. Para la semana 29, por ejemplo, se esperaban 2.575 defunciones y se observaron 2.457 (-4,6%).<\/p>\n<p style=\"font-weight: 400; text-align: justify;\">En relaci\u00f3n con las defunciones totales por causas respiratorias, como influenza y neumon\u00eda y otras infecciones agudas de las v\u00edas respiratorias inferiores, se vio un incremento precoz respecto a a\u00f1os previos (semana 15 a semana 20), que se asocia a un adelantamiento de la circulaci\u00f3n viral. Asimismo, se aprecia un peak alto, sin embargo, menor al m\u00e1ximo de a\u00f1os previos y una disminuci\u00f3n precoz de las defunciones respecto al valor hist\u00f3rico<\/p>\n<p style=\"font-weight: 400; text-align: justify;\"><strong>Estrategias Campa\u00f1a Invierno 2023<\/strong><\/p>\n<p style=\"font-weight: 400; text-align: justify;\">Adem\u00e1s de destacar la labor de las y los trabajadores de la Red Asistencial p\u00fablica y privada frente al aumento de la circulaci\u00f3n viral, se desplegaron diversas estrategias para hacer frente a la demanda de este a\u00f1o.<\/p>\n<p style=\"font-weight: 400; text-align: justify;\">Se lograron casi 7 millones de dosis administradas (78,4%) de vacunas contra la influenza, proceso que inici\u00f3 en marzo con foco en los grupos de riesgo y se reforz\u00f3 en junio con difusi\u00f3n comunicacional, mientras que paralelamente se continu\u00f3 inmunizando contra el COVID-19. Sumado a esto, se implement\u00f3 tambi\u00e9n el uso de mascarillas en los colegios hasta el pasado 31 de agosto<\/p>\n<p style=\"font-weight: 400; text-align: justify;\">Adem\u00e1s, las autoridades sanitarias aumentaron la capacidad hospitalaria en las \u00e1reas pedi\u00e1tricas, pasando de 738 camas cr\u00edticas a un n\u00famero m\u00e1ximo de\u00a0camas UPC habilitadas: 1.461 en Semana Epidemiol\u00f3gica 25 (18-24 junio)<\/p>\n<p style=\"font-weight: 400; text-align: justify;\">En tanto, los Servicios de Salud del pa\u00eds planificaron anticipadamente las estrategias a implementar durante la campa\u00f1a de invierno, lo que se vio reflejado en\u00a0el\u00a0fortalecimiento de los establecimientos asistenciales, tanto en hospitales como centros de APS, donde adem\u00e1s se cont\u00f3 con el apoyo de Equipos M\u00e9dicos de Emergencia internacionales.<\/p>\n<p style=\"font-weight: 400; text-align: justify;\">\u201cUna buena noticia para nuestra regi\u00f3n es que, a pesar del aumento de virus respiratorio sincicial, sobre todo en los menores de dos a\u00f1os, con muchas hospitalizaciones, no presentamos mortalidad infantil y esto es una excelente noticia porque habla de un muy buen trabajo de la comunidad y del equipo de Salud que cont\u00f3 con todos los recursos disponibles para enfrentar esta situaci\u00f3n\u201d, indic\u00f3 el Dr. Rodrigo Verdugo, subdirector de Gesti\u00f3n Asistencial del Servicio de Salud Ays\u00e9n.<\/p>\n<p style=\"font-weight: 400; text-align: justify;\">Desde el Servicio destacaron el apoyo brindado por el Ministerio con el arribo a la regi\u00f3n de Ays\u00e9n de un equipo internacional de especialistas que reforz\u00f3 las labores desarrolladas por el Hospital Regional e indicaron adem\u00e1s que ya se est\u00e1 proyectando el trabajo para 2024 con el fortalecimiento de las unidades pedi\u00e1tricas para enfrentar el pr\u00f3ximo invierno.<\/p>\n<\/div><\/section><\/div><div  style='height:50px' class='hr hr-invisible   avia-builder-el-6  el_after_av_one_full  el_before_av_social_share '><span class='hr-inner ' ><span class='hr-inner-style'><\/span><\/span><\/div><\/p>\n<div  class='av-social-sharing-box  avia-builder-el-7  el_after_av_hr  el_before_av_hr  '><div class='av-share-box'><h5 class='av-share-link-description av-no-toc '>Compartir esta noticia<\/h5><ul class='av-share-box-list noLightbox'><li class='av-share-link av-social-link-facebook' ><a target=\"_blank\" aria-label=\"Compartir en Facebook\" href='https:\/\/www.facebook.com\/sharer.php?u=https:\/\/radiorevelacionfm.cl\/?p=35306&#038;t=Campa%C3%B1a%20de%20Invierno%202023%3A%20Se%20registra%20mortalidad%20m%C3%A1s%20baja%20en%20los%20%C3%BAltimos%20a%C3%B1os%20y%20destaca%20respuesta%20de%20la%20red%20asistencial%20ante%20alta%20circulaci%C3%B3n%20viral' aria-hidden='false' data-av_icon='\ue8f3' data-av_iconfont='entypo-fontello' title='' data-avia-related-tooltip='Compartir en Facebook' rel=\"noopener\"><span class='avia_hidden_link_text'>Compartir en Facebook<\/span><\/a><\/li><li class='av-share-link av-social-link-twitter' ><a target=\"_blank\" aria-label=\"Compartir en Twitter\" href='https:\/\/twitter.com\/share?text=Campa%C3%B1a%20de%20Invierno%202023%3A%20Se%20registra%20mortalidad%20m%C3%A1s%20baja%20en%20los%20%C3%BAltimos%20a%C3%B1os%20y%20destaca%20respuesta%20de%20la%20red%20asistencial%20ante%20alta%20circulaci%C3%B3n%20viral&#038;url=https:\/\/radiorevelacionfm.cl\/?p=35306' aria-hidden='false' data-av_icon='\ue8f1' data-av_iconfont='entypo-fontello' title='' data-avia-related-tooltip='Compartir en Twitter' rel=\"noopener\"><span class='avia_hidden_link_text'>Compartir en Twitter<\/span><\/a><\/li><li class='av-share-link av-social-link-whatsapp' ><a target=\"_blank\" aria-label=\"Compartir en Whatsapp\" href='https:\/\/api.whatsapp.com\/send?text=https:\/\/radiorevelacionfm.cl\/?p=35306' aria-hidden='false' data-av_icon='\uf232' data-av_iconfont='entypo-fontello' title='' data-avia-related-tooltip='Compartir en Whatsapp' rel=\"noopener\"><span class='avia_hidden_link_text'>Compartir en Whatsapp<\/span><\/a><\/li><li class='av-share-link av-social-link-linkedin' ><a target=\"_blank\" aria-label=\"Compartir en LinkedIn\" href='https:\/\/linkedin.com\/shareArticle?mini=true&#038;title=Campa%C3%B1a%20de%20Invierno%202023%3A%20Se%20registra%20mortalidad%20m%C3%A1s%20baja%20en%20los%20%C3%BAltimos%20a%C3%B1os%20y%20destaca%20respuesta%20de%20la%20red%20asistencial%20ante%20alta%20circulaci%C3%B3n%20viral&#038;url=https:\/\/radiorevelacionfm.cl\/?p=35306' aria-hidden='false' data-av_icon='\ue8fc' data-av_iconfont='entypo-fontello' title='' data-avia-related-tooltip='Compartir en LinkedIn' rel=\"noopener\"><span class='avia_hidden_link_text'>Compartir en LinkedIn<\/span><\/a><\/li><li class='av-share-link av-social-link-mail' ><a  aria-label=\"Compartir por correo\" href='mailto:?subject=Campa%C3%B1a%20de%20Invierno%202023%3A%20Se%20registra%20mortalidad%20m%C3%A1s%20baja%20en%20los%20%C3%BAltimos%20a%C3%B1os%20y%20destaca%20respuesta%20de%20la%20red%20asistencial%20ante%20alta%20circulaci%C3%B3n%20viral&#038;body=https:\/\/radiorevelacionfm.cl\/?p=35306' aria-hidden='false' data-av_icon='\ue805' data-av_iconfont='entypo-fontello' title='' data-avia-related-tooltip='Compartir por correo'><span class='avia_hidden_link_text'>Compartir por correo<\/span><\/a><\/li><\/ul><\/div><\/div>\n<div  style='height:50px' class='hr hr-invisible   avia-builder-el-8  el_after_av_social_share  el_before_av_comments_list '><span class='hr-inner ' ><span class='hr-inner-style'><\/span><\/span><\/div>\n<div  class='av-buildercomment  av-blog-meta-html-info-disabled av-blog-meta-tag-disabled  '><\/div>\n","protected":false},"excerpt":{"rendered":"","protected":false},"author":1,"featured_media":35307,"comment_status":"open","ping_status":"open","sticky":false,"template":"","format":"standard","meta":{"footnotes":""},"categories":[46],"tags":[],"class_list":["post-35306","post","type-post","status-publish","format-standard","has-post-thumbnail","hentry","category-salud"],"jetpack_featured_media_url":"https:\/\/radiorevelacionfm.cl\/wp-content\/uploads\/2023\/09\/53045900395_1fa186093f_k-1-1.jpg","_links":{"self":[{"href":"https:\/\/radiorevelacionfm.cl\/index.php?rest_route=\/wp\/v2\/posts\/35306","targetHints":{"allow":["GET"]}}],"collection":[{"href":"https:\/\/radiorevelacionfm.cl\/index.php?rest_route=\/wp\/v2\/posts"}],"about":[{"href":"https:\/\/radiorevelacionfm.cl\/index.php?rest_route=\/wp\/v2\/types\/post"}],"author":[{"embeddable":true,"href":"https:\/\/radiorevelacionfm.cl\/index.php?rest_route=\/wp\/v2\/users\/1"}],"replies":[{"embeddable":true,"href":"https:\/\/radiorevelacionfm.cl\/index.php?rest_route=%2Fwp%2Fv2%2Fcomments&post=35306"}],"version-history":[{"count":1,"href":"https:\/\/radiorevelacionfm.cl\/index.php?rest_route=\/wp\/v2\/posts\/35306\/revisions"}],"predecessor-version":[{"id":35308,"href":"https:\/\/radiorevelacionfm.cl\/index.php?rest_route=\/wp\/v2\/posts\/35306\/revisions\/35308"}],"wp:featuredmedia":[{"embeddable":true,"href":"https:\/\/radiorevelacionfm.cl\/index.php?rest_route=\/wp\/v2\/media\/35307"}],"wp:attachment":[{"href":"https:\/\/radiorevelacionfm.cl\/index.php?rest_route=%2Fwp%2Fv2%2Fmedia&parent=35306"}],"wp:term":[{"taxonomy":"category","embeddable":true,"href":"https:\/\/radiorevelacionfm.cl\/index.php?rest_route=%2Fwp%2Fv2%2Fcategories&post=35306"},{"taxonomy":"post_tag","embeddable":true,"href":"https:\/\/radiorevelacionfm.cl\/index.php?rest_route=%2Fwp%2Fv2%2Ftags&post=35306"}],"curies":[{"name":"wp","href":"https:\/\/api.w.org\/{rel}","templated":true}]}}