{"id":35303,"date":"2023-09-26T11:35:17","date_gmt":"2023-09-26T14:35:17","guid":{"rendered":"https:\/\/radiorevelacionfm.cl\/?p=35303"},"modified":"2023-09-26T11:35:17","modified_gmt":"2023-09-26T14:35:17","slug":"el-arte-textil-comunitario-reune-a-ninos-ninas-adolescentes-y-artesanas-de-villa-manihuales","status":"publish","type":"post","link":"https:\/\/radiorevelacionfm.cl\/?p=35303","title":{"rendered":"El arte textil comunitario re\u00fane a ni\u00f1os, ni\u00f1as, adolescentes y artesanas de Villa Ma\u00f1ihuales"},"content":{"rendered":"<div class=\"flex_column av_one_full  flex_column_div av-zero-column-padding first  avia-builder-el-0  el_before_av_one_full  avia-builder-el-first  \" style='border-radius:0px; '><div  class='avia-image-container  av-styling-    avia-builder-el-1  avia-builder-el-no-sibling  avia-align-center '  itemprop=\"image\" itemscope=\"itemscope\" itemtype=\"https:\/\/schema.org\/ImageObject\"  ><div class='avia-image-container-inner'><div class='avia-image-overlay-wrap'><img decoding=\"async\" class='wp-image-35304 avia-img-lazy-loading-not-35304 avia_image' src=\"https:\/\/radiorevelacionfm.cl\/wp-content\/uploads\/2023\/09\/Foto-bordado-2-1-1.jpg\" alt='' title='Foto bordado 2 (1) (1)' height=\"600\" width=\"799\"  itemprop=\"thumbnailUrl\" srcset=\"https:\/\/radiorevelacionfm.cl\/wp-content\/uploads\/2023\/09\/Foto-bordado-2-1-1.jpg 799w, https:\/\/radiorevelacionfm.cl\/wp-content\/uploads\/2023\/09\/Foto-bordado-2-1-1-300x225.jpg 300w, https:\/\/radiorevelacionfm.cl\/wp-content\/uploads\/2023\/09\/Foto-bordado-2-1-1-768x577.jpg 768w, https:\/\/radiorevelacionfm.cl\/wp-content\/uploads\/2023\/09\/Foto-bordado-2-1-1-705x529.jpg 705w, https:\/\/radiorevelacionfm.cl\/wp-content\/uploads\/2023\/09\/Foto-bordado-2-1-1-450x338.jpg 450w, https:\/\/radiorevelacionfm.cl\/wp-content\/uploads\/2023\/09\/Foto-bordado-2-1-1-600x451.jpg 600w\" sizes=\"(max-width: 799px) 100vw, 799px\" \/><\/div><\/div><\/div><\/div><div class=\"flex_column av_one_full  flex_column_div av-zero-column-padding first  avia-builder-el-2  el_after_av_one_full  el_before_av_one_full  column-top-margin\" style='border-radius:0px; '><section class=\"av_textblock_section \"  itemscope=\"itemscope\" itemtype=\"https:\/\/schema.org\/BlogPosting\" itemprop=\"blogPost\" ><div class='avia_textblock  '   itemprop=\"text\" ><p style=\"text-align: center;\"><strong><span style=\"font-size: 18pt;\">El arte textil comunitario re\u00fane a ni\u00f1os, ni\u00f1as, adolescentes y artesanas de Villa Ma\u00f1ihuales <\/span><\/strong><\/p>\n<div id=\"gtx-trans\" style=\"position: absolute; left: -50px; top: 4.31534px;\">\n<div class=\"gtx-trans-icon\"><\/div>\n<\/div>\n<\/div><\/section><\/div><div class=\"flex_column av_one_full  flex_column_div av-zero-column-padding first  avia-builder-el-4  el_after_av_one_full  el_before_av_hr  column-top-margin\" style='border-radius:0px; '><section class=\"av_textblock_section \"  itemscope=\"itemscope\" itemtype=\"https:\/\/schema.org\/BlogPosting\" itemprop=\"blogPost\" ><div class='avia_textblock  '   itemprop=\"text\" ><p dir=\"ltr\" style=\"text-align: justify;\">La creaci\u00f3n de un gran tapiz colaborativo ha sido el esp\u00edritu de una inspiradora iniciativa liderada por Pulso Austral y financiada por el Fondo Chile de Todas y Todos del Ministerio de Desarrollo Social, que busca abrir espacios de encuentro entre generaciones y hacer comunidad en torno a oficios textiles como el bordado.<\/p>\n<p dir=\"ltr\" style=\"text-align: justify;\">No hay edad ni g\u00e9nero para aprender y practicar oficios textiles. Con esta premisa, m\u00e1s de 40 representantes de la comunidad de Villa Ma\u00f1ihuales, participantes desde los siete hasta los setenta a\u00f1os, han compartido en encuentros mensuales de bordado y costura, donde paulatinamente se ha ido construyendo un tapiz inspirado en el territorio y en la vida rural de esta peque\u00f1a localidad de la Regi\u00f3n de Ays\u00e9n. Se trata del proyecto \u201cBordado Intergeneracional\u201d, que reuni\u00f3 a las artesanas del Taller Ra\u00edces de Ma\u00f1ihuales, la comunidad educativa del Liceo de Villa Ma\u00f1ihuales y el equipo de facilitadoras de Pulso Austral y Paralelo 47.<\/p>\n<p dir=\"ltr\" style=\"text-align: justify;\">La pr\u00e1ctica textil comunitaria para promover el apoyo social, el bienestar y la salud mental ha sido el coraz\u00f3n de esta iniciativa que comenz\u00f3 en diciembre del a\u00f1o pasado con un diagn\u00f3stico participativo, donde se levantaron visiones sobre ambas generaciones. Por una parte, los adolescentes relataron lo que valoran y lo que creen que necesitan las adultas mayores y ellas por su lado repitieron el mismo ejercicio.<\/p>\n<p dir=\"ltr\" style=\"text-align: justify;\">Posteriormente, se trabaj\u00f3 con Daniela Pizarro, destacada artista textil e investigadora que integra el Comit\u00e9 Nacional de Conservaci\u00f3n Textil, quien acompa\u00f1\u00f3 el dise\u00f1o del tapiz con una mirada colaborativa y territorial. \u201cSiento que mirar el territorio construido con tus propias manos es algo muy sanador y esclarecedor tambi\u00e9n, para ver la dimensi\u00f3n de donde vives, no siempre tenemos la posibilidad de dibujar donde vivimos, siempre otros nos han mapeado\u2026\u201d, relat\u00f3 la artista.<\/p>\n<p dir=\"ltr\" style=\"text-align: justify;\">Por su parte, la psic\u00f3loga y cofundadora de Pulso Austral, Cecilia Moura, relev\u00f3 como \u201cel di\u00e1logo, la creaci\u00f3n colectiva y el intercambio generacional se convirtieron en el soporte de esta iniciativa. El arte, entonces, act\u00faa como un medio para la transmisi\u00f3n de oficios y saberes, como tambi\u00e9n en un espacio para cuidar la salud mental, intercambiar experiencias de vida, abrazar diferencias y construir sue\u00f1os\u00a0compartidos, entre los participantes de Villa Ma\u00f1ihuales\u201d.<\/p>\n<p dir=\"ltr\" style=\"text-align: justify;\"><strong>Hilvanando conversaciones\u00a0<\/strong><\/p>\n<p dir=\"ltr\" style=\"text-align: justify;\">En las sesiones de bordado colectivo, las artesanas han logrado transmitir sus conocimientos a los y las m\u00e1s j\u00f3venes, generando un v\u00ednculo desde la t\u00e9cnica, la experiencia, la paciencia y la sabidur\u00eda art\u00edstica. As\u00ed lo confirma Vanessa Sandoval, profesora de arte del Liceo y quien ha estado a cargo de convocar y acompa\u00f1ar al grupo de estudiantes: \u201cHa sido un proceso entretenido, con altos y bajos. Todos hemos aprendido juntos. Partimos sin muchos saberes del bordado, pero el crecimiento ha sido continuo. Muchos de los ni\u00f1os ya sab\u00edan bordar porque sus madres y abuelas les hab\u00edan ense\u00f1ado. Sin embargo, la experiencia colectiva fue \u00fanica&#8230;\u00a0porque tejer, bordar, es hilvanar conversaciones, historias, risas, penas\u2026 ha sido un aprender mutuo\u201d.<\/p>\n<p dir=\"ltr\" style=\"text-align: justify;\">Para las artesanas la experiencia positiva es compartida. Judith V\u00e1squez destac\u00f3 la importancia del proceso. \u201cNo s\u00f3lo porque aprendemos nosotros, sino porque compartimos nuestros conocimientos\u201d. Bernardita Lagos, presidenta del Taller Ra\u00edces de Ma\u00f1ihuales, reconoce que ellas vivieron el taller con entusiasmo tanto por el camino, como por el proyecto final. Dentro del trabajo, destaca la presencia masculina: \u201cNos gusta ver hombres bordando. Son respetuosos y eso lo felicitamos. Nunca hab\u00edamos tenido una oportunidad de conectarnos as\u00ed\u201d.<\/p>\n<p dir=\"ltr\" style=\"text-align: justify;\">La conexi\u00f3n del trabajo intergeneracional es vivida por todos los participantes. Para Iv\u00e1n Castillo y Maite Sandoval, estudiantes del Liceo de Ma\u00f1ihuales, bordar fue solo una parte de los aprendizajes logrados. \u201cAprendimos a bordar, pero tambi\u00e9n a mirar, entender, c\u00f3mo las se\u00f1oras hab\u00edan aprendido. Una idea que no nace del trabajo, sino desde la entretenci\u00f3n. Lo que m\u00e1s me gust\u00f3 fueron los compa\u00f1eros, la red de apoyo\u201d. \u201cValoro los v\u00ednculos que se han forjado gracias al tapiz. El hecho de hacerlo nosotros, le da un toque nuestro a Villa Ma\u00f1ihuales. Me pareci\u00f3 bonito y entretenido que las se\u00f1oras vengan y nos hayan ense\u00f1ado. Tambi\u00e9n el contacto con la naturaleza\u201d, agreg\u00f3 la estudiante.<\/p>\n<p dir=\"ltr\" style=\"text-align: justify;\">El programa, financiado por el Fondo de Chile Todos y Todas del Ministerio de Desarrollo Social, tuvo tambi\u00e9n una jornada de exploraci\u00f3n en el Parque Aiken, para generar nuevos espacios de encuentro e intercambio art\u00edstico, esta vez en conexi\u00f3n con la naturaleza. El proceso culminar\u00e1 en el mes de octubre con una jornada comunitaria donde se compartir\u00e1 el proceso creativo y los resultados del tapiz colaborativo, adem\u00e1s de invitar a una experiencia de bordado comunitario con estudiantes y artesanas, a cargo de Pulso Austral, organizaci\u00f3n que trabaja tejiendo redes desde la cultura, la educaci\u00f3n, las artes y la ciencia por el bienestar de las comunidades de Ays\u00e9n.<\/p>\n<\/div><\/section><\/div><div  style='height:50px' class='hr hr-invisible   avia-builder-el-6  el_after_av_one_full  el_before_av_social_share '><span class='hr-inner ' ><span class='hr-inner-style'><\/span><\/span><\/div><\/p>\n<div  class='av-social-sharing-box  avia-builder-el-7  el_after_av_hr  el_before_av_hr  '><div class='av-share-box'><h5 class='av-share-link-description av-no-toc '>Compartir esta noticia<\/h5><ul class='av-share-box-list noLightbox'><li class='av-share-link av-social-link-facebook' ><a target=\"_blank\" aria-label=\"Compartir en Facebook\" href='https:\/\/www.facebook.com\/sharer.php?u=https:\/\/radiorevelacionfm.cl\/?p=35303&#038;t=El%20arte%20textil%20comunitario%20re%C3%BAne%20a%20ni%C3%B1os%2C%20ni%C3%B1as%2C%20adolescentes%20y%20artesanas%20de%20Villa%20Ma%C3%B1ihuales' aria-hidden='false' data-av_icon='\ue8f3' data-av_iconfont='entypo-fontello' title='' data-avia-related-tooltip='Compartir en Facebook' rel=\"noopener\"><span class='avia_hidden_link_text'>Compartir en Facebook<\/span><\/a><\/li><li class='av-share-link av-social-link-twitter' ><a target=\"_blank\" aria-label=\"Compartir en Twitter\" href='https:\/\/twitter.com\/share?text=El%20arte%20textil%20comunitario%20re%C3%BAne%20a%20ni%C3%B1os%2C%20ni%C3%B1as%2C%20adolescentes%20y%20artesanas%20de%20Villa%20Ma%C3%B1ihuales&#038;url=https:\/\/radiorevelacionfm.cl\/?p=35303' aria-hidden='false' data-av_icon='\ue8f1' data-av_iconfont='entypo-fontello' title='' data-avia-related-tooltip='Compartir en Twitter' rel=\"noopener\"><span class='avia_hidden_link_text'>Compartir en Twitter<\/span><\/a><\/li><li class='av-share-link av-social-link-whatsapp' ><a target=\"_blank\" aria-label=\"Compartir en Whatsapp\" href='https:\/\/api.whatsapp.com\/send?text=https:\/\/radiorevelacionfm.cl\/?p=35303' aria-hidden='false' data-av_icon='\uf232' data-av_iconfont='entypo-fontello' title='' data-avia-related-tooltip='Compartir en Whatsapp' rel=\"noopener\"><span class='avia_hidden_link_text'>Compartir en Whatsapp<\/span><\/a><\/li><li class='av-share-link av-social-link-linkedin' ><a target=\"_blank\" aria-label=\"Compartir en LinkedIn\" href='https:\/\/linkedin.com\/shareArticle?mini=true&#038;title=El%20arte%20textil%20comunitario%20re%C3%BAne%20a%20ni%C3%B1os%2C%20ni%C3%B1as%2C%20adolescentes%20y%20artesanas%20de%20Villa%20Ma%C3%B1ihuales&#038;url=https:\/\/radiorevelacionfm.cl\/?p=35303' aria-hidden='false' data-av_icon='\ue8fc' data-av_iconfont='entypo-fontello' title='' data-avia-related-tooltip='Compartir en LinkedIn' rel=\"noopener\"><span class='avia_hidden_link_text'>Compartir en LinkedIn<\/span><\/a><\/li><li class='av-share-link av-social-link-mail' ><a  aria-label=\"Compartir por correo\" href='mailto:?subject=El%20arte%20textil%20comunitario%20re%C3%BAne%20a%20ni%C3%B1os%2C%20ni%C3%B1as%2C%20adolescentes%20y%20artesanas%20de%20Villa%20Ma%C3%B1ihuales&#038;body=https:\/\/radiorevelacionfm.cl\/?p=35303' aria-hidden='false' data-av_icon='\ue805' data-av_iconfont='entypo-fontello' title='' data-avia-related-tooltip='Compartir por correo'><span class='avia_hidden_link_text'>Compartir por correo<\/span><\/a><\/li><\/ul><\/div><\/div>\n<div  style='height:50px' class='hr hr-invisible   avia-builder-el-8  el_after_av_social_share  el_before_av_comments_list '><span class='hr-inner ' ><span class='hr-inner-style'><\/span><\/span><\/div>\n<div  class='av-buildercomment  av-blog-meta-html-info-disabled av-blog-meta-tag-disabled  '><\/div>\n","protected":false},"excerpt":{"rendered":"","protected":false},"author":1,"featured_media":35304,"comment_status":"open","ping_status":"open","sticky":false,"template":"","format":"standard","meta":{"footnotes":""},"categories":[38],"tags":[],"class_list":["post-35303","post","type-post","status-publish","format-standard","has-post-thumbnail","hentry","category-regional"],"jetpack_featured_media_url":"https:\/\/radiorevelacionfm.cl\/wp-content\/uploads\/2023\/09\/Foto-bordado-2-1-1.jpg","_links":{"self":[{"href":"https:\/\/radiorevelacionfm.cl\/index.php?rest_route=\/wp\/v2\/posts\/35303","targetHints":{"allow":["GET"]}}],"collection":[{"href":"https:\/\/radiorevelacionfm.cl\/index.php?rest_route=\/wp\/v2\/posts"}],"about":[{"href":"https:\/\/radiorevelacionfm.cl\/index.php?rest_route=\/wp\/v2\/types\/post"}],"author":[{"embeddable":true,"href":"https:\/\/radiorevelacionfm.cl\/index.php?rest_route=\/wp\/v2\/users\/1"}],"replies":[{"embeddable":true,"href":"https:\/\/radiorevelacionfm.cl\/index.php?rest_route=%2Fwp%2Fv2%2Fcomments&post=35303"}],"version-history":[{"count":1,"href":"https:\/\/radiorevelacionfm.cl\/index.php?rest_route=\/wp\/v2\/posts\/35303\/revisions"}],"predecessor-version":[{"id":35305,"href":"https:\/\/radiorevelacionfm.cl\/index.php?rest_route=\/wp\/v2\/posts\/35303\/revisions\/35305"}],"wp:featuredmedia":[{"embeddable":true,"href":"https:\/\/radiorevelacionfm.cl\/index.php?rest_route=\/wp\/v2\/media\/35304"}],"wp:attachment":[{"href":"https:\/\/radiorevelacionfm.cl\/index.php?rest_route=%2Fwp%2Fv2%2Fmedia&parent=35303"}],"wp:term":[{"taxonomy":"category","embeddable":true,"href":"https:\/\/radiorevelacionfm.cl\/index.php?rest_route=%2Fwp%2Fv2%2Fcategories&post=35303"},{"taxonomy":"post_tag","embeddable":true,"href":"https:\/\/radiorevelacionfm.cl\/index.php?rest_route=%2Fwp%2Fv2%2Ftags&post=35303"}],"curies":[{"name":"wp","href":"https:\/\/api.w.org\/{rel}","templated":true}]}}