{"id":35300,"date":"2023-09-26T11:16:49","date_gmt":"2023-09-26T14:16:49","guid":{"rendered":"https:\/\/radiorevelacionfm.cl\/?p=35300"},"modified":"2023-09-26T11:16:49","modified_gmt":"2023-09-26T14:16:49","slug":"pascua-de-un-colono-de-puerto-cisnes-partio-a-la-casa-del-padre-luis-villarroel-de-84-anos","status":"publish","type":"post","link":"https:\/\/radiorevelacionfm.cl\/?p=35300","title":{"rendered":"Pascua de un colono de Puerto Cisnes: parti\u00f3 a la \u201cCasa del Padre\u201d Luis Villarroel de 84 a\u00f1os"},"content":{"rendered":"<div class=\"flex_column av_one_full  flex_column_div av-zero-column-padding first  avia-builder-el-0  el_before_av_one_full  avia-builder-el-first  \" style='border-radius:0px; '><div  class='avia-image-container  av-styling-    avia-builder-el-1  avia-builder-el-no-sibling  avia-align-center '  itemprop=\"image\" itemscope=\"itemscope\" itemtype=\"https:\/\/schema.org\/ImageObject\"  ><div class='avia-image-container-inner'><div class='avia-image-overlay-wrap'><img decoding=\"async\" class='wp-image-35301 avia-img-lazy-loading-not-35301 avia_image' src=\"https:\/\/radiorevelacionfm.cl\/wp-content\/uploads\/2023\/09\/Luis-Villarroel-1.jpg\" alt='' title='Luis-Villarroel (1)' height=\"602\" width=\"800\"  itemprop=\"thumbnailUrl\" srcset=\"https:\/\/radiorevelacionfm.cl\/wp-content\/uploads\/2023\/09\/Luis-Villarroel-1.jpg 800w, https:\/\/radiorevelacionfm.cl\/wp-content\/uploads\/2023\/09\/Luis-Villarroel-1-300x226.jpg 300w, https:\/\/radiorevelacionfm.cl\/wp-content\/uploads\/2023\/09\/Luis-Villarroel-1-768x578.jpg 768w, https:\/\/radiorevelacionfm.cl\/wp-content\/uploads\/2023\/09\/Luis-Villarroel-1-705x531.jpg 705w, https:\/\/radiorevelacionfm.cl\/wp-content\/uploads\/2023\/09\/Luis-Villarroel-1-450x339.jpg 450w, https:\/\/radiorevelacionfm.cl\/wp-content\/uploads\/2023\/09\/Luis-Villarroel-1-600x452.jpg 600w\" sizes=\"(max-width: 800px) 100vw, 800px\" \/><\/div><\/div><\/div><\/div><div class=\"flex_column av_one_full  flex_column_div av-zero-column-padding first  avia-builder-el-2  el_after_av_one_full  el_before_av_one_full  column-top-margin\" style='border-radius:0px; '><section class=\"av_textblock_section \"  itemscope=\"itemscope\" itemtype=\"https:\/\/schema.org\/BlogPosting\" itemprop=\"blogPost\" ><div class='avia_textblock  '   itemprop=\"text\" ><p style=\"text-align: center;\"><strong><span style=\"font-size: 18pt;\">Pascua de un colono de Puerto Cisnes: parti\u00f3 a la \u201cCasa del Padre\u201d Luis Villarroel de 84 a\u00f1os<\/span><\/strong><\/p>\n<div id=\"gtx-trans\" style=\"position: absolute; left: -50px; top: 4.31534px;\">\n<div class=\"gtx-trans-icon\"><\/div>\n<\/div>\n<\/div><\/section><\/div><div class=\"flex_column av_one_full  flex_column_div av-zero-column-padding first  avia-builder-el-4  el_after_av_one_full  el_before_av_hr  column-top-margin\" style='border-radius:0px; '><section class=\"av_textblock_section \"  itemscope=\"itemscope\" itemtype=\"https:\/\/schema.org\/BlogPosting\" itemprop=\"blogPost\" ><div class='avia_textblock  '   itemprop=\"text\" ><p class=\"v1MsoNormal\" style=\"text-align: justify;\"><i>En la ciudad de Puerto Montt parti\u00f3 a la \u201cCasa del Padre\u201d Luis Villarroel (84) que con su oficio de carpintero, desde la d\u00e9cada del 60, aport\u00f3 silenciosamente al crecimiento de Puerto Cisnes junto a la presencia espiritual y educacional de la Iglesia de Ays\u00e9n.<\/i><\/p>\n<p class=\"v1MsoNormal\" style=\"text-align: justify;\">Consignan las cr\u00f3nicas del Vicariato Apost\u00f3lico de Ays\u00e9n, dada su preferencial opci\u00f3n por la educaci\u00f3n, que \u201cel 28 de diciembre de 1958 sali\u00f3 de Puerto Montt el padre Jos\u00e9 Bogo de la Obra Don Guanella, un grupo de egresados de los hogares de Colina y Rancagua, con unos carpinteros y alba\u00f1iles\u201d.<\/p>\n<p class=\"v1MsoNormal\" style=\"text-align: justify;\">A esos primeros enviados, un par de a\u00f1os despu\u00e9s, se integr\u00f3 Luis Villarroel, carpintero, quien aport\u00f3, entre otras obras, en la construcci\u00f3n casas; y especialmente en las puertas, ventanas, sillas, mesas y muebles del Internado San Luis de Puerto Cisnes, y la posterior Escuela Agr\u00edcola.<\/p>\n<p class=\"v1MsoNormal\" style=\"text-align: justify;\">Don Luis Villarroel, tambi\u00e9n conocido como don Patricio, es de origen ecuatoriano; y desde 1960 se radic\u00f3 definitivamente en la localidad de Puerto Cisnes tras la invitaci\u00f3n de sacerdotes guanellianos que conoci\u00f3 en sus obras de Colina y Rancagua en Santiago, y al enamorase definitivamente del lugar y sus bellezas naturales. Se cas\u00f3 y fue padre de seis hijos, cuatro hombres y dos mujeres. \u201cYo ven\u00eda por trabajo, me gust\u00f3 y me qued\u00e9\u201d, afirm\u00f3 en una reciente conversaci\u00f3n con el obispo de Ays\u00e9n, Luis Infanti.<\/p>\n<p class=\"v1MsoNormal\" style=\"text-align: justify;\">En el contexto de la vida de don Luis Villarroel las cr\u00f3nicas eclesiales de Ays\u00e9n agregan: \u201cel gobierno nos entreg\u00f3 a t\u00edtulo gratuito una hect\u00e1rea y media en el centro del pueblito; era una floresta con \u00e1rboles gigantescos. Se trabaj\u00f3 con hachas, serruchos, sierras, palas, chuzos, tractor\u2026 en poco tiempo toda esta floresta estaba despejada y el terreno listo. La inclemencia del tiempo despu\u00e9s, las dificultades de transporte, las continuas e insistentes lluvias \u2014en Ays\u00e9n llueve en t\u00e9rmino medio 15 d\u00edas al mes, sea verano o invierno\u2014 no desanimaron a los emprendedores de esta empresa que, en a\u00f1os anteriores habr\u00eda sido considerada una verdadera haza\u00f1a\u201d.<\/p>\n<p class=\"v1MsoNormal\" style=\"text-align: justify;\">\u201cEl 12 de septiembre de 1959 termin\u00f3 totalmente la construcci\u00f3n del internado San Luis con maderas de primera calidad, con sus aulas, comedores, cocinas, dormitorios y dependencias, junto a la capilla dedicada a Nuestra Se\u00f1ora del Trabajo y San Pedro\u201d, complementa la cr\u00f3nica.<\/p>\n<p class=\"v1MsoNormal\" style=\"text-align: justify;\">\u201cEn aquella \u00e9poca \u2014recuerda don Luis\u2014 no hab\u00eda camino y Puerto Cisnes eran cuatro casas. \u00c9ramos muy pocos. Al principio el poblado se iba a llamar \u2018Nuevo Reino\u2019 por insistencia de una vecina de origen italiano hincha de la realeza, pero no le result\u00f3\u2026 Los padres instalaron el Internado y despu\u00e9s la Escuela Agr\u00edcola, y con los compa\u00f1eros de ese tiempo trabajamos en todo lo que se segu\u00eda necesitando. Yo empec\u00e9 hacer las mesas para el Internado y tambi\u00e9n las reparaba\u201d.<\/p>\n<p class=\"v1MsoNormal\" style=\"text-align: justify;\">Los primeros sacerdotes que llegaron, dice don Luis, fueron \u201cel padre Pedro, el padre Romano y el padre Jos\u00e9. Despu\u00e9s se uni\u00f3 el padre Gianpiero, el padre Francisco y el padre Antonio. El padre Francisco era muy emprendedor. Ten\u00eda huerto, invernadero y animales; vend\u00eda verduras, y hasta ten\u00eda abejas. En alg\u00fan momento me vendi\u00f3 unos chanchos de raza colorada\u201d.<\/p>\n<p class=\"v1MsoNormal\" style=\"text-align: justify;\">\u201cEl Internado y la Escuela Agr\u00edcola \u2014explica don Luis\u2014 atend\u00eda a los ni\u00f1os del sector; pero tambi\u00e9n de Puyuhuapi, La Junta y Puerto Ra\u00fal Mar\u00edn Balmaceda. Ven\u00edan incluso de Chait\u00e9n y Alto Palena. De aquellos chicos se pueden ubicar en Cisnes a los hermanos Alejo Chac\u00f3n, Jos\u00e9 S\u00e1nchez y Humberto C\u00e1rdenas. El Internado era grande; acog\u00eda y educaba cerca de 100 ni\u00f1os con profesores que ven\u00edan de fuera de la regi\u00f3n. Eran buenos profesores, mejores que los de la escuela fiscal. Y los ni\u00f1os aumentaron cuando se implement\u00f3 la Escuela Agr\u00edcola\u201d.<\/p>\n<p class=\"v1MsoNormal\" style=\"text-align: justify;\">Y as\u00ed, comparte don Luis, \u201cel pueblo de Puerto Cisnes fue creciendo gracias al apoyo de la Obra Don Guanella. Ellos fueron los que ofrecieron los primeros trabajos; y desde aqu\u00ed se encargaban implementos y materiales para otros sectores de regi\u00f3n. Era la \u00fanica fuente de trabajo. Despu\u00e9s, con el tiempo, empezaron a llegar las empresas del Estado\u201d.<u><\/u><\/p>\n<p class=\"v1MsoNormal\" style=\"text-align: justify;\">En cuanto al servicio espiritual de la Iglesia don Luis tiene en su memoria que \u201cen esos a\u00f1os hubo muchos bautizos y primeras comuniones. Hab\u00eda m\u00e1s uni\u00f3n, algo que se ha perdido un poco ahora. Los padres sal\u00edan a misionar en los alrededores lo que antes era bastante complicado: puro barco y alguna lanchita con motor, y con caballo donde se pod\u00eda ir. No hab\u00eda camino para ir muy lejos. Aqu\u00ed la ruta se abri\u00f3 reci\u00e9n en 1982\u201d.<\/p>\n<p class=\"v1MsoNormal\" style=\"text-align: justify;\">\u201cEn alg\u00fan momento \u2014rememora don Luis\u2014 me fui a Coyhaique en busca de m\u00e1s trabajo. Estuve un a\u00f1o. No me gust\u00f3. Me fui con todo y volv\u00ed con todo para Cisnes que gracias a Dios ha seguido creciendo aun con la partida de los curitas a los que se les echa de menos\u201d.<\/p>\n<p class=\"v1MsoNormal\" style=\"text-align: justify;\">El pueblo de Puerto Cisnes y la Iglesia de Ays\u00e9n tambi\u00e9n hoy \u201cechan de menos\u201d a este colono, poblador y carpintero que desde su oficio ayud\u00f3 a crecer una peque\u00f1a localidad de la Patagonia aysenina. Se va en septiembre, mes de conmemoraci\u00f3n y celebraci\u00f3n. Lo despedimos con fe, pena y alegr\u00eda. Adi\u00f3s, don Luis, hasta siempre.<\/p>\n<\/div><\/section><\/div><div  style='height:50px' class='hr hr-invisible   avia-builder-el-6  el_after_av_one_full  el_before_av_social_share '><span class='hr-inner ' ><span class='hr-inner-style'><\/span><\/span><\/div><\/p>\n<div  class='av-social-sharing-box  avia-builder-el-7  el_after_av_hr  el_before_av_hr  '><div class='av-share-box'><h5 class='av-share-link-description av-no-toc '>Compartir esta noticia<\/h5><ul class='av-share-box-list noLightbox'><li class='av-share-link av-social-link-facebook' ><a target=\"_blank\" aria-label=\"Compartir en Facebook\" href='https:\/\/www.facebook.com\/sharer.php?u=https:\/\/radiorevelacionfm.cl\/?p=35300&#038;t=Pascua%20de%20un%20colono%20de%20Puerto%20Cisnes%3A%20parti%C3%B3%20a%20la%20%E2%80%9CCasa%20del%20Padre%E2%80%9D%20Luis%20Villarroel%20de%2084%20a%C3%B1os' aria-hidden='false' data-av_icon='\ue8f3' data-av_iconfont='entypo-fontello' title='' data-avia-related-tooltip='Compartir en Facebook' rel=\"noopener\"><span class='avia_hidden_link_text'>Compartir en Facebook<\/span><\/a><\/li><li class='av-share-link av-social-link-twitter' ><a target=\"_blank\" aria-label=\"Compartir en Twitter\" href='https:\/\/twitter.com\/share?text=Pascua%20de%20un%20colono%20de%20Puerto%20Cisnes%3A%20parti%C3%B3%20a%20la%20%E2%80%9CCasa%20del%20Padre%E2%80%9D%20Luis%20Villarroel%20de%2084%20a%C3%B1os&#038;url=https:\/\/radiorevelacionfm.cl\/?p=35300' aria-hidden='false' data-av_icon='\ue8f1' data-av_iconfont='entypo-fontello' title='' data-avia-related-tooltip='Compartir en Twitter' rel=\"noopener\"><span class='avia_hidden_link_text'>Compartir en Twitter<\/span><\/a><\/li><li class='av-share-link av-social-link-whatsapp' ><a target=\"_blank\" aria-label=\"Compartir en Whatsapp\" href='https:\/\/api.whatsapp.com\/send?text=https:\/\/radiorevelacionfm.cl\/?p=35300' aria-hidden='false' data-av_icon='\uf232' data-av_iconfont='entypo-fontello' title='' data-avia-related-tooltip='Compartir en Whatsapp' rel=\"noopener\"><span class='avia_hidden_link_text'>Compartir en Whatsapp<\/span><\/a><\/li><li class='av-share-link av-social-link-linkedin' ><a target=\"_blank\" aria-label=\"Compartir en LinkedIn\" href='https:\/\/linkedin.com\/shareArticle?mini=true&#038;title=Pascua%20de%20un%20colono%20de%20Puerto%20Cisnes%3A%20parti%C3%B3%20a%20la%20%E2%80%9CCasa%20del%20Padre%E2%80%9D%20Luis%20Villarroel%20de%2084%20a%C3%B1os&#038;url=https:\/\/radiorevelacionfm.cl\/?p=35300' aria-hidden='false' data-av_icon='\ue8fc' data-av_iconfont='entypo-fontello' title='' data-avia-related-tooltip='Compartir en LinkedIn' rel=\"noopener\"><span class='avia_hidden_link_text'>Compartir en LinkedIn<\/span><\/a><\/li><li class='av-share-link av-social-link-mail' ><a  aria-label=\"Compartir por correo\" href='mailto:?subject=Pascua%20de%20un%20colono%20de%20Puerto%20Cisnes%3A%20parti%C3%B3%20a%20la%20%E2%80%9CCasa%20del%20Padre%E2%80%9D%20Luis%20Villarroel%20de%2084%20a%C3%B1os&#038;body=https:\/\/radiorevelacionfm.cl\/?p=35300' aria-hidden='false' data-av_icon='\ue805' data-av_iconfont='entypo-fontello' title='' data-avia-related-tooltip='Compartir por correo'><span class='avia_hidden_link_text'>Compartir por correo<\/span><\/a><\/li><\/ul><\/div><\/div>\n<div  style='height:50px' class='hr hr-invisible   avia-builder-el-8  el_after_av_social_share  el_before_av_comments_list '><span class='hr-inner ' ><span class='hr-inner-style'><\/span><\/span><\/div>\n<div  class='av-buildercomment  av-blog-meta-html-info-disabled av-blog-meta-tag-disabled  '><\/div>\n","protected":false},"excerpt":{"rendered":"","protected":false},"author":1,"featured_media":35301,"comment_status":"open","ping_status":"open","sticky":false,"template":"","format":"standard","meta":{"footnotes":""},"categories":[38],"tags":[],"class_list":["post-35300","post","type-post","status-publish","format-standard","has-post-thumbnail","hentry","category-regional"],"jetpack_featured_media_url":"https:\/\/radiorevelacionfm.cl\/wp-content\/uploads\/2023\/09\/Luis-Villarroel-1.jpg","_links":{"self":[{"href":"https:\/\/radiorevelacionfm.cl\/index.php?rest_route=\/wp\/v2\/posts\/35300","targetHints":{"allow":["GET"]}}],"collection":[{"href":"https:\/\/radiorevelacionfm.cl\/index.php?rest_route=\/wp\/v2\/posts"}],"about":[{"href":"https:\/\/radiorevelacionfm.cl\/index.php?rest_route=\/wp\/v2\/types\/post"}],"author":[{"embeddable":true,"href":"https:\/\/radiorevelacionfm.cl\/index.php?rest_route=\/wp\/v2\/users\/1"}],"replies":[{"embeddable":true,"href":"https:\/\/radiorevelacionfm.cl\/index.php?rest_route=%2Fwp%2Fv2%2Fcomments&post=35300"}],"version-history":[{"count":1,"href":"https:\/\/radiorevelacionfm.cl\/index.php?rest_route=\/wp\/v2\/posts\/35300\/revisions"}],"predecessor-version":[{"id":35302,"href":"https:\/\/radiorevelacionfm.cl\/index.php?rest_route=\/wp\/v2\/posts\/35300\/revisions\/35302"}],"wp:featuredmedia":[{"embeddable":true,"href":"https:\/\/radiorevelacionfm.cl\/index.php?rest_route=\/wp\/v2\/media\/35301"}],"wp:attachment":[{"href":"https:\/\/radiorevelacionfm.cl\/index.php?rest_route=%2Fwp%2Fv2%2Fmedia&parent=35300"}],"wp:term":[{"taxonomy":"category","embeddable":true,"href":"https:\/\/radiorevelacionfm.cl\/index.php?rest_route=%2Fwp%2Fv2%2Fcategories&post=35300"},{"taxonomy":"post_tag","embeddable":true,"href":"https:\/\/radiorevelacionfm.cl\/index.php?rest_route=%2Fwp%2Fv2%2Ftags&post=35300"}],"curies":[{"name":"wp","href":"https:\/\/api.w.org\/{rel}","templated":true}]}}