{"id":35297,"date":"2023-09-26T10:33:36","date_gmt":"2023-09-26T13:33:36","guid":{"rendered":"https:\/\/radiorevelacionfm.cl\/?p=35297"},"modified":"2023-09-26T10:33:36","modified_gmt":"2023-09-26T13:33:36","slug":"seremi-de-la-mujer-lidera-encuentro-que-busca-fortalecer-la-atencion-medica-para-mujeres-privadas-de-libertad-en-la-region","status":"publish","type":"post","link":"https:\/\/radiorevelacionfm.cl\/?p=35297","title":{"rendered":"Seremi de la Mujer lidera encuentro que busca fortalecer la atenci\u00f3n m\u00e9dica para mujeres privadas de libertad en la regi\u00f3n"},"content":{"rendered":"<div class=\"flex_column av_one_full  flex_column_div av-zero-column-padding first  avia-builder-el-0  el_before_av_one_full  avia-builder-el-first  \" style='border-radius:0px; '><div  class='avia-image-container  av-styling-    avia-builder-el-1  avia-builder-el-no-sibling  avia-align-center '  itemprop=\"image\" itemscope=\"itemscope\" itemtype=\"https:\/\/schema.org\/ImageObject\"  ><div class='avia-image-container-inner'><div class='avia-image-overlay-wrap'><img decoding=\"async\" class='wp-image-35298 avia-img-lazy-loading-not-35298 avia_image' src=\"https:\/\/radiorevelacionfm.cl\/wp-content\/uploads\/2023\/09\/pro-bict7hgi-1_optimized-1.jpeg\" alt='' title='pro-bict7hgi-(1)_optimized (1)' height=\"600\" width=\"880\"  itemprop=\"thumbnailUrl\" srcset=\"https:\/\/radiorevelacionfm.cl\/wp-content\/uploads\/2023\/09\/pro-bict7hgi-1_optimized-1.jpeg 880w, https:\/\/radiorevelacionfm.cl\/wp-content\/uploads\/2023\/09\/pro-bict7hgi-1_optimized-1-300x205.jpeg 300w, https:\/\/radiorevelacionfm.cl\/wp-content\/uploads\/2023\/09\/pro-bict7hgi-1_optimized-1-768x524.jpeg 768w, https:\/\/radiorevelacionfm.cl\/wp-content\/uploads\/2023\/09\/pro-bict7hgi-1_optimized-1-705x481.jpeg 705w, https:\/\/radiorevelacionfm.cl\/wp-content\/uploads\/2023\/09\/pro-bict7hgi-1_optimized-1-450x307.jpeg 450w, https:\/\/radiorevelacionfm.cl\/wp-content\/uploads\/2023\/09\/pro-bict7hgi-1_optimized-1-600x409.jpeg 600w\" sizes=\"(max-width: 880px) 100vw, 880px\" \/><\/div><\/div><\/div><\/div><div class=\"flex_column av_one_full  flex_column_div av-zero-column-padding first  avia-builder-el-2  el_after_av_one_full  el_before_av_one_full  column-top-margin\" style='border-radius:0px; '><section class=\"av_textblock_section \"  itemscope=\"itemscope\" itemtype=\"https:\/\/schema.org\/BlogPosting\" itemprop=\"blogPost\" ><div class='avia_textblock  '   itemprop=\"text\" ><p style=\"text-align: center;\"><strong><span style=\"font-size: 18pt;\">Seremi de la Mujer lidera encuentro que busca fortalecer la atenci\u00f3n m\u00e9dica para mujeres privadas de libertad en la regi\u00f3n<\/span><\/strong><\/p>\n<div id=\"gtx-trans\" style=\"position: absolute; left: -50px; top: 4.31534px;\">\n<div class=\"gtx-trans-icon\"><\/div>\n<\/div>\n<\/div><\/section><\/div><div class=\"flex_column av_one_full  flex_column_div av-zero-column-padding first  avia-builder-el-4  el_after_av_one_full  el_before_av_hr  column-top-margin\" style='border-radius:0px; '><section class=\"av_textblock_section \"  itemscope=\"itemscope\" itemtype=\"https:\/\/schema.org\/BlogPosting\" itemprop=\"blogPost\" ><div class='avia_textblock  '   itemprop=\"text\" ><p style=\"text-align: justify;\">Autoridad de la cartera, junto a profesionales de salud, visitaron la secci\u00f3n femenina del Centro de Cumplimiento de Coyhaique, para dar respuesta a una de las l\u00edneas de trabajo levantadas desde la Mesa de Mujeres Privadas de Libertad de Ays\u00e9n.<\/p>\n<p style=\"text-align: justify;\">Proporcionar atenci\u00f3n oportuna y eficaz a las diversas necesidades de las mujeres, especialmente a aquellas que hist\u00f3ricamente han sido m\u00e1s postergadas, es un firme compromiso del Gobierno del Presidente Gabriel Boric. Por esta raz\u00f3n, el 15 de diciembre de 2022, se cre\u00f3 la Mesa de Mujeres Privadas de Libertad de Ays\u00e9n, liderada por la seremi de la Mujer y la Equidad de G\u00e9nero, Andrea M\u00e9ndez Valenzuela. El prop\u00f3sito de esta mesa es coordinar los recursos estatales para satisfacer las necesidades de las mujeres privadas de libertad, en diversas \u00e1reas, tales como educaci\u00f3n, empleo, cultura, deporte, asesor\u00eda legal y atenci\u00f3n m\u00e9dica.<\/p>\n<p style=\"text-align: justify;\">Avanzando en un esfuerzo intersectorial para mejorar la atenci\u00f3n m\u00e9dica y el bienestar de las mujeres internas, la seremi de la Mujer coordin\u00f3 una visita al Centro de Cumplimiento Penitenciario (CCP) de Coyhaique, junto a la Directora del CESFAM Alejandro Guti\u00e9rrez, Pamela Rojas Rojas, y la Alcaide (s) del CCP, la Comandante Ingrid Almonacid Arteaga.<\/p>\n<p style=\"text-align: justify;\">La seremi Andrea M\u00e9ndez valor\u00f3 el encuentro, donde varias instituciones se comprometieron a abordar las necesidades de las internas, con especial \u00e9nfasis en mejorar la atenci\u00f3n m\u00e9dica de las mujeres privadas en libertad. \u00abValoramos enormemente la visita realizada por la directora del CESFAM, quien pudo visitar las dependencias destinadas a prestaciones m\u00e9dicas y as\u00ed recoger necesidades mediante el di\u00e1logo respetuoso con las mujeres y los funcionarios de Gendarmer\u00eda,\u00bb expres\u00f3 seremi Andrea M\u00e9ndez, destacando la importancia del trabajo articulado entre las instituciones.<\/p>\n<p style=\"text-align: justify;\">\u201cLas mujeres privadas de libertad, debido al nivel de marginaci\u00f3n social que padecen, han sido uno de los grupos prioritarios por nuestra gesti\u00f3n a nivel regional. Eso ha implicado la b\u00fasqueda permanente de alianzas colaborativas con instituciones claves en el mejoramiento de la calidad de vida y la dignidad\u00a0de\u00a0las\u00a0mujeres\u00bb, enfatiz\u00f3 la seremi de la Mujer.<\/p>\n<p style=\"text-align: justify;\">Parte del recorrido fue una visita a la enfermer\u00eda de las instalaciones del CCP, a fin de diagnosticar en terreno necesidades y oportunidades de mejoras. Se evalu\u00f3 la posibilidad de contar con disponibilidad de recursos m\u00e9dicos con perspectiva de g\u00e9nero en el lugar, como consultorios separados para mujeres y hombres.<\/p>\n<p style=\"text-align: justify;\">La directora del CESFAM, Pamela Rojas, valor\u00f3 la instancia, \u201cdonde estuvimos con un grupo de mujeres y pudimos recoger necesidades de salud, y tambi\u00e9n establecer un compromiso con parte de nuestro territorio. Sabemos que tenemos que generar atenciones diferenciadas, tenemos que generar y situar las prestaciones a aquellas mujeres que por diferentes situaciones puedan estar aqu\u00ed, pero para nosotras lo m\u00e1s importante es, que puedan acceder a la salud como\u00a0un\u00a0derecho.\u00bb<\/p>\n<p style=\"text-align: justify;\">La visita a la c\u00e1rcel y la coordinaci\u00f3n intersectorial son pasos significativos para acercar los servicios de salud a las internas, garantizando su acceso a la atenci\u00f3n m\u00e9dica como un derecho fundamental. La alcaide (s) del CCP de Coyhaique, la Comandante Ingrid Almonacid, afirm\u00f3 que \u201cla Serem\u00eda de la Mujer est\u00e1 constantemente apoy\u00e1ndonos en este tipo de actividades, de vincularnos con instituciones que van en directo beneficio de la poblaci\u00f3n penal. Nosotros como Gendarmer\u00eda de Chile, ofrecemos las dependencias de este recinto penal, las que est\u00e1n a disposici\u00f3n para generar mejoras, y esperamos con ansias podamos continuar trabajando a futuro\u201d.<\/p>\n<p style=\"text-align: justify;\">Durante la visita a las internas, cinco imputadas y nueve condenadas en la secci\u00f3n femenina de la prisi\u00f3n, se manifest\u00f3 la necesidad de contar con la presencia de profesionales del \u00e1rea de la nutrici\u00f3n y de una matrona, para atender demandas de salud espec\u00edficas de las mujeres privadas en libertad.<\/p>\n<\/div><\/section><\/div><div  style='height:50px' class='hr hr-invisible   avia-builder-el-6  el_after_av_one_full  el_before_av_social_share '><span class='hr-inner ' ><span class='hr-inner-style'><\/span><\/span><\/div><\/p>\n<div  class='av-social-sharing-box  avia-builder-el-7  el_after_av_hr  el_before_av_hr  '><div class='av-share-box'><h5 class='av-share-link-description av-no-toc '>Compartir esta noticia<\/h5><ul class='av-share-box-list noLightbox'><li class='av-share-link av-social-link-facebook' ><a target=\"_blank\" aria-label=\"Compartir en Facebook\" href='https:\/\/www.facebook.com\/sharer.php?u=https:\/\/radiorevelacionfm.cl\/?p=35297&#038;t=Seremi%20de%20la%20Mujer%20lidera%20encuentro%20que%20busca%20fortalecer%20la%20atenci%C3%B3n%20m%C3%A9dica%20para%20mujeres%20privadas%20de%20libertad%20en%20la%20regi%C3%B3n' aria-hidden='false' data-av_icon='\ue8f3' data-av_iconfont='entypo-fontello' title='' data-avia-related-tooltip='Compartir en Facebook' rel=\"noopener\"><span class='avia_hidden_link_text'>Compartir en Facebook<\/span><\/a><\/li><li class='av-share-link av-social-link-twitter' ><a target=\"_blank\" aria-label=\"Compartir en Twitter\" href='https:\/\/twitter.com\/share?text=Seremi%20de%20la%20Mujer%20lidera%20encuentro%20que%20busca%20fortalecer%20la%20atenci%C3%B3n%20m%C3%A9dica%20para%20mujeres%20privadas%20de%20libertad%20en%20la%20regi%C3%B3n&#038;url=https:\/\/radiorevelacionfm.cl\/?p=35297' aria-hidden='false' data-av_icon='\ue8f1' data-av_iconfont='entypo-fontello' title='' data-avia-related-tooltip='Compartir en Twitter' rel=\"noopener\"><span class='avia_hidden_link_text'>Compartir en Twitter<\/span><\/a><\/li><li class='av-share-link av-social-link-whatsapp' ><a target=\"_blank\" aria-label=\"Compartir en Whatsapp\" href='https:\/\/api.whatsapp.com\/send?text=https:\/\/radiorevelacionfm.cl\/?p=35297' aria-hidden='false' data-av_icon='\uf232' data-av_iconfont='entypo-fontello' title='' data-avia-related-tooltip='Compartir en Whatsapp' rel=\"noopener\"><span class='avia_hidden_link_text'>Compartir en Whatsapp<\/span><\/a><\/li><li class='av-share-link av-social-link-linkedin' ><a target=\"_blank\" aria-label=\"Compartir en LinkedIn\" href='https:\/\/linkedin.com\/shareArticle?mini=true&#038;title=Seremi%20de%20la%20Mujer%20lidera%20encuentro%20que%20busca%20fortalecer%20la%20atenci%C3%B3n%20m%C3%A9dica%20para%20mujeres%20privadas%20de%20libertad%20en%20la%20regi%C3%B3n&#038;url=https:\/\/radiorevelacionfm.cl\/?p=35297' aria-hidden='false' data-av_icon='\ue8fc' data-av_iconfont='entypo-fontello' title='' data-avia-related-tooltip='Compartir en LinkedIn' rel=\"noopener\"><span class='avia_hidden_link_text'>Compartir en LinkedIn<\/span><\/a><\/li><li class='av-share-link av-social-link-mail' ><a  aria-label=\"Compartir por correo\" href='mailto:?subject=Seremi%20de%20la%20Mujer%20lidera%20encuentro%20que%20busca%20fortalecer%20la%20atenci%C3%B3n%20m%C3%A9dica%20para%20mujeres%20privadas%20de%20libertad%20en%20la%20regi%C3%B3n&#038;body=https:\/\/radiorevelacionfm.cl\/?p=35297' aria-hidden='false' data-av_icon='\ue805' data-av_iconfont='entypo-fontello' title='' data-avia-related-tooltip='Compartir por correo'><span class='avia_hidden_link_text'>Compartir por correo<\/span><\/a><\/li><\/ul><\/div><\/div>\n<div  style='height:50px' class='hr hr-invisible   avia-builder-el-8  el_after_av_social_share  el_before_av_comments_list '><span class='hr-inner ' ><span class='hr-inner-style'><\/span><\/span><\/div>\n<div  class='av-buildercomment  av-blog-meta-html-info-disabled av-blog-meta-tag-disabled  '><\/div>\n","protected":false},"excerpt":{"rendered":"","protected":false},"author":1,"featured_media":35298,"comment_status":"open","ping_status":"open","sticky":false,"template":"","format":"standard","meta":{"footnotes":""},"categories":[38],"tags":[],"class_list":["post-35297","post","type-post","status-publish","format-standard","has-post-thumbnail","hentry","category-regional"],"jetpack_featured_media_url":"https:\/\/radiorevelacionfm.cl\/wp-content\/uploads\/2023\/09\/pro-bict7hgi-1_optimized-1.jpeg","_links":{"self":[{"href":"https:\/\/radiorevelacionfm.cl\/index.php?rest_route=\/wp\/v2\/posts\/35297","targetHints":{"allow":["GET"]}}],"collection":[{"href":"https:\/\/radiorevelacionfm.cl\/index.php?rest_route=\/wp\/v2\/posts"}],"about":[{"href":"https:\/\/radiorevelacionfm.cl\/index.php?rest_route=\/wp\/v2\/types\/post"}],"author":[{"embeddable":true,"href":"https:\/\/radiorevelacionfm.cl\/index.php?rest_route=\/wp\/v2\/users\/1"}],"replies":[{"embeddable":true,"href":"https:\/\/radiorevelacionfm.cl\/index.php?rest_route=%2Fwp%2Fv2%2Fcomments&post=35297"}],"version-history":[{"count":1,"href":"https:\/\/radiorevelacionfm.cl\/index.php?rest_route=\/wp\/v2\/posts\/35297\/revisions"}],"predecessor-version":[{"id":35299,"href":"https:\/\/radiorevelacionfm.cl\/index.php?rest_route=\/wp\/v2\/posts\/35297\/revisions\/35299"}],"wp:featuredmedia":[{"embeddable":true,"href":"https:\/\/radiorevelacionfm.cl\/index.php?rest_route=\/wp\/v2\/media\/35298"}],"wp:attachment":[{"href":"https:\/\/radiorevelacionfm.cl\/index.php?rest_route=%2Fwp%2Fv2%2Fmedia&parent=35297"}],"wp:term":[{"taxonomy":"category","embeddable":true,"href":"https:\/\/radiorevelacionfm.cl\/index.php?rest_route=%2Fwp%2Fv2%2Fcategories&post=35297"},{"taxonomy":"post_tag","embeddable":true,"href":"https:\/\/radiorevelacionfm.cl\/index.php?rest_route=%2Fwp%2Fv2%2Ftags&post=35297"}],"curies":[{"name":"wp","href":"https:\/\/api.w.org\/{rel}","templated":true}]}}