{"id":35290,"date":"2023-09-26T09:59:29","date_gmt":"2023-09-26T12:59:29","guid":{"rendered":"https:\/\/radiorevelacionfm.cl\/?p=35290"},"modified":"2023-09-26T09:59:29","modified_gmt":"2023-09-26T12:59:29","slug":"se-firmo-promesa-de-compraventa-de-terreno-para-siete-comites-de-vivienda-de-puerto-aysen","status":"publish","type":"post","link":"https:\/\/radiorevelacionfm.cl\/?p=35290","title":{"rendered":"Se firm\u00f3 promesa de compraventa de terreno para siete comit\u00e9s de Vivienda de Puerto Ays\u00e9n"},"content":{"rendered":"<div class=\"flex_column av_one_full  flex_column_div av-zero-column-padding first  avia-builder-el-0  el_before_av_one_full  avia-builder-el-first  \" style='border-radius:0px; '><div  class='avia-image-container  av-styling-    avia-builder-el-1  avia-builder-el-no-sibling  avia-align-center '  itemprop=\"image\" itemscope=\"itemscope\" itemtype=\"https:\/\/schema.org\/ImageObject\"  ><div class='avia-image-container-inner'><div class='avia-image-overlay-wrap'><img decoding=\"async\" class='wp-image-35291 avia-img-lazy-loading-not-35291 avia_image' src=\"https:\/\/radiorevelacionfm.cl\/wp-content\/uploads\/2023\/09\/Foto-comites-y-autoridades-en-reunion-firma-compromiso-compraventa-terreno-Puerto-Aysen-1-1.jpg\" alt='' title='Foto comit\u00e9s y autoridades en reuni\u00f3n firma compromiso compraventa terreno Puerto Ays\u00e9n (1) (1)' height=\"600\" width=\"800\"  itemprop=\"thumbnailUrl\" srcset=\"https:\/\/radiorevelacionfm.cl\/wp-content\/uploads\/2023\/09\/Foto-comites-y-autoridades-en-reunion-firma-compromiso-compraventa-terreno-Puerto-Aysen-1-1.jpg 800w, https:\/\/radiorevelacionfm.cl\/wp-content\/uploads\/2023\/09\/Foto-comites-y-autoridades-en-reunion-firma-compromiso-compraventa-terreno-Puerto-Aysen-1-1-300x225.jpg 300w, https:\/\/radiorevelacionfm.cl\/wp-content\/uploads\/2023\/09\/Foto-comites-y-autoridades-en-reunion-firma-compromiso-compraventa-terreno-Puerto-Aysen-1-1-768x576.jpg 768w, https:\/\/radiorevelacionfm.cl\/wp-content\/uploads\/2023\/09\/Foto-comites-y-autoridades-en-reunion-firma-compromiso-compraventa-terreno-Puerto-Aysen-1-1-705x529.jpg 705w, https:\/\/radiorevelacionfm.cl\/wp-content\/uploads\/2023\/09\/Foto-comites-y-autoridades-en-reunion-firma-compromiso-compraventa-terreno-Puerto-Aysen-1-1-450x338.jpg 450w, https:\/\/radiorevelacionfm.cl\/wp-content\/uploads\/2023\/09\/Foto-comites-y-autoridades-en-reunion-firma-compromiso-compraventa-terreno-Puerto-Aysen-1-1-600x450.jpg 600w\" sizes=\"(max-width: 800px) 100vw, 800px\" \/><\/div><\/div><\/div><\/div><div class=\"flex_column av_one_full  flex_column_div av-zero-column-padding first  avia-builder-el-2  el_after_av_one_full  el_before_av_one_full  column-top-margin\" style='border-radius:0px; '><section class=\"av_textblock_section \"  itemscope=\"itemscope\" itemtype=\"https:\/\/schema.org\/BlogPosting\" itemprop=\"blogPost\" ><div class='avia_textblock  '   itemprop=\"text\" ><p style=\"text-align: center;\"><strong><span style=\"font-size: 18pt;\">Se firm\u00f3 promesa de compraventa de terreno para siete comit\u00e9s de Vivienda de Puerto Ays\u00e9n<\/span><\/strong><\/p>\n<div id=\"gtx-trans\" style=\"position: absolute; left: -50px; top: 4.31534px;\">\n<div class=\"gtx-trans-icon\"><\/div>\n<\/div>\n<\/div><\/section><\/div><div class=\"flex_column av_one_full  flex_column_div av-zero-column-padding first  avia-builder-el-4  el_after_av_one_full  el_before_av_hr  column-top-margin\" style='border-radius:0px; '><section class=\"av_textblock_section \"  itemscope=\"itemscope\" itemtype=\"https:\/\/schema.org\/BlogPosting\" itemprop=\"blogPost\" ><div class='avia_textblock  '   itemprop=\"text\" ><p style=\"text-align: justify;\">Un gran paso en el camino hacia la casa propia dieron recientemente los integrantes de siete comit\u00e9s habitacionales de Puerto Ays\u00e9n, quienes participaron en la firma del compromiso de compraventa de los terrenos en que podr\u00e1n proyectar sus futuras soluciones habitacionales.<\/p>\n<p style=\"text-align: justify;\">La actividad se realiz\u00f3 en Coyhaique, en dependencias del Serviu, y cont\u00f3 con participaci\u00f3n del Director (S) de dicho Servicio, Eduardo Navarro; el propietario del terreno, dirigentes y dirigentas, adem\u00e1s de la Seremi de Vivienda, Paulina Ruz, quien destac\u00f3 el trabajo que se est\u00e1 desarrollando con las Entidades Patrocinantes Dalco y Ergo, que est\u00e1n organizando la demanda y elaborando el proyecto habitacional para este importante grupo de familias.<\/p>\n<p style=\"text-align: justify;\">La autoridad sectorial valor\u00f3 tambi\u00e9n la labor y gestiones realizadas desde la Seremi y el Serviu, lo que permiti\u00f3 llegar con \u00e9xito a la firma de la promesa de compraventa. \u201cEsto es signo de un esfuerzo, pero tambi\u00e9n de reafirmar un compromiso con las familias de poder concretar el derecho a la vivienda digna y sacar adelante estos comit\u00e9s que llevan muchos a\u00f1os sin poder concretar este sue\u00f1o. Seguimos trabajando en conjunto, el d\u00eda de hoy es un hito important\u00edsimo para nosotros y esperamos tambi\u00e9n tener pronto la noticia de los recursos para adquirir el terreno, que es algo que ya hemos estado gestionado con el Minvu central y donde esperamos tener novedades en los pr\u00f3ximos meses. Reafirmamos as\u00ed el compromiso no solo con estas familias sino tambi\u00e9n con las de toda la regi\u00f3n, agradeciendo la labor los funcionarios y de las delegaciones de Serviu tanto en Ays\u00e9n como en Capit\u00e1n Prat para poder construir cambios que mejoran la calidad de vida de cientos de familias\u201d, indic\u00f3 Paulina Ruz.<\/p>\n<p style=\"text-align: justify;\">El Director (S) de Serviu, Eduardo Navarro, destac\u00f3 la coordinaci\u00f3n y el trabajo que las familias han logrado mantener con el Ministerio de Vivienda, siempre bajo la coordinaci\u00f3n de la Seremi en conjunto con el Delegado Serviu de Ays\u00e9n. \u201cInicialmente fue complicado tener un terreno donde poder ubicarlos para pensar en un proyecto habitacional, pero despu\u00e9s de varias conversaciones y b\u00fasquedas en Ays\u00e9n se lleg\u00f3 a este terreno de don Gustavo Weber, el cual ten\u00eda temas de subdivisiones y fusiones que hab\u00eda que realizar y que fueron asumidas por el mismo due\u00f1o como un apoyo para estos comit\u00e9s. Esta firma entonces es uno de los hitos m\u00e1s importantes, ya que queda definido para qu\u00e9 comit\u00e9s est\u00e1 destinado y porque tambi\u00e9n es un paso fundamental para la adquisici\u00f3n definitiva del terreno que les permitir\u00e1 seguir avanzando en su camino hacia la casa propia\u201d, afirm\u00f3.<\/p>\n<p style=\"text-align: justify;\">Para Joselyn Teca, Presidenta del comit\u00e9 Paso a Pasito, fue un momento feliz y relevante para la vida de muchas familias de Puerto Ays\u00e9n. \u201cEste d\u00eda estamos muy felices, porque estamos viendo reflejado el trabajo que llevamos como Comit\u00e9. Son cerca de tres a\u00f1os y estamos viendo avances hoy con la promesa de compraventa, que significa que vamos a poder acceder a la postulaci\u00f3n de un subsidio habitacional. Es importante porque nos permite tener un documento oficial firmado por el due\u00f1o del terreno el cual nos dar\u00e1 la posibilidad de seguir avanzando como comit\u00e9 hasta que podamos ver concretado el sue\u00f1o de las viviendas. Yo represento a 47 familias y el trabajo de verdad ha sido arduo porque estuvimos un poco estancados hace un tiempo, ya que tuvimos que solicitar que se nos gestionara la subdivisi\u00f3n y la fusi\u00f3n para que podamos lograr tener un terreno unificado y que pudi\u00e9ramos llegar a esta promesa de compraventa, que nos deja muy felices al ver que nuestro sue\u00f1o sigue avanzando\u201d, manifest\u00f3.<\/p>\n<p style=\"text-align: justify;\">De igual forma la Presidenta del comit\u00e9 Tesoro Austral 1 de Puerto Ays\u00e9n, Fabiola Bustamante, expres\u00f3 su alegr\u00eda al ver que siguen superando etapas en el camino hacia la soluci\u00f3n habitacional definitiva. \u201cEstoy s\u00faper emocionada porque la verdad es que cuesta tener la casa propia. Yo como presidenta estoy muy orgullosa de representar a mi comit\u00e9, a mis dem\u00e1s vecinos, con quienes tuvimos que viajar desde Puerto Ays\u00e9n a Coyhaique. Agradecer a la Seremi, al Serviu, a nuestra entidad patrocinante porque siempre ellos han tenido una buena disposici\u00f3n con nosotros, nunca hemos tenido conflictos con nadie, siempre nos han acogido cuando hemos tenido consultas de cualquier \u00edndole, siempre est\u00e1n las respuestas apropiadas en los tiempos justos. As\u00ed que agradecer todo lo que se ha hecho hasta el minuto y seguir avanzando para que pronto podamos tener nuestra casita\u201d, se\u00f1al\u00f3.<\/p>\n<p style=\"text-align: justify;\">Tras la firma de la promesa de compraventa, dirigentes y autoridades aseguraron que seguir\u00e1n en permanente contacto para ir informando sobre los avances en las gestiones que se est\u00e1n llevando adelante en el Ministerio de Vivienda, para ir cumpliendo nuevos objetivos para estas familias que forman parte de la gran tarea que est\u00e1 impulsando el Gobierno para cumplir con su Plan de Emergencia Habitacional, que a nivel regional contempla entregar al menos mil 293 viviendas durante el actual periodo de Gobierno.<\/p>\n<\/div><\/section><\/div><div  style='height:50px' class='hr hr-invisible   avia-builder-el-6  el_after_av_one_full  el_before_av_social_share '><span class='hr-inner ' ><span class='hr-inner-style'><\/span><\/span><\/div><\/p>\n<div  class='av-social-sharing-box  avia-builder-el-7  el_after_av_hr  el_before_av_hr  '><div class='av-share-box'><h5 class='av-share-link-description av-no-toc '>Compartir esta noticia<\/h5><ul class='av-share-box-list noLightbox'><li class='av-share-link av-social-link-facebook' ><a target=\"_blank\" aria-label=\"Compartir en Facebook\" href='https:\/\/www.facebook.com\/sharer.php?u=https:\/\/radiorevelacionfm.cl\/?p=35290&#038;t=Se%20firm%C3%B3%20promesa%20de%20compraventa%20de%20terreno%20para%20siete%20comit%C3%A9s%20de%20Vivienda%20de%20Puerto%20Ays%C3%A9n' aria-hidden='false' data-av_icon='\ue8f3' data-av_iconfont='entypo-fontello' title='' data-avia-related-tooltip='Compartir en Facebook' rel=\"noopener\"><span class='avia_hidden_link_text'>Compartir en Facebook<\/span><\/a><\/li><li class='av-share-link av-social-link-twitter' ><a target=\"_blank\" aria-label=\"Compartir en Twitter\" href='https:\/\/twitter.com\/share?text=Se%20firm%C3%B3%20promesa%20de%20compraventa%20de%20terreno%20para%20siete%20comit%C3%A9s%20de%20Vivienda%20de%20Puerto%20Ays%C3%A9n&#038;url=https:\/\/radiorevelacionfm.cl\/?p=35290' aria-hidden='false' data-av_icon='\ue8f1' data-av_iconfont='entypo-fontello' title='' data-avia-related-tooltip='Compartir en Twitter' rel=\"noopener\"><span class='avia_hidden_link_text'>Compartir en Twitter<\/span><\/a><\/li><li class='av-share-link av-social-link-whatsapp' ><a target=\"_blank\" aria-label=\"Compartir en Whatsapp\" href='https:\/\/api.whatsapp.com\/send?text=https:\/\/radiorevelacionfm.cl\/?p=35290' aria-hidden='false' data-av_icon='\uf232' data-av_iconfont='entypo-fontello' title='' data-avia-related-tooltip='Compartir en Whatsapp' rel=\"noopener\"><span class='avia_hidden_link_text'>Compartir en Whatsapp<\/span><\/a><\/li><li class='av-share-link av-social-link-linkedin' ><a target=\"_blank\" aria-label=\"Compartir en LinkedIn\" href='https:\/\/linkedin.com\/shareArticle?mini=true&#038;title=Se%20firm%C3%B3%20promesa%20de%20compraventa%20de%20terreno%20para%20siete%20comit%C3%A9s%20de%20Vivienda%20de%20Puerto%20Ays%C3%A9n&#038;url=https:\/\/radiorevelacionfm.cl\/?p=35290' aria-hidden='false' data-av_icon='\ue8fc' data-av_iconfont='entypo-fontello' title='' data-avia-related-tooltip='Compartir en LinkedIn' rel=\"noopener\"><span class='avia_hidden_link_text'>Compartir en LinkedIn<\/span><\/a><\/li><li class='av-share-link av-social-link-mail' ><a  aria-label=\"Compartir por correo\" href='mailto:?subject=Se%20firm%C3%B3%20promesa%20de%20compraventa%20de%20terreno%20para%20siete%20comit%C3%A9s%20de%20Vivienda%20de%20Puerto%20Ays%C3%A9n&#038;body=https:\/\/radiorevelacionfm.cl\/?p=35290' aria-hidden='false' data-av_icon='\ue805' data-av_iconfont='entypo-fontello' title='' data-avia-related-tooltip='Compartir por correo'><span class='avia_hidden_link_text'>Compartir por correo<\/span><\/a><\/li><\/ul><\/div><\/div>\n<div  style='height:50px' class='hr hr-invisible   avia-builder-el-8  el_after_av_social_share  el_before_av_comments_list '><span class='hr-inner ' ><span class='hr-inner-style'><\/span><\/span><\/div>\n<div  class='av-buildercomment  av-blog-meta-html-info-disabled av-blog-meta-tag-disabled  '><\/div>\n","protected":false},"excerpt":{"rendered":"","protected":false},"author":1,"featured_media":35291,"comment_status":"open","ping_status":"open","sticky":false,"template":"","format":"standard","meta":{"footnotes":""},"categories":[57],"tags":[],"class_list":["post-35290","post","type-post","status-publish","format-standard","has-post-thumbnail","hentry","category-vivienda"],"jetpack_featured_media_url":"https:\/\/radiorevelacionfm.cl\/wp-content\/uploads\/2023\/09\/Foto-comites-y-autoridades-en-reunion-firma-compromiso-compraventa-terreno-Puerto-Aysen-1-1.jpg","_links":{"self":[{"href":"https:\/\/radiorevelacionfm.cl\/index.php?rest_route=\/wp\/v2\/posts\/35290","targetHints":{"allow":["GET"]}}],"collection":[{"href":"https:\/\/radiorevelacionfm.cl\/index.php?rest_route=\/wp\/v2\/posts"}],"about":[{"href":"https:\/\/radiorevelacionfm.cl\/index.php?rest_route=\/wp\/v2\/types\/post"}],"author":[{"embeddable":true,"href":"https:\/\/radiorevelacionfm.cl\/index.php?rest_route=\/wp\/v2\/users\/1"}],"replies":[{"embeddable":true,"href":"https:\/\/radiorevelacionfm.cl\/index.php?rest_route=%2Fwp%2Fv2%2Fcomments&post=35290"}],"version-history":[{"count":1,"href":"https:\/\/radiorevelacionfm.cl\/index.php?rest_route=\/wp\/v2\/posts\/35290\/revisions"}],"predecessor-version":[{"id":35292,"href":"https:\/\/radiorevelacionfm.cl\/index.php?rest_route=\/wp\/v2\/posts\/35290\/revisions\/35292"}],"wp:featuredmedia":[{"embeddable":true,"href":"https:\/\/radiorevelacionfm.cl\/index.php?rest_route=\/wp\/v2\/media\/35291"}],"wp:attachment":[{"href":"https:\/\/radiorevelacionfm.cl\/index.php?rest_route=%2Fwp%2Fv2%2Fmedia&parent=35290"}],"wp:term":[{"taxonomy":"category","embeddable":true,"href":"https:\/\/radiorevelacionfm.cl\/index.php?rest_route=%2Fwp%2Fv2%2Fcategories&post=35290"},{"taxonomy":"post_tag","embeddable":true,"href":"https:\/\/radiorevelacionfm.cl\/index.php?rest_route=%2Fwp%2Fv2%2Ftags&post=35290"}],"curies":[{"name":"wp","href":"https:\/\/api.w.org\/{rel}","templated":true}]}}