{"id":35285,"date":"2023-09-25T20:22:31","date_gmt":"2023-09-25T23:22:31","guid":{"rendered":"https:\/\/radiorevelacionfm.cl\/?p=35285"},"modified":"2023-09-25T20:23:19","modified_gmt":"2023-09-25T23:23:19","slug":"con-festival-folclorico-cerraran-actividades-del-mes-de-la-patria-en-guaitecas","status":"publish","type":"post","link":"https:\/\/radiorevelacionfm.cl\/?p=35285","title":{"rendered":"Con Festival Folcl\u00f3rico culminar\u00e1n actividades del mes de la patria en Guaitecas"},"content":{"rendered":"<div class=\"flex_column av_one_full  flex_column_div av-zero-column-padding first  avia-builder-el-0  el_before_av_one_full  avia-builder-el-first  \" style='border-radius:0px; '><div  class='avia-image-container  av-styling-    avia-builder-el-1  avia-builder-el-no-sibling  avia-align-center '  itemprop=\"image\" itemscope=\"itemscope\" itemtype=\"https:\/\/schema.org\/ImageObject\"  ><div class='avia-image-container-inner'><div class='avia-image-overlay-wrap'><img decoding=\"async\" class='wp-image-35286 avia-img-lazy-loading-not-35286 avia_image' src=\"https:\/\/radiorevelacionfm.cl\/wp-content\/uploads\/2023\/09\/Festival-Guaitecas-1-1.jpg\" alt='' title='Festival Guaitecas (1) (1)' height=\"600\" width=\"600\"  itemprop=\"thumbnailUrl\" srcset=\"https:\/\/radiorevelacionfm.cl\/wp-content\/uploads\/2023\/09\/Festival-Guaitecas-1-1.jpg 600w, https:\/\/radiorevelacionfm.cl\/wp-content\/uploads\/2023\/09\/Festival-Guaitecas-1-1-300x300.jpg 300w, https:\/\/radiorevelacionfm.cl\/wp-content\/uploads\/2023\/09\/Festival-Guaitecas-1-1-80x80.jpg 80w, https:\/\/radiorevelacionfm.cl\/wp-content\/uploads\/2023\/09\/Festival-Guaitecas-1-1-36x36.jpg 36w, https:\/\/radiorevelacionfm.cl\/wp-content\/uploads\/2023\/09\/Festival-Guaitecas-1-1-180x180.jpg 180w, https:\/\/radiorevelacionfm.cl\/wp-content\/uploads\/2023\/09\/Festival-Guaitecas-1-1-120x120.jpg 120w, https:\/\/radiorevelacionfm.cl\/wp-content\/uploads\/2023\/09\/Festival-Guaitecas-1-1-450x450.jpg 450w, https:\/\/radiorevelacionfm.cl\/wp-content\/uploads\/2023\/09\/Festival-Guaitecas-1-1-100x100.jpg 100w\" sizes=\"(max-width: 600px) 100vw, 600px\" \/><\/div><\/div><\/div><\/div>\n<div class=\"flex_column av_one_full  flex_column_div av-zero-column-padding first  avia-builder-el-2  el_after_av_one_full  el_before_av_one_full  column-top-margin\" style='border-radius:0px; '><section class=\"av_textblock_section \"  itemscope=\"itemscope\" itemtype=\"https:\/\/schema.org\/BlogPosting\" itemprop=\"blogPost\" ><div class='avia_textblock  '   itemprop=\"text\" ><p style=\"text-align: center;\"><strong><span style=\"font-size: 18pt;\">Con Festival Folcl\u00f3rico culminar\u00e1n actividades del mes de la patria en Guaitecas <\/span><\/strong><\/p>\n<div id=\"gtx-trans\" style=\"position: absolute; left: -50px; top: 4.31534px;\">\n<div class=\"gtx-trans-icon\"><\/div>\n<\/div>\n<\/div><\/section><\/div><div class=\"flex_column av_one_full  flex_column_div av-zero-column-padding first  avia-builder-el-4  el_after_av_one_full  el_before_av_hr  column-top-margin\" style='border-radius:0px; '><section class=\"av_textblock_section \"  itemscope=\"itemscope\" itemtype=\"https:\/\/schema.org\/BlogPosting\" itemprop=\"blogPost\" ><div class='avia_textblock  '   itemprop=\"text\" ><p style=\"text-align: justify;\">Como una de las \u00faltimas actividades del mes de la patria, la Municipalidad de Guaitecas est\u00e1 organizando un certamen musical denominado Festival La Voz del Cipr\u00e9s, a realizarse el viernes 29 y s\u00e1bado 30 de septiembre, desde las siete de la tarde, en el gimnasio municipal de Melinka.<\/p>\n<p style=\"text-align: justify;\">Se trata de un evento que est\u00e1 siendo coordinado por la Unidad de Cultura de la Municipalidad de Guaitecas y que pretende convocar a int\u00e9rpretes locales para que compitan con canciones con ra\u00edz folcl\u00f3rica.<\/p>\n<p style=\"text-align: justify;\">Seg\u00fan se indic\u00f3 desde la Municipalidad de Guaitecas no se trata de canciones in\u00e9ditas, sino de ra\u00edz folcl\u00f3rica, como una forma de terminar septiembre con este certamen y con las actividades de fiestas patrias que durante todo el mes se desarrollaron en la comuna.<\/p>\n<p style=\"text-align: justify;\">Seg\u00fan las bases de este festival, podr\u00e1n participar personas desde los 16 a\u00f1os hasta los 45 a\u00f1os cumplidos y adem\u00e1s deber\u00e1n competir en la modalidad de solistas.<\/p>\n<p style=\"text-align: justify;\">Para este certamen musical, el municipio dispuso los siguientes premios: primer lugar, trescientos mil pesos; segundo lugar, doscientos mil pesos y para el tercer lugar la suma de cien mil pesos.<\/p>\n<p style=\"text-align: justify;\">Adem\u00e1s, se entregar\u00e1 un premio al int\u00e9rprete m\u00e1s popular, que consiste en la suma de cincuenta mil pesos.<\/p>\n<p style=\"text-align: justify;\">Las bases e inscripciones no tienen costos para los participantes y a\u00fan se pueden solicitar en forma presencial en la oficina de partes de la Municipalidad de Guaitecas, a trav\u00e9s de correo electr\u00f3nico\u00a0<a href=\"mailto:cultura@muniguaitecas.c\">cultura@muniguaitecas.c<\/a>\u00a0y tambi\u00e9n est\u00e1n disponibles en la p\u00e1gina web del municipio.<\/p>\n<\/div><\/section><\/div><\/p>\n<div  style='height:50px' class='hr hr-invisible   avia-builder-el-6  el_after_av_one_full  el_before_av_social_share '><span class='hr-inner ' ><span class='hr-inner-style'><\/span><\/span><\/div>\n<div  class='av-social-sharing-box  avia-builder-el-7  el_after_av_hr  el_before_av_hr  '><div class='av-share-box'><h5 class='av-share-link-description av-no-toc '>Compartir esta noticia<\/h5><ul class='av-share-box-list noLightbox'><li class='av-share-link av-social-link-facebook' ><a target=\"_blank\" aria-label=\"Compartir en Facebook\" href='https:\/\/www.facebook.com\/sharer.php?u=https:\/\/radiorevelacionfm.cl\/?p=35285&#038;t=Con%20Festival%20Folcl%C3%B3rico%20culminar%C3%A1n%20actividades%20del%20mes%20de%20la%20patria%20en%20Guaitecas' aria-hidden='false' data-av_icon='\ue8f3' data-av_iconfont='entypo-fontello' title='' data-avia-related-tooltip='Compartir en Facebook' rel=\"noopener\"><span class='avia_hidden_link_text'>Compartir en Facebook<\/span><\/a><\/li><li class='av-share-link av-social-link-twitter' ><a target=\"_blank\" aria-label=\"Compartir en Twitter\" href='https:\/\/twitter.com\/share?text=Con%20Festival%20Folcl%C3%B3rico%20culminar%C3%A1n%20actividades%20del%20mes%20de%20la%20patria%20en%20Guaitecas&#038;url=https:\/\/radiorevelacionfm.cl\/?p=35285' aria-hidden='false' data-av_icon='\ue8f1' data-av_iconfont='entypo-fontello' title='' data-avia-related-tooltip='Compartir en Twitter' rel=\"noopener\"><span class='avia_hidden_link_text'>Compartir en Twitter<\/span><\/a><\/li><li class='av-share-link av-social-link-whatsapp' ><a target=\"_blank\" aria-label=\"Compartir en Whatsapp\" href='https:\/\/api.whatsapp.com\/send?text=https:\/\/radiorevelacionfm.cl\/?p=35285' aria-hidden='false' data-av_icon='\uf232' data-av_iconfont='entypo-fontello' title='' data-avia-related-tooltip='Compartir en Whatsapp' rel=\"noopener\"><span class='avia_hidden_link_text'>Compartir en Whatsapp<\/span><\/a><\/li><li class='av-share-link av-social-link-linkedin' ><a target=\"_blank\" aria-label=\"Compartir en LinkedIn\" href='https:\/\/linkedin.com\/shareArticle?mini=true&#038;title=Con%20Festival%20Folcl%C3%B3rico%20culminar%C3%A1n%20actividades%20del%20mes%20de%20la%20patria%20en%20Guaitecas&#038;url=https:\/\/radiorevelacionfm.cl\/?p=35285' aria-hidden='false' data-av_icon='\ue8fc' data-av_iconfont='entypo-fontello' title='' data-avia-related-tooltip='Compartir en LinkedIn' rel=\"noopener\"><span class='avia_hidden_link_text'>Compartir en LinkedIn<\/span><\/a><\/li><li class='av-share-link av-social-link-mail' ><a  aria-label=\"Compartir por correo\" href='mailto:?subject=Con%20Festival%20Folcl%C3%B3rico%20culminar%C3%A1n%20actividades%20del%20mes%20de%20la%20patria%20en%20Guaitecas&#038;body=https:\/\/radiorevelacionfm.cl\/?p=35285' aria-hidden='false' data-av_icon='\ue805' data-av_iconfont='entypo-fontello' title='' data-avia-related-tooltip='Compartir por correo'><span class='avia_hidden_link_text'>Compartir por correo<\/span><\/a><\/li><\/ul><\/div><\/div>\n<div  style='height:50px' class='hr hr-invisible   avia-builder-el-8  el_after_av_social_share  el_before_av_comments_list '><span class='hr-inner ' ><span class='hr-inner-style'><\/span><\/span><\/div>\n<div  class='av-buildercomment  av-blog-meta-html-info-disabled av-blog-meta-tag-disabled  '><\/div>\n","protected":false},"excerpt":{"rendered":"","protected":false},"author":1,"featured_media":35287,"comment_status":"open","ping_status":"open","sticky":false,"template":"","format":"standard","meta":{"footnotes":""},"categories":[38],"tags":[],"class_list":["post-35285","post","type-post","status-publish","format-standard","has-post-thumbnail","hentry","category-regional"],"jetpack_featured_media_url":"https:\/\/radiorevelacionfm.cl\/wp-content\/uploads\/2023\/09\/festival-guaitecas-2_optimized-1.jpg","_links":{"self":[{"href":"https:\/\/radiorevelacionfm.cl\/index.php?rest_route=\/wp\/v2\/posts\/35285","targetHints":{"allow":["GET"]}}],"collection":[{"href":"https:\/\/radiorevelacionfm.cl\/index.php?rest_route=\/wp\/v2\/posts"}],"about":[{"href":"https:\/\/radiorevelacionfm.cl\/index.php?rest_route=\/wp\/v2\/types\/post"}],"author":[{"embeddable":true,"href":"https:\/\/radiorevelacionfm.cl\/index.php?rest_route=\/wp\/v2\/users\/1"}],"replies":[{"embeddable":true,"href":"https:\/\/radiorevelacionfm.cl\/index.php?rest_route=%2Fwp%2Fv2%2Fcomments&post=35285"}],"version-history":[{"count":2,"href":"https:\/\/radiorevelacionfm.cl\/index.php?rest_route=\/wp\/v2\/posts\/35285\/revisions"}],"predecessor-version":[{"id":35289,"href":"https:\/\/radiorevelacionfm.cl\/index.php?rest_route=\/wp\/v2\/posts\/35285\/revisions\/35289"}],"wp:featuredmedia":[{"embeddable":true,"href":"https:\/\/radiorevelacionfm.cl\/index.php?rest_route=\/wp\/v2\/media\/35287"}],"wp:attachment":[{"href":"https:\/\/radiorevelacionfm.cl\/index.php?rest_route=%2Fwp%2Fv2%2Fmedia&parent=35285"}],"wp:term":[{"taxonomy":"category","embeddable":true,"href":"https:\/\/radiorevelacionfm.cl\/index.php?rest_route=%2Fwp%2Fv2%2Fcategories&post=35285"},{"taxonomy":"post_tag","embeddable":true,"href":"https:\/\/radiorevelacionfm.cl\/index.php?rest_route=%2Fwp%2Fv2%2Ftags&post=35285"}],"curies":[{"name":"wp","href":"https:\/\/api.w.org\/{rel}","templated":true}]}}