{"id":35281,"date":"2023-09-25T19:09:07","date_gmt":"2023-09-25T22:09:07","guid":{"rendered":"https:\/\/radiorevelacionfm.cl\/?p=35281"},"modified":"2023-09-25T19:09:07","modified_gmt":"2023-09-25T22:09:07","slug":"docentes-de-aysen-compartieron-proyectos-en-el-congreso-regional-icec-realizado-en-coyhaique","status":"publish","type":"post","link":"https:\/\/radiorevelacionfm.cl\/?p=35281","title":{"rendered":"Docentes de Ays\u00e9n compartieron proyectos en el Congreso Regional ICEC realizado en Coyhaique"},"content":{"rendered":"<div class=\"flex_column av_one_full  flex_column_div av-zero-column-padding first  avia-builder-el-0  el_before_av_one_full  avia-builder-el-first  \" style='border-radius:0px; '><div  class='avia-image-container  av-styling-    avia-builder-el-1  avia-builder-el-no-sibling  avia-align-center '  itemprop=\"image\" itemscope=\"itemscope\" itemtype=\"https:\/\/schema.org\/ImageObject\"  ><div class='avia-image-container-inner'><div class='avia-image-overlay-wrap'><img decoding=\"async\" class='wp-image-35283 avia-img-lazy-loading-not-35283 avia_image' src=\"https:\/\/radiorevelacionfm.cl\/wp-content\/uploads\/2023\/09\/fd008189-1013-4fa2-adb2-b5ece737e677-1_optimized.jpg\" alt='' title='fd008189-1013-4fa2-adb2-b5ece737e677-(1)_optimized' height=\"600\" width=\"912\"  itemprop=\"thumbnailUrl\" srcset=\"https:\/\/radiorevelacionfm.cl\/wp-content\/uploads\/2023\/09\/fd008189-1013-4fa2-adb2-b5ece737e677-1_optimized.jpg 912w, https:\/\/radiorevelacionfm.cl\/wp-content\/uploads\/2023\/09\/fd008189-1013-4fa2-adb2-b5ece737e677-1_optimized-300x197.jpg 300w, https:\/\/radiorevelacionfm.cl\/wp-content\/uploads\/2023\/09\/fd008189-1013-4fa2-adb2-b5ece737e677-1_optimized-768x505.jpg 768w, https:\/\/radiorevelacionfm.cl\/wp-content\/uploads\/2023\/09\/fd008189-1013-4fa2-adb2-b5ece737e677-1_optimized-705x464.jpg 705w, https:\/\/radiorevelacionfm.cl\/wp-content\/uploads\/2023\/09\/fd008189-1013-4fa2-adb2-b5ece737e677-1_optimized-450x296.jpg 450w, https:\/\/radiorevelacionfm.cl\/wp-content\/uploads\/2023\/09\/fd008189-1013-4fa2-adb2-b5ece737e677-1_optimized-600x395.jpg 600w\" sizes=\"(max-width: 912px) 100vw, 912px\" \/><\/div><\/div><\/div><\/div><div class=\"flex_column av_one_full  flex_column_div av-zero-column-padding first  avia-builder-el-2  el_after_av_one_full  el_before_av_one_full  column-top-margin\" style='border-radius:0px; '><section class=\"av_textblock_section \"  itemscope=\"itemscope\" itemtype=\"https:\/\/schema.org\/BlogPosting\" itemprop=\"blogPost\" ><div class='avia_textblock  '   itemprop=\"text\" ><p style=\"text-align: center;\"><span style=\"font-size: 18pt;\"><b>Docentes de Ays\u00e9n compartieron proyectos en el Congreso Regional ICEC realizado en Coyhaique<\/b><\/span><\/p>\n<div id=\"gtx-trans\" style=\"position: absolute; left: -50px; top: 4.31534px;\">\n<div class=\"gtx-trans-icon\"><\/div>\n<\/div>\n<\/div><\/section><\/div><div class=\"flex_column av_one_full  flex_column_div av-zero-column-padding first  avia-builder-el-4  el_after_av_one_full  el_before_av_hr  column-top-margin\" style='border-radius:0px; '><section class=\"av_textblock_section \"  itemscope=\"itemscope\" itemtype=\"https:\/\/schema.org\/BlogPosting\" itemprop=\"blogPost\" ><div class='avia_textblock  '   itemprop=\"text\" ><p class=\"v1MsoNormal\" style=\"text-align: justify;\">Bajo la premisa \u201cPreguntas para transformar el entorno\u201d, se reunieron en el Centro Cultural Coyhaique docentes, educadores, directivos y estudiantes de nuestro territorio, para disfrutar una serie de charlas, conferencias y Muestras de Aprendizaje, en un espacio de reflexi\u00f3n y actualizaci\u00f3n sobre la importancia de la \u201cmetodolog\u00eda de Indagaci\u00f3n\u201d para el aprendizaje de las ciencias.<\/p>\n<p class=\"v1MsoNormal\" style=\"text-align: justify;\">En este\u00a0congreso se desarrollaron diversas actividades, entre ellas la exposici\u00f3n de la cient\u00edfica argentina Dra. Andrea Goldin titulada \u00abNeurociencia para repensar la clase de ciencias\u00bb La expositora es especialista en neurociencias cognitivas. Investigadora adjunta del CONICET en el Laboratorio de Neurociencia (UTDT), Argentina.<\/p>\n<p class=\"v1MsoNormal\" style=\"text-align: justify;\">Tambi\u00e9n se realiz\u00f3 en el Hall del Centro Cultural Coyhaique la Muestra de Aprendizaje que consiste en la divulgaci\u00f3n y exposici\u00f3n de los\u00a0docentes\u00a0y\u00a0estudiantes\u00a0de los proyectos que han desarrollado en el curso, los docentes-alumnos finalizan el curso con esta divulgaci\u00f3n y exposici\u00f3n en el Congreso de los proyectos desarrollados a trav\u00e9s de la \u201cmetodolog\u00eda Indagatoria\u201d que ponen en pr\u00e1ctica durante en desarrollo de dicho curso.<\/p>\n<p class=\"v1MsoNormal\" style=\"text-align: justify;\">La profesora Patricia L\u00f3pez Stewart, Directora Ejecutiva del Programa ICEC en la Universidad Alberto Hurtado destac\u00f3 que \u201cEl Congreso Regional 2023 constituy\u00f3 un espacio de encuentro entre docentes que participan en el programa de Indagaci\u00f3n Cient\u00edfica para la ense\u00f1anza de la Ciencia ICEC a nivel regional. Esta actividad formativa tuvo como prop\u00f3sito aportar al mejoramiento de la educaci\u00f3n en ciencias de ni\u00f1os, ni\u00f1as y j\u00f3venes en cada uno de los territorios que componen la Regi\u00f3n de Ays\u00e9n, a trav\u00e9s de la promoci\u00f3n del intercambio de investigaciones y experiencias pedag\u00f3gicas en el \u00e1mbito de la ense\u00f1anza y aprendizaje de las ciencias entre docentes y cient\u00edficos del contexto nacional e internacional\u201d.<\/p>\n<p class=\"v1MsoNormal\" style=\"text-align: justify;\">Por su parte, la Seremi de Educaci\u00f3n de Ays\u00e9n Isabel Garrido record\u00f3 que \u201cEl objetivo principal del programa ICEC y el Congreso Regional\u00a0 es aportar al mejoramiento de la calidad de la educaci\u00f3n en ciencias\u00a0con una estrategia innovadora. Para ello re\u00fane a docentes de establecimientos p\u00fablicos de tres niveles educativos (educaci\u00f3n parvularia, educaci\u00f3n b\u00e1sica, educaci\u00f3n media, tambi\u00e9n en la modalidad diferencial), para reflexionar sobre la ense\u00f1anza de las ciencias desde una mirada que considera la trayectoria de los aprendizajes en ciencias en los estudiantes, tambi\u00e9n fomenta la autonom\u00eda y profesionalizaci\u00f3n docente en la gesti\u00f3n del curr\u00edculum de ciencias naturales, mediante el trabajo colaborativo y el establecimiento de comunidades de aprendizaje regionales. El programa se despliega en el marco del Plan de Reactivaci\u00f3n Educativa 2023\u201d.<\/p>\n<p class=\"v1MsoNormal\" style=\"text-align: justify;\">Luego de las exposiciones descritas se realiz\u00f3 una actividad taller para reforzar y co-construir la \u00abComunidades de Aprendizaje ICEC\u00bb.<\/p>\n<p class=\"v1MsoNormal\" style=\"text-align: justify;\">El\u00a0Programa ICEC (Indagaci\u00f3n Cient\u00edfica para la Educaci\u00f3n en Ciencias) es una iniciativa de innovaci\u00f3n pedag\u00f3gica creada por el Mineduc en el a\u00f1o 2015 y que est\u00e1 orientada a la mejora de la calidad de la educaci\u00f3n en ciencias en escuelas y liceos p\u00fablicos de todo Chile, a trav\u00e9s de la implementaci\u00f3n de la indagaci\u00f3n cient\u00edfica como enfoque pedag\u00f3gico. El programa est\u00e1 presente en todas las regiones del pa\u00eds a trav\u00e9s de una alianza con 12 universidades chilenas.<\/p>\n<p class=\"v1MsoNormal\" style=\"text-align: justify;\">Para lograr su objetivo, el programa ICEC contempla el desarrollo de m\u00faltiples actividades que en el caso de la regi\u00f3n de Ays\u00e9n son lideradas por un equipo de gesti\u00f3n y acad\u00e9mico conformado principalmente por acad\u00e9micos de la Universidad Alberto Hurtado<\/p>\n<p class=\"v1MsoNormal\" style=\"text-align: justify;\">Durante la implementaci\u00f3n de versiones anteriores del programa ICEC se han construido comunidades de aprendizaje, conformadas por profesores y profesoras, cuyo objetivo es mantener en el tiempo iniciativas que promuevan el desarrollo de las ciencias en sus localidades.<\/p>\n<\/div><\/section><\/div><div  style='height:50px' class='hr hr-invisible   avia-builder-el-6  el_after_av_one_full  el_before_av_social_share '><span class='hr-inner ' ><span class='hr-inner-style'><\/span><\/span><\/div><\/p>\n<div  class='av-social-sharing-box  avia-builder-el-7  el_after_av_hr  el_before_av_hr  '><div class='av-share-box'><h5 class='av-share-link-description av-no-toc '>Compartir esta noticia<\/h5><ul class='av-share-box-list noLightbox'><li class='av-share-link av-social-link-facebook' ><a target=\"_blank\" aria-label=\"Compartir en Facebook\" href='https:\/\/www.facebook.com\/sharer.php?u=https:\/\/radiorevelacionfm.cl\/?p=35281&#038;t=Docentes%20de%20Ays%C3%A9n%20compartieron%20proyectos%20en%20el%20Congreso%20Regional%20ICEC%20realizado%20en%20Coyhaique' aria-hidden='false' data-av_icon='\ue8f3' data-av_iconfont='entypo-fontello' title='' data-avia-related-tooltip='Compartir en Facebook' rel=\"noopener\"><span class='avia_hidden_link_text'>Compartir en Facebook<\/span><\/a><\/li><li class='av-share-link av-social-link-twitter' ><a target=\"_blank\" aria-label=\"Compartir en Twitter\" href='https:\/\/twitter.com\/share?text=Docentes%20de%20Ays%C3%A9n%20compartieron%20proyectos%20en%20el%20Congreso%20Regional%20ICEC%20realizado%20en%20Coyhaique&#038;url=https:\/\/radiorevelacionfm.cl\/?p=35281' aria-hidden='false' data-av_icon='\ue8f1' data-av_iconfont='entypo-fontello' title='' data-avia-related-tooltip='Compartir en Twitter' rel=\"noopener\"><span class='avia_hidden_link_text'>Compartir en Twitter<\/span><\/a><\/li><li class='av-share-link av-social-link-whatsapp' ><a target=\"_blank\" aria-label=\"Compartir en Whatsapp\" href='https:\/\/api.whatsapp.com\/send?text=https:\/\/radiorevelacionfm.cl\/?p=35281' aria-hidden='false' data-av_icon='\uf232' data-av_iconfont='entypo-fontello' title='' data-avia-related-tooltip='Compartir en Whatsapp' rel=\"noopener\"><span class='avia_hidden_link_text'>Compartir en Whatsapp<\/span><\/a><\/li><li class='av-share-link av-social-link-linkedin' ><a target=\"_blank\" aria-label=\"Compartir en LinkedIn\" href='https:\/\/linkedin.com\/shareArticle?mini=true&#038;title=Docentes%20de%20Ays%C3%A9n%20compartieron%20proyectos%20en%20el%20Congreso%20Regional%20ICEC%20realizado%20en%20Coyhaique&#038;url=https:\/\/radiorevelacionfm.cl\/?p=35281' aria-hidden='false' data-av_icon='\ue8fc' data-av_iconfont='entypo-fontello' title='' data-avia-related-tooltip='Compartir en LinkedIn' rel=\"noopener\"><span class='avia_hidden_link_text'>Compartir en LinkedIn<\/span><\/a><\/li><li class='av-share-link av-social-link-mail' ><a  aria-label=\"Compartir por correo\" href='mailto:?subject=Docentes%20de%20Ays%C3%A9n%20compartieron%20proyectos%20en%20el%20Congreso%20Regional%20ICEC%20realizado%20en%20Coyhaique&#038;body=https:\/\/radiorevelacionfm.cl\/?p=35281' aria-hidden='false' data-av_icon='\ue805' data-av_iconfont='entypo-fontello' title='' data-avia-related-tooltip='Compartir por correo'><span class='avia_hidden_link_text'>Compartir por correo<\/span><\/a><\/li><\/ul><\/div><\/div>\n<div  style='height:50px' class='hr hr-invisible   avia-builder-el-8  el_after_av_social_share  el_before_av_comments_list '><span class='hr-inner ' ><span class='hr-inner-style'><\/span><\/span><\/div>\n<div  class='av-buildercomment  av-blog-meta-html-info-disabled av-blog-meta-tag-disabled  '><\/div>\n","protected":false},"excerpt":{"rendered":"","protected":false},"author":1,"featured_media":35283,"comment_status":"open","ping_status":"open","sticky":false,"template":"","format":"standard","meta":{"footnotes":""},"categories":[49],"tags":[],"class_list":["post-35281","post","type-post","status-publish","format-standard","has-post-thumbnail","hentry","category-educacion"],"jetpack_featured_media_url":"https:\/\/radiorevelacionfm.cl\/wp-content\/uploads\/2023\/09\/fd008189-1013-4fa2-adb2-b5ece737e677-1_optimized.jpg","_links":{"self":[{"href":"https:\/\/radiorevelacionfm.cl\/index.php?rest_route=\/wp\/v2\/posts\/35281","targetHints":{"allow":["GET"]}}],"collection":[{"href":"https:\/\/radiorevelacionfm.cl\/index.php?rest_route=\/wp\/v2\/posts"}],"about":[{"href":"https:\/\/radiorevelacionfm.cl\/index.php?rest_route=\/wp\/v2\/types\/post"}],"author":[{"embeddable":true,"href":"https:\/\/radiorevelacionfm.cl\/index.php?rest_route=\/wp\/v2\/users\/1"}],"replies":[{"embeddable":true,"href":"https:\/\/radiorevelacionfm.cl\/index.php?rest_route=%2Fwp%2Fv2%2Fcomments&post=35281"}],"version-history":[{"count":1,"href":"https:\/\/radiorevelacionfm.cl\/index.php?rest_route=\/wp\/v2\/posts\/35281\/revisions"}],"predecessor-version":[{"id":35284,"href":"https:\/\/radiorevelacionfm.cl\/index.php?rest_route=\/wp\/v2\/posts\/35281\/revisions\/35284"}],"wp:featuredmedia":[{"embeddable":true,"href":"https:\/\/radiorevelacionfm.cl\/index.php?rest_route=\/wp\/v2\/media\/35283"}],"wp:attachment":[{"href":"https:\/\/radiorevelacionfm.cl\/index.php?rest_route=%2Fwp%2Fv2%2Fmedia&parent=35281"}],"wp:term":[{"taxonomy":"category","embeddable":true,"href":"https:\/\/radiorevelacionfm.cl\/index.php?rest_route=%2Fwp%2Fv2%2Fcategories&post=35281"},{"taxonomy":"post_tag","embeddable":true,"href":"https:\/\/radiorevelacionfm.cl\/index.php?rest_route=%2Fwp%2Fv2%2Ftags&post=35281"}],"curies":[{"name":"wp","href":"https:\/\/api.w.org\/{rel}","templated":true}]}}