{"id":3528,"date":"2021-04-26T17:59:15","date_gmt":"2021-04-26T20:59:15","guid":{"rendered":"https:\/\/radiorevelacionfm.cl\/?p=3528"},"modified":"2021-04-26T17:59:15","modified_gmt":"2021-04-26T20:59:15","slug":"gobierno-envia-proyecto-del-tercero-retiro-y-recuperacion-de-los-ahorros-previsionales","status":"publish","type":"post","link":"https:\/\/radiorevelacionfm.cl\/?p=3528","title":{"rendered":"Gobierno env\u00eda proyecto del tercero retiro y recuperaci\u00f3n de los ahorros previsionales"},"content":{"rendered":"<div class=\"flex_column av_one_full  flex_column_div av-zero-column-padding first  avia-builder-el-0  el_before_av_one_full  avia-builder-el-first  \" style='border-radius:0px; '><div  class='avia-image-container  av-styling-    avia-builder-el-1  avia-builder-el-no-sibling  avia-align-center '  itemprop=\"image\" itemscope=\"itemscope\" itemtype=\"https:\/\/schema.org\/ImageObject\"  ><div class='avia-image-container-inner'><div class='avia-image-overlay-wrap'><img decoding=\"async\" class='wp-image-0 avia-img-lazy-loading-not-0 avia_image' src=\"https:\/\/radiorevelacionfm.cl\/wp-content\/uploads\/2021\/04\/foto-anuncio-proyecto-tercer-retiro-2_optimized.jpeg\" alt='' title=''   itemprop=\"thumbnailUrl\"  \/><\/div><\/div><\/div><\/div><div class=\"flex_column av_one_full  flex_column_div av-zero-column-padding first  avia-builder-el-2  el_after_av_one_full  el_before_av_one_full  column-top-margin\" style='border-radius:0px; '><section class=\"av_textblock_section \"  itemscope=\"itemscope\" itemtype=\"https:\/\/schema.org\/BlogPosting\" itemprop=\"blogPost\" ><div class='avia_textblock  '   itemprop=\"text\" ><p style=\"text-align: center;\"><strong><span style=\"font-size: 18pt;\">Gobierno env\u00eda proyecto del tercero retiro y recuperaci\u00f3n de los ahorros previsionales<\/span><\/strong><\/p>\n<div id=\"gtx-trans\" style=\"position: absolute; left: -50px; top: 4.31534px;\">\n<div class=\"gtx-trans-icon\"><\/div>\n<\/div>\n<\/div><\/section><\/div><div class=\"flex_column av_one_full  flex_column_div av-zero-column-padding first  avia-builder-el-4  el_after_av_one_full  el_before_av_hr  column-top-margin\" style='border-radius:0px; '><section class=\"av_textblock_section \"  itemscope=\"itemscope\" itemtype=\"https:\/\/schema.org\/BlogPosting\" itemprop=\"blogPost\" ><div class='avia_textblock  '   itemprop=\"text\" ><p style=\"font-weight: 400; text-align: justify;\">El domingo el Presidente Sebasti\u00e1n Pi\u00f1era anunci\u00f3 el Proyecto de Ley del Tercer Retiro y Recuperaci\u00f3n de Ahorros Previsionales, que permite a los ciudadanos retirar el 10% de sus ahorros previsionales y que soluciona \u2013adem\u00e1s\u2013 los problemas del proyecto recientemente aprobado por el Congreso.<\/p>\n<p style=\"font-weight: 400; text-align: justify;\">La\u00a0Intendenta de la Regi\u00f3n de Ays\u00e9n, Margarita Ossa, junto con el equipo de secretarios regionales ministeriales informaron de la iniciativa este lunes para dar cuenta de la propuesta del Gobierno hacia la comunidad.\u00a0\u201cEs un mejor proyecto porque se hace cargo ahora de las urgentes necesidades de las familias de nuestro pa\u00eds, ya que otorga beneficios a tres millones de cotizantes que hoy tienen saldo cero y, adem\u00e1s, establece un mecanismo para recuperar los ahorros previsionales retirados, fortaleciendo as\u00ed las pensiones futuras. Y muy importante, este proyecto respeta nuestra Constituci\u00f3n y el Estado de Derecho\u201d,\u00a0dijo la ejecutivo.<\/p>\n<p style=\"font-weight: 400; text-align: justify;\">En tanto, la\u00a0Seremi de Trabajo y Previsi\u00f3n Social de Ays\u00e9n, Andrea Ponce,\u00a0se refiri\u00f3 a la realidad regional del proyecto de ley destacando que\u00a0\u201cen nuestra Regi\u00f3n de Ays\u00e9n, ser\u00edan alrededor de 65.180 los posibles beneficiarios, que corresponde a quienes est\u00e1n afiliados al sistema previsional al 2020. De ellos, 17.119 ya no poseen saldos en sus cuentas individuales en la AFP, es decir, tienen saldo 0. Gracias a este proyecto, recibir\u00e1n un Bono de cargo fiscal por $200.000\u201d.<\/p>\n<p style=\"font-weight: 400; text-align: justify;\">Las claves del proyecto son las siguientes:<\/p>\n<ul style=\"text-align: justify;\">\n<li style=\"font-weight: 400;\">Rango de retiro:\u00a0Los cotizantes podr\u00e1n retirar un monto m\u00e1ximo con cargo a sus cuentas individuales de 150 UF, equivalente a $ 4.4 millones aprox., con un m\u00ednimo de 35 UF, correspondiente a $1 mill\u00f3n.<\/li>\n<li style=\"font-weight: 400;\">Impuestos:\u00a0Solo pagar\u00e1n impuestos los cotizantes pertenecientes al 10% de m\u00e1s altos ingresos.<\/li>\n<li style=\"font-weight: 400;\">Reintegro de los fondos:\u00a0Contempla una cotizaci\u00f3n adicional, con el fin de restituir lo retirado de las cuentas individuales. Para lo anterior, la cotizaci\u00f3n mensual se incrementar\u00e1 en 1% adicional, la que ser\u00e1 de cargo del empleador. Adicionalmente, el Estado le otorgar\u00e1 otro 1% con el fin de incentivar su reintegro, con un tope de 0,3 UF, la que ser\u00e1 integrada en la cuenta individual de cada trabajador. Quienes no realicen retiros, igualmente el Estado les aportar\u00e1 el 1% con un tope de 0,3 UF con el fin de contribuir al mejoramiento de sus ahorros previsionales.<\/li>\n<li style=\"font-weight: 400;\">Bono saldo cero:\u00a0El proyecto otorgar\u00e1 un Bono de cargo fiscal por $200.000 para los cotizantes que a la fecha tuvieran saldo cero en sus cuentas de capitalizaci\u00f3n individual producto de los retiros. De acuerdo a los datos de afiliados activos a febrero del presente a\u00f1o, el beneficio podr\u00e1 ser percibido por cerca de 3 millones de personas que no tienen fondos en las cuentas de capitalizaci\u00f3n. Este bono se depositar\u00e1 en dichas cuentas, y adem\u00e1s podr\u00e1 ser retirado por el cotizante.<\/li>\n<li style=\"font-weight: 400;\">Renta Vitalicia:\u00a0Se otorgar\u00e1 un adelanto para pensionados de renta vitalicia, de hasta un 10% de su reserva t\u00e9cnica, con un tope de 100 UF ($ 2.9 millones aprox.). Este se le descontar\u00e1, con un tope de 10% de su Renta Vitalicia, hasta enterar el monto total del anticipo.<\/li>\n<\/ul>\n<p style=\"font-weight: 400; text-align: justify;\">Asimismo, el Gobierno enfatiz\u00f3 que en los pr\u00f3ximos d\u00edas se informar\u00e1 de las nuevas medidas que se incorporar\u00e1n en los beneficios del Ingreso Familiar de Emergencia y el Bono Clase Media a personas que quedaron injustificadamente excluidos, adem\u00e1s de nuevas medidas de apoyo a las Pymes afectadas por la pandemia.<\/p>\n<\/div><\/section><\/div><div  style='height:50px' class='hr hr-invisible   avia-builder-el-6  el_after_av_one_full  el_before_av_social_share '><span class='hr-inner ' ><span class='hr-inner-style'><\/span><\/span><\/div><\/p>\n<div  class='av-social-sharing-box  avia-builder-el-7  el_after_av_hr  el_before_av_hr  '><div class='av-share-box'><h5 class='av-share-link-description av-no-toc '>Compartir esta noticia<\/h5><ul class='av-share-box-list noLightbox'><li class='av-share-link av-social-link-facebook' ><a target=\"_blank\" aria-label=\"Compartir en Facebook\" href='https:\/\/www.facebook.com\/sharer.php?u=https:\/\/radiorevelacionfm.cl\/?p=3528&#038;t=Gobierno%20env%C3%ADa%20proyecto%20del%20tercero%20retiro%20y%20recuperaci%C3%B3n%20de%20los%20ahorros%20previsionales' aria-hidden='false' data-av_icon='\ue8f3' data-av_iconfont='entypo-fontello' title='' data-avia-related-tooltip='Compartir en Facebook' rel=\"noopener\"><span class='avia_hidden_link_text'>Compartir en Facebook<\/span><\/a><\/li><li class='av-share-link av-social-link-twitter' ><a target=\"_blank\" aria-label=\"Compartir en Twitter\" href='https:\/\/twitter.com\/share?text=Gobierno%20env%C3%ADa%20proyecto%20del%20tercero%20retiro%20y%20recuperaci%C3%B3n%20de%20los%20ahorros%20previsionales&#038;url=https:\/\/radiorevelacionfm.cl\/?p=3528' aria-hidden='false' data-av_icon='\ue8f1' data-av_iconfont='entypo-fontello' title='' data-avia-related-tooltip='Compartir en Twitter' rel=\"noopener\"><span class='avia_hidden_link_text'>Compartir en Twitter<\/span><\/a><\/li><li class='av-share-link av-social-link-whatsapp' ><a target=\"_blank\" aria-label=\"Compartir en Whatsapp\" href='https:\/\/api.whatsapp.com\/send?text=https:\/\/radiorevelacionfm.cl\/?p=3528' aria-hidden='false' data-av_icon='\uf232' data-av_iconfont='entypo-fontello' title='' data-avia-related-tooltip='Compartir en Whatsapp' rel=\"noopener\"><span class='avia_hidden_link_text'>Compartir en Whatsapp<\/span><\/a><\/li><li class='av-share-link av-social-link-linkedin' ><a target=\"_blank\" aria-label=\"Compartir en LinkedIn\" href='https:\/\/linkedin.com\/shareArticle?mini=true&#038;title=Gobierno%20env%C3%ADa%20proyecto%20del%20tercero%20retiro%20y%20recuperaci%C3%B3n%20de%20los%20ahorros%20previsionales&#038;url=https:\/\/radiorevelacionfm.cl\/?p=3528' aria-hidden='false' data-av_icon='\ue8fc' data-av_iconfont='entypo-fontello' title='' data-avia-related-tooltip='Compartir en LinkedIn' rel=\"noopener\"><span class='avia_hidden_link_text'>Compartir en LinkedIn<\/span><\/a><\/li><li class='av-share-link av-social-link-mail' ><a  aria-label=\"Compartir por correo\" href='mailto:?subject=Gobierno%20env%C3%ADa%20proyecto%20del%20tercero%20retiro%20y%20recuperaci%C3%B3n%20de%20los%20ahorros%20previsionales&#038;body=https:\/\/radiorevelacionfm.cl\/?p=3528' aria-hidden='false' data-av_icon='\ue805' data-av_iconfont='entypo-fontello' title='' data-avia-related-tooltip='Compartir por correo'><span class='avia_hidden_link_text'>Compartir por correo<\/span><\/a><\/li><\/ul><\/div><\/div>\n<div  style='height:50px' class='hr hr-invisible   avia-builder-el-8  el_after_av_social_share  el_before_av_comments_list '><span class='hr-inner ' ><span class='hr-inner-style'><\/span><\/span><\/div>\n<div  class='av-buildercomment  av-blog-meta-html-info-disabled av-blog-meta-tag-disabled  '><\/div>\n","protected":false},"excerpt":{"rendered":"","protected":false},"author":1,"featured_media":0,"comment_status":"open","ping_status":"open","sticky":false,"template":"","format":"standard","meta":{"footnotes":""},"categories":[38],"tags":[],"class_list":["post-3528","post","type-post","status-publish","format-standard","hentry","category-regional"],"jetpack_featured_media_url":"","_links":{"self":[{"href":"https:\/\/radiorevelacionfm.cl\/index.php?rest_route=\/wp\/v2\/posts\/3528","targetHints":{"allow":["GET"]}}],"collection":[{"href":"https:\/\/radiorevelacionfm.cl\/index.php?rest_route=\/wp\/v2\/posts"}],"about":[{"href":"https:\/\/radiorevelacionfm.cl\/index.php?rest_route=\/wp\/v2\/types\/post"}],"author":[{"embeddable":true,"href":"https:\/\/radiorevelacionfm.cl\/index.php?rest_route=\/wp\/v2\/users\/1"}],"replies":[{"embeddable":true,"href":"https:\/\/radiorevelacionfm.cl\/index.php?rest_route=%2Fwp%2Fv2%2Fcomments&post=3528"}],"version-history":[{"count":1,"href":"https:\/\/radiorevelacionfm.cl\/index.php?rest_route=\/wp\/v2\/posts\/3528\/revisions"}],"predecessor-version":[{"id":3530,"href":"https:\/\/radiorevelacionfm.cl\/index.php?rest_route=\/wp\/v2\/posts\/3528\/revisions\/3530"}],"wp:attachment":[{"href":"https:\/\/radiorevelacionfm.cl\/index.php?rest_route=%2Fwp%2Fv2%2Fmedia&parent=3528"}],"wp:term":[{"taxonomy":"category","embeddable":true,"href":"https:\/\/radiorevelacionfm.cl\/index.php?rest_route=%2Fwp%2Fv2%2Fcategories&post=3528"},{"taxonomy":"post_tag","embeddable":true,"href":"https:\/\/radiorevelacionfm.cl\/index.php?rest_route=%2Fwp%2Fv2%2Ftags&post=3528"}],"curies":[{"name":"wp","href":"https:\/\/api.w.org\/{rel}","templated":true}]}}