{"id":35276,"date":"2023-09-25T17:38:29","date_gmt":"2023-09-25T20:38:29","guid":{"rendered":"https:\/\/radiorevelacionfm.cl\/?p=35276"},"modified":"2023-09-25T17:38:29","modified_gmt":"2023-09-25T20:38:29","slug":"a-520-se-eleva-el-registro-de-deudores-por-pension-de-alimentos-en-la-region-de-aysen","status":"publish","type":"post","link":"https:\/\/radiorevelacionfm.cl\/?p=35276","title":{"rendered":"A 520 se eleva el registro de deudores por pensi\u00f3n de alimentos en la regi\u00f3n de Ays\u00e9n"},"content":{"rendered":"<div class=\"flex_column av_one_full  flex_column_div av-zero-column-padding first  avia-builder-el-0  el_before_av_one_full  avia-builder-el-first  \" style='border-radius:0px; '><div  class='avia-image-container  av-styling-    avia-builder-el-1  avia-builder-el-no-sibling  avia-align-center '  itemprop=\"image\" itemscope=\"itemscope\" itemtype=\"https:\/\/schema.org\/ImageObject\"  ><div class='avia-image-container-inner'><div class='avia-image-overlay-wrap'><img decoding=\"async\" class='wp-image-3890 avia-img-lazy-loading-not-3890 avia_image' src=\"https:\/\/radiorevelacionfm.cl\/wp-content\/uploads\/2021\/05\/Billetes2-1-1.jpg\" alt='' title='Billetes2 (1) (1)' height=\"600\" width=\"840\"  itemprop=\"thumbnailUrl\" srcset=\"https:\/\/radiorevelacionfm.cl\/wp-content\/uploads\/2021\/05\/Billetes2-1-1.jpg 840w, https:\/\/radiorevelacionfm.cl\/wp-content\/uploads\/2021\/05\/Billetes2-1-1-300x214.jpg 300w, https:\/\/radiorevelacionfm.cl\/wp-content\/uploads\/2021\/05\/Billetes2-1-1-768x549.jpg 768w, https:\/\/radiorevelacionfm.cl\/wp-content\/uploads\/2021\/05\/Billetes2-1-1-260x185.jpg 260w, https:\/\/radiorevelacionfm.cl\/wp-content\/uploads\/2021\/05\/Billetes2-1-1-705x504.jpg 705w, https:\/\/radiorevelacionfm.cl\/wp-content\/uploads\/2021\/05\/Billetes2-1-1-600x429.jpg 600w\" sizes=\"(max-width: 840px) 100vw, 840px\" \/><\/div><\/div><\/div><\/div><div class=\"flex_column av_one_full  flex_column_div av-zero-column-padding first  avia-builder-el-2  el_after_av_one_full  el_before_av_one_full  column-top-margin\" style='border-radius:0px; '><section class=\"av_textblock_section \"  itemscope=\"itemscope\" itemtype=\"https:\/\/schema.org\/BlogPosting\" itemprop=\"blogPost\" ><div class='avia_textblock  '   itemprop=\"text\" ><p style=\"text-align: center;\"><strong><span style=\"font-size: 18pt;\">A 520 se eleva el registro de deudores por pensi\u00f3n de alimentos en la regi\u00f3n de Ays\u00e9n <\/span><\/strong><\/p>\n<div id=\"gtx-trans\" style=\"position: absolute; left: -50px; top: 4.31534px;\">\n<div class=\"gtx-trans-icon\"><\/div>\n<\/div>\n<\/div><\/section><\/div><div class=\"flex_column av_one_full  flex_column_div av-zero-column-padding first  avia-builder-el-4  el_after_av_one_full  el_before_av_hr  column-top-margin\" style='border-radius:0px; '><section class=\"av_textblock_section \"  itemscope=\"itemscope\" itemtype=\"https:\/\/schema.org\/BlogPosting\" itemprop=\"blogPost\" ><div class='avia_textblock  '   itemprop=\"text\" ><p style=\"text-align: justify;\"><em>Ingresaron 150 personas m\u00e1s al Registro Nacional de Deudores de Pensiones de Alimentos,<\/em><em>\u00a0en junio pasado la cifra alcanzaba las 370 personas a nivel regional.<\/em><\/p>\n<p style=\"text-align: justify;\">A once meses de la entrada en vigencia de la ley que crea el Registro Nacional de Deudores de Pensiones de Alimentos en la regi\u00f3n de Ays\u00e9n, actualmente son 520 personas las que se encuentran en este registro, siendo de ellas 498 hombres y 22 mujeres, seg\u00fan las cifras entregadas recientemente por el Registro Civil.<\/p>\n<p style=\"text-align: justify;\">El Seremi de Justicia y Derechos Humanos, Samuel Navarro Castro explic\u00f3 que \u201cen este caso vemos que la comparaci\u00f3n entre las cifras que ten\u00edamos el mes de junio pasado con septiembre de este a\u00f1o que a\u00fan no concluye, ha aumentado significativamente desde los 370 a los 520 deudores, eso implica que el registro sigue dando muestras de este crecimiento, esperamos que ya entre en r\u00e9gimen una vez que concluya el primer a\u00f1o de funcionamiento, pero tambi\u00e9n da cuenta de una visibilizaci\u00f3n de un fen\u00f3meno que estaba un poco escondido de cuanto era lo que se deb\u00eda, a quienes se deb\u00eda y llama la atenci\u00f3n de las cifras que corresponden a nivel nacional, que al mes de septiembre registramos \u00a0520 deudores, y que un porcentaje significativo corresponda al Juzgado de Letras y Garant\u00eda de Puerto Ays\u00e9n, es decir a la comuna de Ays\u00e9n, por lo tanto ah\u00ed hay un fen\u00f3meno que ser\u00eda interesante estudiar y conocerlo m\u00e1s en detalle\u201d.<\/p>\n<p style=\"text-align: justify;\">Se\u00f1alar que ingresan al registro quienes adeuden tres meses continuos sin pagar pensi\u00f3n o 5 meses discontinuos, en tanto mantenerse en este registro no solo es un dato estad\u00edstico, sino que imposibilita la realizaci\u00f3n de diversos tr\u00e1mites entre ellos la renovaci\u00f3n de licencias de conducir, obtenci\u00f3n de pasaporte, y si est\u00e1 tramitando un cr\u00e9dito en alguna entidad financiera sobre las 50 UF, la deuda de alimentos va a ser descontada de este pr\u00e9stamo, y as\u00ed una serie de otras restricciones.<\/p>\n<p style=\"text-align: justify;\">En tanto, Samuel Navarro se refiri\u00f3 a la cifra adeudada hasta el 22 de septiembre pasado indicando que \u201ca nivel regional quienes se encuentran en el registro, mantienen una deuda superior a los 550 millones de pesos, y que corresponde a alimentos que se le adeudan a 665 ni\u00f1os, ni\u00f1as y adolescentes\u201d.<\/p>\n<p style=\"text-align: justify;\">Finalmente, cabe mencionar que a nivel nacional el registro alcanza a las 147 mil personas, mientras que la deuda que mantienen supera los 98 mil millones de pesos.<\/p>\n<\/div><\/section><\/div><div  style='height:50px' class='hr hr-invisible   avia-builder-el-6  el_after_av_one_full  el_before_av_social_share '><span class='hr-inner ' ><span class='hr-inner-style'><\/span><\/span><\/div><\/p>\n<div  class='av-social-sharing-box  avia-builder-el-7  el_after_av_hr  el_before_av_hr  '><div class='av-share-box'><h5 class='av-share-link-description av-no-toc '>Compartir esta noticia<\/h5><ul class='av-share-box-list noLightbox'><li class='av-share-link av-social-link-facebook' ><a target=\"_blank\" aria-label=\"Compartir en Facebook\" href='https:\/\/www.facebook.com\/sharer.php?u=https:\/\/radiorevelacionfm.cl\/?p=35276&#038;t=A%20520%20se%20eleva%20el%20registro%20de%20deudores%20por%20pensi%C3%B3n%20de%20alimentos%20en%20la%20regi%C3%B3n%20de%20Ays%C3%A9n' aria-hidden='false' data-av_icon='\ue8f3' data-av_iconfont='entypo-fontello' title='' data-avia-related-tooltip='Compartir en Facebook' rel=\"noopener\"><span class='avia_hidden_link_text'>Compartir en Facebook<\/span><\/a><\/li><li class='av-share-link av-social-link-twitter' ><a target=\"_blank\" aria-label=\"Compartir en Twitter\" href='https:\/\/twitter.com\/share?text=A%20520%20se%20eleva%20el%20registro%20de%20deudores%20por%20pensi%C3%B3n%20de%20alimentos%20en%20la%20regi%C3%B3n%20de%20Ays%C3%A9n&#038;url=https:\/\/radiorevelacionfm.cl\/?p=35276' aria-hidden='false' data-av_icon='\ue8f1' data-av_iconfont='entypo-fontello' title='' data-avia-related-tooltip='Compartir en Twitter' rel=\"noopener\"><span class='avia_hidden_link_text'>Compartir en Twitter<\/span><\/a><\/li><li class='av-share-link av-social-link-whatsapp' ><a target=\"_blank\" aria-label=\"Compartir en Whatsapp\" href='https:\/\/api.whatsapp.com\/send?text=https:\/\/radiorevelacionfm.cl\/?p=35276' aria-hidden='false' data-av_icon='\uf232' data-av_iconfont='entypo-fontello' title='' data-avia-related-tooltip='Compartir en Whatsapp' rel=\"noopener\"><span class='avia_hidden_link_text'>Compartir en Whatsapp<\/span><\/a><\/li><li class='av-share-link av-social-link-linkedin' ><a target=\"_blank\" aria-label=\"Compartir en LinkedIn\" href='https:\/\/linkedin.com\/shareArticle?mini=true&#038;title=A%20520%20se%20eleva%20el%20registro%20de%20deudores%20por%20pensi%C3%B3n%20de%20alimentos%20en%20la%20regi%C3%B3n%20de%20Ays%C3%A9n&#038;url=https:\/\/radiorevelacionfm.cl\/?p=35276' aria-hidden='false' data-av_icon='\ue8fc' data-av_iconfont='entypo-fontello' title='' data-avia-related-tooltip='Compartir en LinkedIn' rel=\"noopener\"><span class='avia_hidden_link_text'>Compartir en LinkedIn<\/span><\/a><\/li><li class='av-share-link av-social-link-mail' ><a  aria-label=\"Compartir por correo\" href='mailto:?subject=A%20520%20se%20eleva%20el%20registro%20de%20deudores%20por%20pensi%C3%B3n%20de%20alimentos%20en%20la%20regi%C3%B3n%20de%20Ays%C3%A9n&#038;body=https:\/\/radiorevelacionfm.cl\/?p=35276' aria-hidden='false' data-av_icon='\ue805' data-av_iconfont='entypo-fontello' title='' data-avia-related-tooltip='Compartir por correo'><span class='avia_hidden_link_text'>Compartir por correo<\/span><\/a><\/li><\/ul><\/div><\/div>\n<div  style='height:50px' class='hr hr-invisible   avia-builder-el-8  el_after_av_social_share  el_before_av_comments_list '><span class='hr-inner ' ><span class='hr-inner-style'><\/span><\/span><\/div>\n<div  class='av-buildercomment  av-blog-meta-html-info-disabled av-blog-meta-tag-disabled  '><\/div>\n","protected":false},"excerpt":{"rendered":"","protected":false},"author":1,"featured_media":3890,"comment_status":"open","ping_status":"open","sticky":false,"template":"","format":"standard","meta":{"footnotes":""},"categories":[38],"tags":[],"class_list":["post-35276","post","type-post","status-publish","format-standard","has-post-thumbnail","hentry","category-regional"],"jetpack_featured_media_url":"https:\/\/radiorevelacionfm.cl\/wp-content\/uploads\/2021\/05\/Billetes2-1-1.jpg","_links":{"self":[{"href":"https:\/\/radiorevelacionfm.cl\/index.php?rest_route=\/wp\/v2\/posts\/35276","targetHints":{"allow":["GET"]}}],"collection":[{"href":"https:\/\/radiorevelacionfm.cl\/index.php?rest_route=\/wp\/v2\/posts"}],"about":[{"href":"https:\/\/radiorevelacionfm.cl\/index.php?rest_route=\/wp\/v2\/types\/post"}],"author":[{"embeddable":true,"href":"https:\/\/radiorevelacionfm.cl\/index.php?rest_route=\/wp\/v2\/users\/1"}],"replies":[{"embeddable":true,"href":"https:\/\/radiorevelacionfm.cl\/index.php?rest_route=%2Fwp%2Fv2%2Fcomments&post=35276"}],"version-history":[{"count":1,"href":"https:\/\/radiorevelacionfm.cl\/index.php?rest_route=\/wp\/v2\/posts\/35276\/revisions"}],"predecessor-version":[{"id":35277,"href":"https:\/\/radiorevelacionfm.cl\/index.php?rest_route=\/wp\/v2\/posts\/35276\/revisions\/35277"}],"wp:featuredmedia":[{"embeddable":true,"href":"https:\/\/radiorevelacionfm.cl\/index.php?rest_route=\/wp\/v2\/media\/3890"}],"wp:attachment":[{"href":"https:\/\/radiorevelacionfm.cl\/index.php?rest_route=%2Fwp%2Fv2%2Fmedia&parent=35276"}],"wp:term":[{"taxonomy":"category","embeddable":true,"href":"https:\/\/radiorevelacionfm.cl\/index.php?rest_route=%2Fwp%2Fv2%2Fcategories&post=35276"},{"taxonomy":"post_tag","embeddable":true,"href":"https:\/\/radiorevelacionfm.cl\/index.php?rest_route=%2Fwp%2Fv2%2Ftags&post=35276"}],"curies":[{"name":"wp","href":"https:\/\/api.w.org\/{rel}","templated":true}]}}