{"id":35273,"date":"2023-09-25T15:37:42","date_gmt":"2023-09-25T18:37:42","guid":{"rendered":"https:\/\/radiorevelacionfm.cl\/?p=35273"},"modified":"2023-09-25T15:37:42","modified_gmt":"2023-09-25T18:37:42","slug":"abren-convocatoria-a-pymes-para-vender-en-marketplaces-internacionales-y-locales","status":"publish","type":"post","link":"https:\/\/radiorevelacionfm.cl\/?p=35273","title":{"rendered":"Abren convocatoria a Pymes para vender en marketplaces internacionales y locales"},"content":{"rendered":"<div class=\"flex_column av_one_full  flex_column_div av-zero-column-padding first  avia-builder-el-0  el_before_av_one_full  avia-builder-el-first  \" style='border-radius:0px; '><div  class='avia-image-container  av-styling-    avia-builder-el-1  avia-builder-el-no-sibling  avia-align-center '  itemprop=\"image\" itemscope=\"itemscope\" itemtype=\"https:\/\/schema.org\/ImageObject\"  ><div class='avia-image-container-inner'><div class='avia-image-overlay-wrap'><img decoding=\"async\" class='wp-image-35274 avia-img-lazy-loading-not-35274 avia_image' src=\"https:\/\/radiorevelacionfm.cl\/wp-content\/uploads\/2023\/09\/bannerpymesglobales-1-1.jpg\" alt='' title='bannerpymesglobales (1) (1)' height=\"600\" width=\"1056\"  itemprop=\"thumbnailUrl\" srcset=\"https:\/\/radiorevelacionfm.cl\/wp-content\/uploads\/2023\/09\/bannerpymesglobales-1-1.jpg 1056w, https:\/\/radiorevelacionfm.cl\/wp-content\/uploads\/2023\/09\/bannerpymesglobales-1-1-300x170.jpg 300w, https:\/\/radiorevelacionfm.cl\/wp-content\/uploads\/2023\/09\/bannerpymesglobales-1-1-1030x585.jpg 1030w, https:\/\/radiorevelacionfm.cl\/wp-content\/uploads\/2023\/09\/bannerpymesglobales-1-1-768x436.jpg 768w, https:\/\/radiorevelacionfm.cl\/wp-content\/uploads\/2023\/09\/bannerpymesglobales-1-1-705x401.jpg 705w, https:\/\/radiorevelacionfm.cl\/wp-content\/uploads\/2023\/09\/bannerpymesglobales-1-1-450x256.jpg 450w, https:\/\/radiorevelacionfm.cl\/wp-content\/uploads\/2023\/09\/bannerpymesglobales-1-1-600x341.jpg 600w\" sizes=\"(max-width: 1056px) 100vw, 1056px\" \/><\/div><\/div><\/div><\/div><div class=\"flex_column av_one_full  flex_column_div av-zero-column-padding first  avia-builder-el-2  el_after_av_one_full  el_before_av_one_full  column-top-margin\" style='border-radius:0px; '><section class=\"av_textblock_section \"  itemscope=\"itemscope\" itemtype=\"https:\/\/schema.org\/BlogPosting\" itemprop=\"blogPost\" ><div class='avia_textblock  '   itemprop=\"text\" ><p style=\"text-align: center;\"><strong><span style=\"font-size: 18pt;\">Abren convocatoria a Pymes para vender en marketplaces internacionales y locales<\/span><\/strong><\/p>\n<div id=\"gtx-trans\" style=\"position: absolute; left: -50px; top: 4.31534px;\">\n<div class=\"gtx-trans-icon\"><\/div>\n<\/div>\n<\/div><\/section><\/div><div class=\"flex_column av_one_full  flex_column_div av-zero-column-padding first  avia-builder-el-4  el_after_av_one_full  el_before_av_hr  column-top-margin\" style='border-radius:0px; '><section class=\"av_textblock_section \"  itemscope=\"itemscope\" itemtype=\"https:\/\/schema.org\/BlogPosting\" itemprop=\"blogPost\" ><div class='avia_textblock  '   itemprop=\"text\" ><p style=\"text-align: justify;\">El Ministerio de Econom\u00eda anunci\u00f3 la apertura del programa de Sercotec que busca facilitar el ingreso de micro y peque\u00f1as empresas a marketplaces, tanto nacionales como de alcance internacional, para fortalecer sus negocios ampliando sus canales de comercializaci\u00f3n.<\/p>\n<p style=\"text-align: justify;\">Se trata del programa Pymes Globales, donde las peque\u00f1as empresas, podr\u00e1n acceder a asesor\u00eda y asistencia t\u00e9cnica especializada para guiarlas durante su proceso de ingreso a las plataformas de comercio digital. Para esto la iniciativa cuenta con un presupuesto de 208 millones para apoyar el posicionamiento de 40 empresas en Marketplaces internacionales, como Amazon, Walmart o eBay, con miras a la exportaci\u00f3n de sus productos.<\/p>\n<p style=\"text-align: justify;\">La Directora Regional de Sercotec, Nelly Vargas se\u00f1al\u00f3 que \u201cEstamos muy contentos como Sercotec Regi\u00f3n de Ays\u00e9n, de estar haciendo el lanzamiento de Pymes Globales. Nuestro compromiso como instituci\u00f3n en apoyar a las micro y peque\u00f1as empresas es constante y por lo mismo; sabemos que una de las principales dificultades para este ecosistema del emprendimiento es buscar nuevos canales de comercializaci\u00f3n. Por tanto; este programa busca ir disminuyendo las brechas y que las Mypes cuenten con mayores herramientas para encontrar nuevas oportunidades en mercados internacionales. Este programa entregar\u00e1 una asesor\u00eda por 10 meses donde se desarrollar\u00e1 un diagn\u00f3stico del potencial exportador del negocio y se trabajar\u00e1 en un plan de trabajo para buscar posicionar el negocio en mercados internacionales\u201d.<\/p>\n<p style=\"text-align: justify;\">Por su parte el Seremi de Econom\u00eda; Felipe Rojas Pizarro, puntualiz\u00f3 que: \u201cPara el Gobierno del Presidente Gabriel Boric, resulta muy importante el crecimiento econ\u00f3mico y el desarrollo de las empresas, sobre todo en territorios como el nuestro. Para nosotros, es de alt\u00edsima importancia que las empresas accedan a otros mercados, ya sean nacionales o globales, en este caso el programa Pymes Globales apunta a que nuestras mypes, avancen robustamente en comercializar e internacionalizar sus ventas. Uno de los componentes de las mypes debe ser abrir nuevos canales de comercializaci\u00f3n y este espacio es una gran oportunidad para aquello. Desde el Gobierno acompa\u00f1amos a los y las emprendedoras, para lograr un mayor desarrollo sustentable y sostenido en el tiempo en una regi\u00f3n como Ays\u00e9n\u201d<\/p>\n<p style=\"text-align: justify;\">Por su parte Jaime Poblete, Director Regional de ProChile enfatiz\u00f3 que \u201cUn programa como Pymes Globales, es un inmenso aporte al desarrollo de las empresas locales, particularmente para las m\u00e1s peque\u00f1as. En el escenario actual se hace fundamental alfabetizar y asesorar en todo el proceso para lograr utilizar correctamente las herramientas del E-Commerce y canales de venta digital, abriendo otros mercados, ciertamente m\u00e1s grandes, con un costo much\u00edsimo menor de los que una pyme podr\u00eda generar al tener que poseer una tienda f\u00edsica y contratar personas, lo que har\u00eda crecer los costos fijos que probablemente algunas pymes no podr\u00edan sostener. Como programa nos parece un gran aporte ya que nuestro mercado es peque\u00f1o y esto ayuda a salir de nuestro territorio, e incluso a otras latitudes que es la mirada y proyecci\u00f3n de Prochile\u201d.<\/p>\n<p style=\"text-align: justify;\">En Pymes Globales quienes resulten seleccionados y seleccionadas acceder\u00e1n a asesor\u00eda durante 10 meses, lapso en el cual se desarrollar\u00e1 un diagn\u00f3stico del potencial exportador del negocio y un plan de trabajo; contar\u00e1n con asistencia t\u00e9cnica en materias de packaging espec\u00edfico, regulaciones en los mercados de destino, an\u00e1lisis de productos y gesti\u00f3n de inventarios, adem\u00e1s de contar con talleres sobre comercio electr\u00f3nico, log\u00edstica, marketing digital y coaching sobre funcionamiento de los marketplaces. Junto con ello, se contempla la elaboraci\u00f3n de video y fotos profesionales para promoci\u00f3n y difusi\u00f3n.<\/p>\n<p style=\"text-align: justify;\">Para esta convocatoria pueden postular empresas y cooperativas con inicio de actividades en primera categor\u00eda ante el Servicio de Impuestos Internos y ventas anuales de entre 200 y 25.000 UF. En el caso de las cooperativas, esto se calcula con el monto de las ventas totales de la cooperativa dividido por el n\u00famero de asociados. Las empresas postulantes deben elaborar o manufacturar productos de forma serial y registrar una venta anual m\u00ednima de 50 unidades por producto. Tambi\u00e9n se debe considerar que cada empresa beneficiaria deber\u00e1 realizar un aporte \u00a0\u00a0\u00a0empresarial de $600 mil.<\/p>\n<p style=\"text-align: justify;\">Las postulaciones est\u00e1n abiertas hasta el 17 de octubre de 2023 y se realizan a trav\u00e9s del sitio web <a href=\"http:\/\/www.sercotec.cl\/\">www.sercotec.cl<\/a><\/p>\n<\/div><\/section><\/div><div  style='height:50px' class='hr hr-invisible   avia-builder-el-6  el_after_av_one_full  el_before_av_social_share '><span class='hr-inner ' ><span class='hr-inner-style'><\/span><\/span><\/div><\/p>\n<div  class='av-social-sharing-box  avia-builder-el-7  el_after_av_hr  el_before_av_hr  '><div class='av-share-box'><h5 class='av-share-link-description av-no-toc '>Compartir esta noticia<\/h5><ul class='av-share-box-list noLightbox'><li class='av-share-link av-social-link-facebook' ><a target=\"_blank\" aria-label=\"Compartir en Facebook\" href='https:\/\/www.facebook.com\/sharer.php?u=https:\/\/radiorevelacionfm.cl\/?p=35273&#038;t=Abren%20convocatoria%20a%20Pymes%20para%20vender%20en%20marketplaces%20internacionales%20y%20locales' aria-hidden='false' data-av_icon='\ue8f3' data-av_iconfont='entypo-fontello' title='' data-avia-related-tooltip='Compartir en Facebook' rel=\"noopener\"><span class='avia_hidden_link_text'>Compartir en Facebook<\/span><\/a><\/li><li class='av-share-link av-social-link-twitter' ><a target=\"_blank\" aria-label=\"Compartir en Twitter\" href='https:\/\/twitter.com\/share?text=Abren%20convocatoria%20a%20Pymes%20para%20vender%20en%20marketplaces%20internacionales%20y%20locales&#038;url=https:\/\/radiorevelacionfm.cl\/?p=35273' aria-hidden='false' data-av_icon='\ue8f1' data-av_iconfont='entypo-fontello' title='' data-avia-related-tooltip='Compartir en Twitter' rel=\"noopener\"><span class='avia_hidden_link_text'>Compartir en Twitter<\/span><\/a><\/li><li class='av-share-link av-social-link-whatsapp' ><a target=\"_blank\" aria-label=\"Compartir en Whatsapp\" href='https:\/\/api.whatsapp.com\/send?text=https:\/\/radiorevelacionfm.cl\/?p=35273' aria-hidden='false' data-av_icon='\uf232' data-av_iconfont='entypo-fontello' title='' data-avia-related-tooltip='Compartir en Whatsapp' rel=\"noopener\"><span class='avia_hidden_link_text'>Compartir en Whatsapp<\/span><\/a><\/li><li class='av-share-link av-social-link-linkedin' ><a target=\"_blank\" aria-label=\"Compartir en LinkedIn\" href='https:\/\/linkedin.com\/shareArticle?mini=true&#038;title=Abren%20convocatoria%20a%20Pymes%20para%20vender%20en%20marketplaces%20internacionales%20y%20locales&#038;url=https:\/\/radiorevelacionfm.cl\/?p=35273' aria-hidden='false' data-av_icon='\ue8fc' data-av_iconfont='entypo-fontello' title='' data-avia-related-tooltip='Compartir en LinkedIn' rel=\"noopener\"><span class='avia_hidden_link_text'>Compartir en LinkedIn<\/span><\/a><\/li><li class='av-share-link av-social-link-mail' ><a  aria-label=\"Compartir por correo\" href='mailto:?subject=Abren%20convocatoria%20a%20Pymes%20para%20vender%20en%20marketplaces%20internacionales%20y%20locales&#038;body=https:\/\/radiorevelacionfm.cl\/?p=35273' aria-hidden='false' data-av_icon='\ue805' data-av_iconfont='entypo-fontello' title='' data-avia-related-tooltip='Compartir por correo'><span class='avia_hidden_link_text'>Compartir por correo<\/span><\/a><\/li><\/ul><\/div><\/div>\n<div  style='height:50px' class='hr hr-invisible   avia-builder-el-8  el_after_av_social_share  el_before_av_comments_list '><span class='hr-inner ' ><span class='hr-inner-style'><\/span><\/span><\/div>\n<div  class='av-buildercomment  av-blog-meta-html-info-disabled av-blog-meta-tag-disabled  '><\/div>\n","protected":false},"excerpt":{"rendered":"","protected":false},"author":1,"featured_media":35274,"comment_status":"open","ping_status":"open","sticky":false,"template":"","format":"standard","meta":{"footnotes":""},"categories":[38],"tags":[],"class_list":["post-35273","post","type-post","status-publish","format-standard","has-post-thumbnail","hentry","category-regional"],"jetpack_featured_media_url":"https:\/\/radiorevelacionfm.cl\/wp-content\/uploads\/2023\/09\/bannerpymesglobales-1-1.jpg","_links":{"self":[{"href":"https:\/\/radiorevelacionfm.cl\/index.php?rest_route=\/wp\/v2\/posts\/35273","targetHints":{"allow":["GET"]}}],"collection":[{"href":"https:\/\/radiorevelacionfm.cl\/index.php?rest_route=\/wp\/v2\/posts"}],"about":[{"href":"https:\/\/radiorevelacionfm.cl\/index.php?rest_route=\/wp\/v2\/types\/post"}],"author":[{"embeddable":true,"href":"https:\/\/radiorevelacionfm.cl\/index.php?rest_route=\/wp\/v2\/users\/1"}],"replies":[{"embeddable":true,"href":"https:\/\/radiorevelacionfm.cl\/index.php?rest_route=%2Fwp%2Fv2%2Fcomments&post=35273"}],"version-history":[{"count":1,"href":"https:\/\/radiorevelacionfm.cl\/index.php?rest_route=\/wp\/v2\/posts\/35273\/revisions"}],"predecessor-version":[{"id":35275,"href":"https:\/\/radiorevelacionfm.cl\/index.php?rest_route=\/wp\/v2\/posts\/35273\/revisions\/35275"}],"wp:featuredmedia":[{"embeddable":true,"href":"https:\/\/radiorevelacionfm.cl\/index.php?rest_route=\/wp\/v2\/media\/35274"}],"wp:attachment":[{"href":"https:\/\/radiorevelacionfm.cl\/index.php?rest_route=%2Fwp%2Fv2%2Fmedia&parent=35273"}],"wp:term":[{"taxonomy":"category","embeddable":true,"href":"https:\/\/radiorevelacionfm.cl\/index.php?rest_route=%2Fwp%2Fv2%2Fcategories&post=35273"},{"taxonomy":"post_tag","embeddable":true,"href":"https:\/\/radiorevelacionfm.cl\/index.php?rest_route=%2Fwp%2Fv2%2Ftags&post=35273"}],"curies":[{"name":"wp","href":"https:\/\/api.w.org\/{rel}","templated":true}]}}