{"id":35267,"date":"2023-09-24T21:56:11","date_gmt":"2023-09-25T00:56:11","guid":{"rendered":"https:\/\/radiorevelacionfm.cl\/?p=35267"},"modified":"2023-09-24T21:56:11","modified_gmt":"2023-09-25T00:56:11","slug":"detienen-a-tres-sujetos-por-brutal-agresion-a-un-hombre-de-32-anos-en-puerto-cisnes","status":"publish","type":"post","link":"https:\/\/radiorevelacionfm.cl\/?p=35267","title":{"rendered":"Detienen a tres sujetos por brutal agresi\u00f3n a un hombre de 32 a\u00f1os en Puerto Cisnes"},"content":{"rendered":"<div class=\"flex_column av_one_full  flex_column_div av-zero-column-padding first  avia-builder-el-0  el_before_av_one_full  avia-builder-el-first  \" style='border-radius:0px; '><div  class='avia-image-container  av-styling-    avia-builder-el-1  avia-builder-el-no-sibling  avia-align-center '  itemprop=\"image\" itemscope=\"itemscope\" itemtype=\"https:\/\/schema.org\/ImageObject\"  ><div class='avia-image-container-inner'><div class='avia-image-overlay-wrap'><img decoding=\"async\" class='wp-image-35268 avia-img-lazy-loading-not-35268 avia_image' src=\"https:\/\/radiorevelacionfm.cl\/wp-content\/uploads\/2023\/09\/Evidencia-Cisnes-24.09.23-1-1.jpg\" alt='' title='Evidencia Cisnes 24.09.23 (1) (1)' height=\"600\" width=\"730\"  itemprop=\"thumbnailUrl\" srcset=\"https:\/\/radiorevelacionfm.cl\/wp-content\/uploads\/2023\/09\/Evidencia-Cisnes-24.09.23-1-1.jpg 730w, https:\/\/radiorevelacionfm.cl\/wp-content\/uploads\/2023\/09\/Evidencia-Cisnes-24.09.23-1-1-300x247.jpg 300w, https:\/\/radiorevelacionfm.cl\/wp-content\/uploads\/2023\/09\/Evidencia-Cisnes-24.09.23-1-1-705x579.jpg 705w, https:\/\/radiorevelacionfm.cl\/wp-content\/uploads\/2023\/09\/Evidencia-Cisnes-24.09.23-1-1-450x370.jpg 450w, https:\/\/radiorevelacionfm.cl\/wp-content\/uploads\/2023\/09\/Evidencia-Cisnes-24.09.23-1-1-600x493.jpg 600w\" sizes=\"(max-width: 730px) 100vw, 730px\" \/><\/div><\/div><\/div><\/div><div class=\"flex_column av_one_full  flex_column_div av-zero-column-padding first  avia-builder-el-2  el_after_av_one_full  el_before_av_one_full  column-top-margin\" style='border-radius:0px; '><section class=\"av_textblock_section \"  itemscope=\"itemscope\" itemtype=\"https:\/\/schema.org\/BlogPosting\" itemprop=\"blogPost\" ><div class='avia_textblock  '   itemprop=\"text\" ><p style=\"text-align: center;\"><strong><span style=\"font-size: 18pt;\">Detienen a tres sujetos por brutal agresi\u00f3n a un hombre de 32 a\u00f1os en Puerto Cisnes<\/span><\/strong><\/p>\n<div id=\"gtx-trans\" style=\"position: absolute; left: -50px; top: 4.31534px;\">\n<div class=\"gtx-trans-icon\"><\/div>\n<\/div>\n<\/div><\/section><\/div><div class=\"flex_column av_one_full  flex_column_div av-zero-column-padding first  avia-builder-el-4  el_after_av_one_full  el_before_av_hr  column-top-margin\" style='border-radius:0px; '><section class=\"av_textblock_section \"  itemscope=\"itemscope\" itemtype=\"https:\/\/schema.org\/BlogPosting\" itemprop=\"blogPost\" ><div class='avia_textblock  '   itemprop=\"text\" ><p style=\"text-align: justify;\"><em>Uno de los detenidos habr\u00eda grabado en un celular todo el ataque, aparato que fue incautado por los funcionarios policiales.<\/em><\/p>\n<p style=\"text-align: justify;\">Esposado y gravemente herido lleg\u00f3 hasta el hospital de Puerto Cisnes un hombre de 32 a\u00f1os, quien, a pocas cuadras de su casa, en un sector llamado 2 Lagunas, en la periferia de la localidad, fue atacado brutalmente y con diversos elementos por otros tres sujetos, incluso uno de los agresores habr\u00eda registrado toda la golpiza en su tel\u00e9fono celular, la que ser\u00eda evidencia fundamental en la investigaci\u00f3n.<\/p>\n<p style=\"text-align: justify;\">Los Carabineros fueron alertados de este hecho desde el principal recinto asistencial de la comuna, dando inicio inmediatamente a las primeras diligencias. Tal como lo inform\u00f3 el Subcomisario, Teniente Ricardo Mendoza Valenzuela.<\/p>\n<p style=\"text-align: justify;\">\u00abEsto comienza el d\u00eda viernes pasado, donde desde el hospital de Puerto Cisnes, ingresa una persona que hab\u00eda sido lesionada gravemente y lleg\u00f3 esposada al recinto hospitalario, por lo que, Carabineros acudi\u00f3 en primera instancia a verificar el tema de las lesiones y realizar indagaciones para poder esclarecer este hecho. Posteriormente, en el transcurso de la tarde y a trav\u00e9s de las mismas declaraciones de la v\u00edctima, se logr\u00f3 establecer la identidad de tres sujetos que hab\u00edan participado de este il\u00edcito, donde en el transcurso de la ma\u00f1ana, habr\u00edan llevado a esta persona cerca de su casa a un sitio eriazo, lo habr\u00edan esposado y posteriormente le habr\u00edan propinado una serie de golpes, caus\u00e1ndole lesiones graves\u00bb.<\/p>\n<p style=\"text-align: justify;\">Con los primeros antecedentes en su poder y la identidad de quienes ser\u00edan los agresores, \u00abCarabineros realiz\u00f3 las indagaciones y alrededor de las 17:30 horas se logra interceptar a estos sujetos, quienes se movilizaban en un veh\u00edculo color gris, una station wagon, donde se logra la detenci\u00f3n de estas personas (de 23, 26 y 33 a\u00f1os). Se logra establecer la identidad y la participaci\u00f3n de cada uno de ellos, ya que, lo hac\u00edan a rostro cubierto y portando elementos para cometer il\u00edcitos. En el hospital primero se incaut\u00f3 las esposas, ya que, la v\u00edctima ven\u00eda esposada en la espalda, esa fue la primera evidencia que nosotros manten\u00edamos, posteriormente en el transcurso de la tarde, se encontraron unas capuchas, pasamonta\u00f1as, que hab\u00edan ocupado estos sujetos en el il\u00edcito, como tambi\u00e9n, se encontr\u00f3 un hacha, una pistola a fogueo, un arma blanca y un garrote tipo fierro de alrededor de 60 cent\u00edmetros, donde seg\u00fan relata la v\u00edctima estos art\u00edculos habr\u00edan sido utilizados para propinarle las lesiones\u00bb.<\/p>\n<p style=\"text-align: justify;\">Respecto a que habr\u00eda originado la brutal agresi\u00f3n, el oficial de Carabineros, a\u00f1adi\u00f3 \u00abson diligencias que son materia de la investigaci\u00f3n, la Fiscal\u00eda instruy\u00f3 ampliar el control de la detenci\u00f3n hasta este d\u00eda martes, ya que, existen otras diligencias faltantes, donde se solicit\u00f3 realizar un rastreo m\u00e1s acabado del lugar donde fue la agresi\u00f3n a la v\u00edctima, como tambi\u00e9n, constatar lesiones en el Servicio M\u00e9dico Legal y otras hip\u00f3tesis que va a barajar posteriormente el Ministerio P\u00fablico\u00bb.<\/p>\n<p style=\"text-align: justify;\">Respecto a si la v\u00edctima ten\u00eda alg\u00fan parentesco o conoc\u00eda a alguno los imputados y si estos \u00faltimos contaban con antecedentes anteriores, el Teniente Ricardo Mendoza, inform\u00f3 \u00aben primera instancia y lo que relata la v\u00edctima, son conocidos de \u00e9l, son personas que las sindic\u00f3 con nombre y apellido, son todos hombres, mayores de edad, los sindica en el lugar de los hechos y que, al parecer, antes de poder concretar esta situaci\u00f3n, hab\u00eda sido contactado por uno de los agresores para poder juntarse, as\u00ed es que, se baraja tambi\u00e9n una premeditaci\u00f3n de este delito. Los imputados est\u00e1n detenidos desde el d\u00eda viernes en el Centro de Detenci\u00f3n Preventiva de Puerto Ays\u00e9n, en espera del nuevo control de la detenci\u00f3n, que va a ser este d\u00eda martes, conforme a los nuevos antecedentes que tiene que entregar la Secci\u00f3n de Investigaci\u00f3n Policial, que fue instruida por parte del Ministerio P\u00fablico. Dos de estas personas mantienen antecedentes, uno de ellos por los delitos de maltrato de obra a Carabineros, robo con violencia, lesiones leves, tambi\u00e9n delitos asociados a violencia intrafamiliar, otro de los sujetos tiene similares delitos anteriores, tambi\u00e9n un maltrato de obra a Carabineros y una orden vigente por un maltrato habitual en violencia intrafamiliar y un tercero no mantiene antecedentes\u00bb, puntualiz\u00f3.<\/p>\n<p>Fuente: El Divisadero<\/p>\n<\/div><\/section><\/div><div  style='height:50px' class='hr hr-invisible   avia-builder-el-6  el_after_av_one_full  el_before_av_social_share '><span class='hr-inner ' ><span class='hr-inner-style'><\/span><\/span><\/div><\/p>\n<div  class='av-social-sharing-box  avia-builder-el-7  el_after_av_hr  el_before_av_hr  '><div class='av-share-box'><h5 class='av-share-link-description av-no-toc '>Compartir esta noticia<\/h5><ul class='av-share-box-list noLightbox'><li class='av-share-link av-social-link-facebook' ><a target=\"_blank\" aria-label=\"Compartir en Facebook\" href='https:\/\/www.facebook.com\/sharer.php?u=https:\/\/radiorevelacionfm.cl\/?p=35267&#038;t=Detienen%20a%20tres%20sujetos%20por%20brutal%20agresi%C3%B3n%20a%20un%20hombre%20de%2032%20a%C3%B1os%20en%20Puerto%20Cisnes' aria-hidden='false' data-av_icon='\ue8f3' data-av_iconfont='entypo-fontello' title='' data-avia-related-tooltip='Compartir en Facebook' rel=\"noopener\"><span class='avia_hidden_link_text'>Compartir en Facebook<\/span><\/a><\/li><li class='av-share-link av-social-link-twitter' ><a target=\"_blank\" aria-label=\"Compartir en Twitter\" href='https:\/\/twitter.com\/share?text=Detienen%20a%20tres%20sujetos%20por%20brutal%20agresi%C3%B3n%20a%20un%20hombre%20de%2032%20a%C3%B1os%20en%20Puerto%20Cisnes&#038;url=https:\/\/radiorevelacionfm.cl\/?p=35267' aria-hidden='false' data-av_icon='\ue8f1' data-av_iconfont='entypo-fontello' title='' data-avia-related-tooltip='Compartir en Twitter' rel=\"noopener\"><span class='avia_hidden_link_text'>Compartir en Twitter<\/span><\/a><\/li><li class='av-share-link av-social-link-whatsapp' ><a target=\"_blank\" aria-label=\"Compartir en Whatsapp\" href='https:\/\/api.whatsapp.com\/send?text=https:\/\/radiorevelacionfm.cl\/?p=35267' aria-hidden='false' data-av_icon='\uf232' data-av_iconfont='entypo-fontello' title='' data-avia-related-tooltip='Compartir en Whatsapp' rel=\"noopener\"><span class='avia_hidden_link_text'>Compartir en Whatsapp<\/span><\/a><\/li><li class='av-share-link av-social-link-linkedin' ><a target=\"_blank\" aria-label=\"Compartir en LinkedIn\" href='https:\/\/linkedin.com\/shareArticle?mini=true&#038;title=Detienen%20a%20tres%20sujetos%20por%20brutal%20agresi%C3%B3n%20a%20un%20hombre%20de%2032%20a%C3%B1os%20en%20Puerto%20Cisnes&#038;url=https:\/\/radiorevelacionfm.cl\/?p=35267' aria-hidden='false' data-av_icon='\ue8fc' data-av_iconfont='entypo-fontello' title='' data-avia-related-tooltip='Compartir en LinkedIn' rel=\"noopener\"><span class='avia_hidden_link_text'>Compartir en LinkedIn<\/span><\/a><\/li><li class='av-share-link av-social-link-mail' ><a  aria-label=\"Compartir por correo\" href='mailto:?subject=Detienen%20a%20tres%20sujetos%20por%20brutal%20agresi%C3%B3n%20a%20un%20hombre%20de%2032%20a%C3%B1os%20en%20Puerto%20Cisnes&#038;body=https:\/\/radiorevelacionfm.cl\/?p=35267' aria-hidden='false' data-av_icon='\ue805' data-av_iconfont='entypo-fontello' title='' data-avia-related-tooltip='Compartir por correo'><span class='avia_hidden_link_text'>Compartir por correo<\/span><\/a><\/li><\/ul><\/div><\/div>\n<div  style='height:50px' class='hr hr-invisible   avia-builder-el-8  el_after_av_social_share  el_before_av_comments_list '><span class='hr-inner ' ><span class='hr-inner-style'><\/span><\/span><\/div>\n<div  class='av-buildercomment  av-blog-meta-html-info-disabled av-blog-meta-tag-disabled  '><\/div>\n","protected":false},"excerpt":{"rendered":"","protected":false},"author":1,"featured_media":35268,"comment_status":"open","ping_status":"open","sticky":false,"template":"","format":"standard","meta":{"footnotes":""},"categories":[36],"tags":[],"class_list":["post-35267","post","type-post","status-publish","format-standard","has-post-thumbnail","hentry","category-policial"],"jetpack_featured_media_url":"https:\/\/radiorevelacionfm.cl\/wp-content\/uploads\/2023\/09\/Evidencia-Cisnes-24.09.23-1-1.jpg","_links":{"self":[{"href":"https:\/\/radiorevelacionfm.cl\/index.php?rest_route=\/wp\/v2\/posts\/35267","targetHints":{"allow":["GET"]}}],"collection":[{"href":"https:\/\/radiorevelacionfm.cl\/index.php?rest_route=\/wp\/v2\/posts"}],"about":[{"href":"https:\/\/radiorevelacionfm.cl\/index.php?rest_route=\/wp\/v2\/types\/post"}],"author":[{"embeddable":true,"href":"https:\/\/radiorevelacionfm.cl\/index.php?rest_route=\/wp\/v2\/users\/1"}],"replies":[{"embeddable":true,"href":"https:\/\/radiorevelacionfm.cl\/index.php?rest_route=%2Fwp%2Fv2%2Fcomments&post=35267"}],"version-history":[{"count":2,"href":"https:\/\/radiorevelacionfm.cl\/index.php?rest_route=\/wp\/v2\/posts\/35267\/revisions"}],"predecessor-version":[{"id":35270,"href":"https:\/\/radiorevelacionfm.cl\/index.php?rest_route=\/wp\/v2\/posts\/35267\/revisions\/35270"}],"wp:featuredmedia":[{"embeddable":true,"href":"https:\/\/radiorevelacionfm.cl\/index.php?rest_route=\/wp\/v2\/media\/35268"}],"wp:attachment":[{"href":"https:\/\/radiorevelacionfm.cl\/index.php?rest_route=%2Fwp%2Fv2%2Fmedia&parent=35267"}],"wp:term":[{"taxonomy":"category","embeddable":true,"href":"https:\/\/radiorevelacionfm.cl\/index.php?rest_route=%2Fwp%2Fv2%2Fcategories&post=35267"},{"taxonomy":"post_tag","embeddable":true,"href":"https:\/\/radiorevelacionfm.cl\/index.php?rest_route=%2Fwp%2Fv2%2Ftags&post=35267"}],"curies":[{"name":"wp","href":"https:\/\/api.w.org\/{rel}","templated":true}]}}