{"id":35263,"date":"2023-09-25T10:12:49","date_gmt":"2023-09-25T13:12:49","guid":{"rendered":"https:\/\/radiorevelacionfm.cl\/?p=35263"},"modified":"2023-09-25T10:12:49","modified_gmt":"2023-09-25T13:12:49","slug":"invitan-a-comunidad-de-puerto-aysen-a-encuentro-por-la-reforma-de-pensiones-y-pacto-fiscal","status":"publish","type":"post","link":"https:\/\/radiorevelacionfm.cl\/?p=35263","title":{"rendered":"Invitan a comunidad de Puerto Ays\u00e9n a encuentro por la Reforma de Pensiones y Pacto Fiscal"},"content":{"rendered":"<div class=\"flex_column av_one_full  flex_column_div av-zero-column-padding first  avia-builder-el-0  el_before_av_one_full  avia-builder-el-first  \" style='border-radius:0px; '><div  class='avia-image-container  av-styling-    avia-builder-el-1  avia-builder-el-no-sibling  avia-align-center '  itemprop=\"image\" itemscope=\"itemscope\" itemtype=\"https:\/\/schema.org\/ImageObject\"  ><div class='avia-image-container-inner'><div class='avia-image-overlay-wrap'><img decoding=\"async\" class='wp-image-35264 avia-img-lazy-loading-not-35264 avia_image' src=\"https:\/\/radiorevelacionfm.cl\/wp-content\/uploads\/2023\/09\/Dialogo-Pensiones-y-Pacto-Fiscal-1-1-1.jpeg\" alt='' title='Dialogo Pensiones y Pacto Fiscal (1) (1) (1)' height=\"600\" width=\"745\"  itemprop=\"thumbnailUrl\" srcset=\"https:\/\/radiorevelacionfm.cl\/wp-content\/uploads\/2023\/09\/Dialogo-Pensiones-y-Pacto-Fiscal-1-1-1.jpeg 745w, https:\/\/radiorevelacionfm.cl\/wp-content\/uploads\/2023\/09\/Dialogo-Pensiones-y-Pacto-Fiscal-1-1-1-300x242.jpeg 300w, https:\/\/radiorevelacionfm.cl\/wp-content\/uploads\/2023\/09\/Dialogo-Pensiones-y-Pacto-Fiscal-1-1-1-495x400.jpeg 495w, https:\/\/radiorevelacionfm.cl\/wp-content\/uploads\/2023\/09\/Dialogo-Pensiones-y-Pacto-Fiscal-1-1-1-705x568.jpeg 705w, https:\/\/radiorevelacionfm.cl\/wp-content\/uploads\/2023\/09\/Dialogo-Pensiones-y-Pacto-Fiscal-1-1-1-450x362.jpeg 450w, https:\/\/radiorevelacionfm.cl\/wp-content\/uploads\/2023\/09\/Dialogo-Pensiones-y-Pacto-Fiscal-1-1-1-600x483.jpeg 600w\" sizes=\"(max-width: 745px) 100vw, 745px\" \/><\/div><\/div><\/div><\/div><div class=\"flex_column av_one_full  flex_column_div av-zero-column-padding first  avia-builder-el-2  el_after_av_one_full  el_before_av_one_full  column-top-margin\" style='border-radius:0px; '><section class=\"av_textblock_section \"  itemscope=\"itemscope\" itemtype=\"https:\/\/schema.org\/BlogPosting\" itemprop=\"blogPost\" ><div class='avia_textblock  '   itemprop=\"text\" ><p style=\"text-align: center;\"><strong><span style=\"font-size: 18pt;\">Invitan a comunidad de Puerto Ays\u00e9n a encuentro por la Reforma de Pensiones y Pacto Fiscal<\/span><\/strong><\/p>\n<div id=\"gtx-trans\" style=\"position: absolute; left: -50px; top: 4.31534px;\">\n<div class=\"gtx-trans-icon\"><\/div>\n<\/div>\n<\/div><\/section><\/div><div class=\"flex_column av_one_full  flex_column_div av-zero-column-padding first  avia-builder-el-4  el_after_av_one_full  el_before_av_hr  column-top-margin\" style='border-radius:0px; '><section class=\"av_textblock_section \"  itemscope=\"itemscope\" itemtype=\"https:\/\/schema.org\/BlogPosting\" itemprop=\"blogPost\" ><div class='avia_textblock  '   itemprop=\"text\" ><p style=\"text-align: justify;\">El Gobierno invita a un encuentro ciudadano con convocatoria abierta, con el prop\u00f3sito de dialogar e informar sobre las propuestas de la Reforma de Pensiones y el Pacto Fiscal.<\/p>\n<p style=\"text-align: justify;\">El encuentro en Puerto Ays\u00e9n comenzar\u00e1 con la presentaci\u00f3n sobre el proyecto de ley de la Reforma de Pensiones por parte del Seremi de Trabajo y Previsi\u00f3n Social, Rodrigo D\u00edaz Cordaro, continuando con la exposici\u00f3n del Seremi de Econom\u00eda, Fomento y Turismo, Felipe Rojas Pizarro, seguido por el conversatorio moderado por la Seremi de Gobierno, Tatiana Pl\u00e1 \u00c1lvarez.<\/p>\n<p style=\"text-align: justify;\">La actividad se desarrollar\u00e1 el martes 26 de septiembre 2023, a las 17:00 en el 1er piso de la Casa de la Cultura de Puerto Ays\u00e9n.<\/p>\n<\/div><\/section><\/div><div  style='height:50px' class='hr hr-invisible   avia-builder-el-6  el_after_av_one_full  el_before_av_social_share '><span class='hr-inner ' ><span class='hr-inner-style'><\/span><\/span><\/div><\/p>\n<div  class='av-social-sharing-box  avia-builder-el-7  el_after_av_hr  el_before_av_hr  '><div class='av-share-box'><h5 class='av-share-link-description av-no-toc '>Compartir esta noticia<\/h5><ul class='av-share-box-list noLightbox'><li class='av-share-link av-social-link-facebook' ><a target=\"_blank\" aria-label=\"Compartir en Facebook\" href='https:\/\/www.facebook.com\/sharer.php?u=https:\/\/radiorevelacionfm.cl\/?p=35263&#038;t=Invitan%20a%20comunidad%20de%20Puerto%20Ays%C3%A9n%20a%20encuentro%20por%20la%20Reforma%20de%20Pensiones%20y%20Pacto%20Fiscal' aria-hidden='false' data-av_icon='\ue8f3' data-av_iconfont='entypo-fontello' title='' data-avia-related-tooltip='Compartir en Facebook' rel=\"noopener\"><span class='avia_hidden_link_text'>Compartir en Facebook<\/span><\/a><\/li><li class='av-share-link av-social-link-twitter' ><a target=\"_blank\" aria-label=\"Compartir en Twitter\" href='https:\/\/twitter.com\/share?text=Invitan%20a%20comunidad%20de%20Puerto%20Ays%C3%A9n%20a%20encuentro%20por%20la%20Reforma%20de%20Pensiones%20y%20Pacto%20Fiscal&#038;url=https:\/\/radiorevelacionfm.cl\/?p=35263' aria-hidden='false' data-av_icon='\ue8f1' data-av_iconfont='entypo-fontello' title='' data-avia-related-tooltip='Compartir en Twitter' rel=\"noopener\"><span class='avia_hidden_link_text'>Compartir en Twitter<\/span><\/a><\/li><li class='av-share-link av-social-link-whatsapp' ><a target=\"_blank\" aria-label=\"Compartir en Whatsapp\" href='https:\/\/api.whatsapp.com\/send?text=https:\/\/radiorevelacionfm.cl\/?p=35263' aria-hidden='false' data-av_icon='\uf232' data-av_iconfont='entypo-fontello' title='' data-avia-related-tooltip='Compartir en Whatsapp' rel=\"noopener\"><span class='avia_hidden_link_text'>Compartir en Whatsapp<\/span><\/a><\/li><li class='av-share-link av-social-link-linkedin' ><a target=\"_blank\" aria-label=\"Compartir en LinkedIn\" href='https:\/\/linkedin.com\/shareArticle?mini=true&#038;title=Invitan%20a%20comunidad%20de%20Puerto%20Ays%C3%A9n%20a%20encuentro%20por%20la%20Reforma%20de%20Pensiones%20y%20Pacto%20Fiscal&#038;url=https:\/\/radiorevelacionfm.cl\/?p=35263' aria-hidden='false' data-av_icon='\ue8fc' data-av_iconfont='entypo-fontello' title='' data-avia-related-tooltip='Compartir en LinkedIn' rel=\"noopener\"><span class='avia_hidden_link_text'>Compartir en LinkedIn<\/span><\/a><\/li><li class='av-share-link av-social-link-mail' ><a  aria-label=\"Compartir por correo\" href='mailto:?subject=Invitan%20a%20comunidad%20de%20Puerto%20Ays%C3%A9n%20a%20encuentro%20por%20la%20Reforma%20de%20Pensiones%20y%20Pacto%20Fiscal&#038;body=https:\/\/radiorevelacionfm.cl\/?p=35263' aria-hidden='false' data-av_icon='\ue805' data-av_iconfont='entypo-fontello' title='' data-avia-related-tooltip='Compartir por correo'><span class='avia_hidden_link_text'>Compartir por correo<\/span><\/a><\/li><\/ul><\/div><\/div>\n<div  style='height:50px' class='hr hr-invisible   avia-builder-el-8  el_after_av_social_share  el_before_av_comments_list '><span class='hr-inner ' ><span class='hr-inner-style'><\/span><\/span><\/div>\n<div  class='av-buildercomment  av-blog-meta-html-info-disabled av-blog-meta-tag-disabled  '><\/div>\n","protected":false},"excerpt":{"rendered":"","protected":false},"author":1,"featured_media":35264,"comment_status":"open","ping_status":"open","sticky":false,"template":"","format":"standard","meta":{"footnotes":""},"categories":[56],"tags":[],"class_list":["post-35263","post","type-post","status-publish","format-standard","has-post-thumbnail","hentry","category-trabajo"],"jetpack_featured_media_url":"https:\/\/radiorevelacionfm.cl\/wp-content\/uploads\/2023\/09\/Dialogo-Pensiones-y-Pacto-Fiscal-1-1-1.jpeg","_links":{"self":[{"href":"https:\/\/radiorevelacionfm.cl\/index.php?rest_route=\/wp\/v2\/posts\/35263","targetHints":{"allow":["GET"]}}],"collection":[{"href":"https:\/\/radiorevelacionfm.cl\/index.php?rest_route=\/wp\/v2\/posts"}],"about":[{"href":"https:\/\/radiorevelacionfm.cl\/index.php?rest_route=\/wp\/v2\/types\/post"}],"author":[{"embeddable":true,"href":"https:\/\/radiorevelacionfm.cl\/index.php?rest_route=\/wp\/v2\/users\/1"}],"replies":[{"embeddable":true,"href":"https:\/\/radiorevelacionfm.cl\/index.php?rest_route=%2Fwp%2Fv2%2Fcomments&post=35263"}],"version-history":[{"count":1,"href":"https:\/\/radiorevelacionfm.cl\/index.php?rest_route=\/wp\/v2\/posts\/35263\/revisions"}],"predecessor-version":[{"id":35265,"href":"https:\/\/radiorevelacionfm.cl\/index.php?rest_route=\/wp\/v2\/posts\/35263\/revisions\/35265"}],"wp:featuredmedia":[{"embeddable":true,"href":"https:\/\/radiorevelacionfm.cl\/index.php?rest_route=\/wp\/v2\/media\/35264"}],"wp:attachment":[{"href":"https:\/\/radiorevelacionfm.cl\/index.php?rest_route=%2Fwp%2Fv2%2Fmedia&parent=35263"}],"wp:term":[{"taxonomy":"category","embeddable":true,"href":"https:\/\/radiorevelacionfm.cl\/index.php?rest_route=%2Fwp%2Fv2%2Fcategories&post=35263"},{"taxonomy":"post_tag","embeddable":true,"href":"https:\/\/radiorevelacionfm.cl\/index.php?rest_route=%2Fwp%2Fv2%2Ftags&post=35263"}],"curies":[{"name":"wp","href":"https:\/\/api.w.org\/{rel}","templated":true}]}}